{"id":79604,"date":"2024-10-15T23:14:51","date_gmt":"2024-10-16T05:14:51","guid":{"rendered":"https:\/\/lamendigapolitica.com\/?p=79604"},"modified":"2024-10-18T23:23:05","modified_gmt":"2024-10-19T05:23:05","slug":"danzantes-reconocen-a-frangie-con-el-baston-de-mando-de-caballero-aguila","status":"publish","type":"post","link":"https:\/\/lamendigapolitica.com\/?p=79604","title":{"rendered":"Danzantes reconocen a Frangie con el Bast\u00f3n de Mando de Caballero \u00c1guila"},"content":{"rendered":"<p><img loading=\"lazy\" decoding=\"async\" class=\"aligncenter size-full wp-image-79605\" src=\"https:\/\/lamendigapolitica.com\/blog\/wp-content\/uploads\/2024\/10\/54064947515_a11e8f34b3_c.jpg\" alt=\"\" width=\"799\" height=\"533\" srcset=\"https:\/\/lamendigapolitica.com\/wp-content\/uploads\/2024\/10\/54064947515_a11e8f34b3_c.jpg 799w, https:\/\/lamendigapolitica.com\/wp-content\/uploads\/2024\/10\/54064947515_a11e8f34b3_c-300x200.jpg 300w, https:\/\/lamendigapolitica.com\/wp-content\/uploads\/2024\/10\/54064947515_a11e8f34b3_c-768x512.jpg 768w, https:\/\/lamendigapolitica.com\/wp-content\/uploads\/2024\/10\/54064947515_a11e8f34b3_c-555x370.jpg 555w\" sizes=\"auto, (max-width: 799px) 100vw, 799px\" \/><\/p>\n<p>Durante la edici\u00f3n 290 de la Romer\u00eda de la Virgen de Zapopan participaron casi 29 mil danzantes<\/p>\n<p>Por ser el esp\u00edritu y alma de La Romer\u00eda, el Presidente Municipal de Zapopan, Juan Jos\u00e9 Frangie Saade, realiz\u00f3 la entrega de reconocimientos a cada uno de los l\u00edderes de los cuatro Cuarteles de Danza que participaron en la edici\u00f3n 290 de La Romer\u00eda 2024.<\/p>\n<p>Teniendo como escenario el atrio de la Bas\u00edlica de Zapopan, el Mun\u00edcipe agradeci\u00f3 a los casi 29 mil danzantes que acompa\u00f1aron a La Generala de regreso a su casa.<!--more--><\/p>\n<p>\u201cGracias por mantener viva esta tradici\u00f3n, gracias por seguir realizando esta celebraci\u00f3n que tiene m\u00e1s de 50 a\u00f1os. El d\u00eda del Danzante ya es parte de la cultura de Jalisco y es parte de la identidad de Zapopan\u201d.<\/p>\n<p>El D\u00eda del Danzante es una festividad cultural y religiosa que se realiza cada a\u00f1o el 13 de octubre, donde las y los danzantes se dan cita en las principales calles del Centro de Zapopan para agradecer y festejar que todo se haya desarrollado de la mejor manera en la Romer\u00eda.<\/p>\n<p>Mar\u00eda G\u00f3mez Rueda, coordinadora general de Construcci\u00f3n de Comunidad y del Operativo 2024 de La Romer\u00eda, reconoci\u00f3 la buena organizaci\u00f3n que se tuvo en La Romer\u00eda.<\/p>\n<p>\u201cPaz y bien. Gracias por seguir haciendo realidad estas tradiciones, paz y bien porque nunca perdamos nuestras tradiciones\u201d.<\/p>\n<p>Por su parte, Mar\u00eda del Socorro Landeros Garc\u00eda, directora general del Cuartel de Danzas Aut\u00f3ctonas de Zapopan, agradeci\u00f3 a la Virgen de Zapopan el permitirles danzar a su lado.<\/p>\n<p>\u201c\u00c9l es Dios. Gracias por dejarnos seguir compartiendo y danzando para nuestra madre Mar\u00eda, ojal\u00e1 y podamos estar a su lado por m\u00e1s a\u00f1os\u201d, concluy\u00f3 Landeros Garc\u00eda.<\/p>\n<p>En esta ceremonia los l\u00edderes de los Cuarteles de Danza entregaron al Presidente Municipal de Zapopan, Juan Jos\u00e9 Frangie Saade, el Bast\u00f3n de Mando de Caballero \u00c1guila, que significa nacimiento y remontar el vuelo, con el cual los Cuarteles de Danza refrendaron su apoyo durante en este comienzo de administraci\u00f3n.<\/p>\n<p>El 27 de septiembre de 2018, el Pleno del Ayuntamiento de Zapopan declar\u00f3 Patrimonio Cultural Inmaterial del Municipio el \u201cD\u00eda del Danzante y las Danzas Tradicionales que Acompa\u00f1an a la Llevada de la Virgen de Zapopan\u201d por su alto valor como patrimonio vivo, donde las comunidades portadoras de la tradici\u00f3n hacen posible el evento a trav\u00e9s de las diferentes expresiones y formas.<\/p>\n<p>Desde inicios del mes de mayo y hasta el 12 de octubre, la Virgen de Zapopan visita m\u00e1s de 180 comunidades parroquiales del \u00c1rea Metropolitana de Guadalajara, adem\u00e1s de monasterios, hospitales, f\u00e1bricas, mercados, etc\u00e9tera, donde participan los grupos de danza durante los recorridos de la imagen.<\/p>\n<p>Como parte de las acciones que tiene el Gobierno de Zapopan para apoyar la econom\u00eda y dar difusi\u00f3n de los Cuarteles de Danza, se organiza en el mes de septiembre el Tianguis del Danzante, cuyo objetivo es la comercializaci\u00f3n de los productos propios para celebrar La Romer\u00eda.<\/p>\n<p>En este espacio que se instala en el parque de la estaci\u00f3n de Zapopan Centro de la L\u00ednea 3, las y los danzantes pueden encontrar indumentaria como arte plumario, art\u00edculos de sonido y calzado, entre otras piezas que enmarcan la procesi\u00f3n religiosa.<\/p>\n","protected":false},"excerpt":{"rendered":"<p>Durante la edici\u00f3n 290 de la Romer\u00eda de la Virgen de Zapopan participaron casi 29 mil danzantes Por ser el esp\u00edritu y alma de La Romer\u00eda, el Presidente Municipal de Zapopan, Juan Jos\u00e9 Frangie Saade, realiz\u00f3 la entrega de reconocimientos a cada uno de los l\u00edderes de los cuatro Cuarteles de Danza que participaron en &hellip; <\/p>\n<p><a class=\"more-link btn\" href=\"https:\/\/lamendigapolitica.com\/?p=79604\">Seguir leyendo<\/a><\/p>\n","protected":false},"author":1,"featured_media":0,"comment_status":"open","ping_status":"closed","sticky":false,"template":"","format":"standard","meta":{"footnotes":""},"categories":[101,26,20,102,3,21,29,27,22,24],"tags":[],"class_list":["post-79604","post","type-post","status-publish","format-standard","hentry","category-cine","category-cultura","category-gobierno","category-municipio","category-politica","category-religion","category-salud","category-seguridad","category-sociales","category-turismo","item-wrap"],"_links":{"self":[{"href":"https:\/\/lamendigapolitica.com\/index.php?rest_route=\/wp\/v2\/posts\/79604","targetHints":{"allow":["GET"]}}],"collection":[{"href":"https:\/\/lamendigapolitica.com\/index.php?rest_route=\/wp\/v2\/posts"}],"about":[{"href":"https:\/\/lamendigapolitica.com\/index.php?rest_route=\/wp\/v2\/types\/post"}],"author":[{"embeddable":true,"href":"https:\/\/lamendigapolitica.com\/index.php?rest_route=\/wp\/v2\/users\/1"}],"replies":[{"embeddable":true,"href":"https:\/\/lamendigapolitica.com\/index.php?rest_route=%2Fwp%2Fv2%2Fcomments&post=79604"}],"version-history":[{"count":1,"href":"https:\/\/lamendigapolitica.com\/index.php?rest_route=\/wp\/v2\/posts\/79604\/revisions"}],"predecessor-version":[{"id":79606,"href":"https:\/\/lamendigapolitica.com\/index.php?rest_route=\/wp\/v2\/posts\/79604\/revisions\/79606"}],"wp:attachment":[{"href":"https:\/\/lamendigapolitica.com\/index.php?rest_route=%2Fwp%2Fv2%2Fmedia&parent=79604"}],"wp:term":[{"taxonomy":"category","embeddable":true,"href":"https:\/\/lamendigapolitica.com\/index.php?rest_route=%2Fwp%2Fv2%2Fcategories&post=79604"},{"taxonomy":"post_tag","embeddable":true,"href":"https:\/\/lamendigapolitica.com\/index.php?rest_route=%2Fwp%2Fv2%2Ftags&post=79604"}],"curies":[{"name":"wp","href":"https:\/\/api.w.org\/{rel}","templated":true}]}}