{"id":79588,"date":"2024-10-12T16:28:57","date_gmt":"2024-10-12T22:28:57","guid":{"rendered":"https:\/\/lamendigapolitica.com\/?p=79588"},"modified":"2024-10-12T16:28:57","modified_gmt":"2024-10-12T22:28:57","slug":"mas-de-dos-millones-de-peregrinos-acompanaron-a-la-generala-de-regreso-a-zapopan","status":"publish","type":"post","link":"https:\/\/lamendigapolitica.com\/?p=79588","title":{"rendered":"M\u00e1s de dos millones de peregrinos acompa\u00f1aron a La Generala de regreso a Zapopan"},"content":{"rendered":"<p><img loading=\"lazy\" decoding=\"async\" class=\"aligncenter size-full wp-image-79589\" src=\"https:\/\/lamendigapolitica.com\/blog\/wp-content\/uploads\/2024\/10\/54062201845_f83c3f1ff9_c.jpg\" alt=\"\" width=\"800\" height=\"534\" srcset=\"https:\/\/lamendigapolitica.com\/wp-content\/uploads\/2024\/10\/54062201845_f83c3f1ff9_c.jpg 800w, https:\/\/lamendigapolitica.com\/wp-content\/uploads\/2024\/10\/54062201845_f83c3f1ff9_c-300x200.jpg 300w, https:\/\/lamendigapolitica.com\/wp-content\/uploads\/2024\/10\/54062201845_f83c3f1ff9_c-768x513.jpg 768w, https:\/\/lamendigapolitica.com\/wp-content\/uploads\/2024\/10\/54062201845_f83c3f1ff9_c-555x370.jpg 555w\" sizes=\"auto, (max-width: 800px) 100vw, 800px\" \/><\/p>\n<p>El recorrido transcurri\u00f3 con saldo blanco y la participaci\u00f3n de m\u00e1s de siete mil funcionarios p\u00fablicos<\/p>\n<p>La Generala de Zapopan arrib\u00f3 a su catedral despu\u00e9s de las 11:30 horas<\/p>\n<p>Con saldo blanco y acompa\u00f1ada por m\u00e1s de 2.5 millones de feligreses, la ma\u00f1ana de este s\u00e1bado La Generala regres\u00f3 a su casa, as\u00ed lo dieron a conocer las autoridades municipales, estatales y eclesi\u00e1sticas al corte final del Operativo Romer\u00eda 2024.<!--more--><\/p>\n<p>Fue poco despu\u00e9s de las 11:30 horas cuando Nuestra Se\u00f1ora de la Expectaci\u00f3n de Zapopan arrib\u00f3 a la Bas\u00edlica en donde se ofreci\u00f3 la tradicional misa de bienvenida.<\/p>\n<p>Durante su intervenci\u00f3n, el Presidente Municipal de Zapopan, Juan Jos\u00e9 Frangie Saade, agradeci\u00f3 a las y los asistentes as\u00ed como a los servidores p\u00fablicos que trabajaron en conjunto para salvaguardar la integridad de las y los romeros.<\/p>\n<p>\u201cSe logr\u00f3 el objetivo con tener un saldo blanco, est\u00e1 edici\u00f3n es la 290 y desde hace nueve a\u00f1os llevamos un saldo blanco en las Romer\u00edas. Tambi\u00e9n queremos agradecerles a todas las familias, ni\u00f1as, ni\u00f1os y j\u00f3venes que asistieron. Gracias, en verdad, por su asistencia\u201d, detall\u00f3 el Alcalde Frangie.<\/p>\n<p>Por su parte, la Alcaldesa del municipio de Guadalajara, Ver\u00f3nica Delgadillo, inform\u00f3 que en el trayecto que le corresponde a su municipio no se registr\u00f3 ning\u00fan tipo de incidencias y se tuvo la participaci\u00f3n de m\u00e1s de tres mil 700 servidores p\u00fablicos.<\/p>\n<p>\u00abEl recorrido se realiz\u00f3 con un saldo blanco. Agradecemos a todos los asistentes este resultado positivo se debe a ustedes quienes realizaron esto de una forma ordenada y en paz, as\u00ed como a los equipos de los municipios y del estado de Jalisco\u201d, expres\u00f3 la Presidenta Municipal de Guadalajara.<\/p>\n<p>La Reina y Madre de Jalisco comienza su recorrido por las principales iglesias del \u00c1rea Metropolitana de Guadalajara durante el mes de mayo, recorriendo as\u00ed 182 templos.<\/p>\n<p>Durante los 9.2 kil\u00f3metros de recorrido, el Organismo P\u00fablico Descentralizado Servicios de Salud del Municipio Zapopan brind\u00f3 un total de 139 atenciones m\u00e9dicas, de las cuales ocho fueron trasladas a la Cruz Verde y al Hospital General de Zapopan (HGZ) para ofrecerles una mejor atenci\u00f3n.<\/p>\n<p>En cambio, el Gobierno de Guadalajara inform\u00f3 que su personal de salud atendi\u00f3 a 101 emergencias m\u00e9dicas, las cuales fueron catalogadas como leves.<\/p>\n<p>El DIF Zapopan inform\u00f3 que durante el recorrido se registraron siete personas extraviadas \u2013seis menores de edad y un adulto mayor\u2013 quienes fueron entregados minutos despu\u00e9s a sus familiares.<\/p>\n<p>La Direcci\u00f3n de Mejoramiento Urbano y de Aseo P\u00fablico del municipio de Zapopan inform\u00f3 que se recolectaron 35 toneladas de basura. La limpieza comenz\u00f3 una vez que el contingente iba pasando.<\/p>\n<p>La Direcci\u00f3n de Inspecci\u00f3n y Vigilancia de Zapopan inform\u00f3 que se instalaron 789 comercios. De \u00e9stos, seis recibieron actas de decomiso por no contar con los permisos correspondientes.<\/p>\n<p>Durante su intervenci\u00f3n, Fray \u00c1ngel Guti\u00e9rrez Ram\u00edrez, ministro provincial de la provincia de los Santos Francisco y Santiago en M\u00e9xico, expres\u00f3 que este a\u00f1o la celebraci\u00f3n eclesi\u00e1stica se realiz\u00f3 con una mayor afluencia debido a que la fecha se cay\u00f3 en fin de semana.<\/p>\n<p>\u201cEsta Romer\u00eda fue m\u00e1s \u00e1gil, m\u00e1s puntual y en esta ocasi\u00f3n est\u00e1 celebraci\u00f3n cay\u00f3 en fin de semana. Entonces, esperamos que hoy y ma\u00f1ana sigan llegando m\u00e1s feligreses a la Bas\u00edlica\u201d.<\/p>\n<p>Durante su participaci\u00f3n, Elizabeth Alcaraz Virgen, subsecretar\u00eda del Interior del Estado de Jalisco, destac\u00f3 que esta celebraci\u00f3n religiosa es la m\u00e1s importante de Jalisco, as\u00ed mismo dio a conocer que por parte del Gobierno del Estado se tuvo la participaci\u00f3n de cuatro mil elementos de diversas dependencias.<\/p>\n<p>Para finalizar, el presb\u00edtero Jes\u00fas Feregrino, de la Arquidi\u00f3cesis de Guadalajara, celebr\u00f3 el trabajo realizado durante la edici\u00f3n de la Romer\u00eda 2024. Destac\u00f3 que a partir de hoy se comienza la planeaci\u00f3n de la Romer\u00eda del pr\u00f3ximo a\u00f1o.<\/p>\n<p>En noviembre de 2018, la Romer\u00eda de la Virgen de Zapopan fue declarada Patrimonio Cultural Inmaterial de la Humanidad durante la XIII sesi\u00f3n del Comit\u00e9 Intergubernamental para la Salvaguardia del Patrimonio Cultural Inmaterial de la Organizaci\u00f3n de las Naciones Unidas para la Educaci\u00f3n, la Ciencia y la Cultura (Unesco, por sus siglas en ingl\u00e9s) reunido en la ciudad de Port Louis, Rep\u00fablica de Mauricio (\u00c1frica).<\/p>\n","protected":false},"excerpt":{"rendered":"<p>El recorrido transcurri\u00f3 con saldo blanco y la participaci\u00f3n de m\u00e1s de siete mil funcionarios p\u00fablicos La Generala de Zapopan arrib\u00f3 a su catedral despu\u00e9s de las 11:30 horas Con saldo blanco y acompa\u00f1ada por m\u00e1s de 2.5 millones de feligreses, la ma\u00f1ana de este s\u00e1bado La Generala regres\u00f3 a su casa, as\u00ed lo dieron &hellip; <\/p>\n<p><a class=\"more-link btn\" href=\"https:\/\/lamendigapolitica.com\/?p=79588\">Seguir leyendo<\/a><\/p>\n","protected":false},"author":1,"featured_media":0,"comment_status":"open","ping_status":"closed","sticky":false,"template":"","format":"standard","meta":{"footnotes":""},"categories":[101,42,97,26,36,45,20,38,102,99,37,21,29,27,22,103,41,24],"tags":[],"class_list":["post-79588","post","type-post","status-publish","format-standard","hentry","category-cine","category-clima","category-comunicacion","category-cultura","category-espectaculos","category-featured","category-gobierno","category-movilidad","category-municipio","category-musica","category-nacional","category-religion","category-salud","category-seguridad","category-sociales","category-teatro","category-tecnologia","category-turismo","item-wrap"],"_links":{"self":[{"href":"https:\/\/lamendigapolitica.com\/index.php?rest_route=\/wp\/v2\/posts\/79588","targetHints":{"allow":["GET"]}}],"collection":[{"href":"https:\/\/lamendigapolitica.com\/index.php?rest_route=\/wp\/v2\/posts"}],"about":[{"href":"https:\/\/lamendigapolitica.com\/index.php?rest_route=\/wp\/v2\/types\/post"}],"author":[{"embeddable":true,"href":"https:\/\/lamendigapolitica.com\/index.php?rest_route=\/wp\/v2\/users\/1"}],"replies":[{"embeddable":true,"href":"https:\/\/lamendigapolitica.com\/index.php?rest_route=%2Fwp%2Fv2%2Fcomments&post=79588"}],"version-history":[{"count":1,"href":"https:\/\/lamendigapolitica.com\/index.php?rest_route=\/wp\/v2\/posts\/79588\/revisions"}],"predecessor-version":[{"id":79590,"href":"https:\/\/lamendigapolitica.com\/index.php?rest_route=\/wp\/v2\/posts\/79588\/revisions\/79590"}],"wp:attachment":[{"href":"https:\/\/lamendigapolitica.com\/index.php?rest_route=%2Fwp%2Fv2%2Fmedia&parent=79588"}],"wp:term":[{"taxonomy":"category","embeddable":true,"href":"https:\/\/lamendigapolitica.com\/index.php?rest_route=%2Fwp%2Fv2%2Fcategories&post=79588"},{"taxonomy":"post_tag","embeddable":true,"href":"https:\/\/lamendigapolitica.com\/index.php?rest_route=%2Fwp%2Fv2%2Ftags&post=79588"}],"curies":[{"name":"wp","href":"https:\/\/api.w.org\/{rel}","templated":true}]}}