{"id":79585,"date":"2024-10-10T16:02:22","date_gmt":"2024-10-10T22:02:22","guid":{"rendered":"https:\/\/lamendigapolitica.com\/?p=79585"},"modified":"2024-10-12T16:10:24","modified_gmt":"2024-10-12T22:10:24","slug":"keanu-reeves-debuta-en-las-carreras-de-autos-profesionales","status":"publish","type":"post","link":"https:\/\/lamendigapolitica.com\/?p=79585","title":{"rendered":"Keanu Reeves debuta en las carreras de autos profesionales"},"content":{"rendered":"<p><img decoding=\"async\" class=\"aligncenter size-full wp-image-79586\" src=\"https:\/\/lamendigapolitica.com\/blog\/wp-content\/uploads\/2024\/10\/kr.jpg\" alt=\"\" \/><\/p>\n<p>AP.\u2014 Keanu Reeves hizo su debut profesional como piloto de autos en un evento en el que el astro de \u201cThe Matrix\u201d corri\u00f3 en la famosa pista de Indianapolis.<\/p>\n<p>Reeves hizo un trompo contra la hierba sin colisionar en la salida de la curva 9 a poco m\u00e1s de la mitad de la carrera de 45 minutos el s\u00e1bado. Volvi\u00f3 a entrar y continu\u00f3 conduciendo, lo que indica que estaba ileso.<\/p>\n<p>Se clasific\u00f3 en el puesto 31 de 35, lleg\u00f3 hasta el puesto 21 y evit\u00f3 con \u00e9xito un accidente en la primera vuelta en la curva 14. Reeves termin\u00f3 en el 25\u00ba lugar.<!--more--><\/p>\n<p>El actor, quien tiene 60 a\u00f1os, compite en Indian\u00e1polis en la Copa Toyota GR, una serie de carreras de Toyota y una serie de apoyo para el evento de autos deportivos Indy 8 Horas del fin de semana. Tuvo una segunda carrera el domingo.<\/p>\n<p>Reeves conduc\u00eda el auto BRZRKR No. 92, que promueve su novela gr\u00e1fica \u201cThe Book of Elsewhere\u201d. Su compa\u00f1ero de equipo era Cody Jones de \u201cDude Perfect\u201d.<\/p>\n<p>Reeves tiene experiencia previa en carreras como ex participante en el Gran Premio Toyota de Long Beach en la carrera de celebridades. Gan\u00f3 el evento en 2009.<\/p>\n<p>Est\u00e1 previsto que asista a la proyecci\u00f3n del 30 aniversario de \u201cSpeed\u201d el martes en Los \u00c1ngeles junto a su coprotagonista Sandra Bullock.<\/p>\n","protected":false},"excerpt":{"rendered":"<p>AP.\u2014 Keanu Reeves hizo su debut profesional como piloto de autos en un evento en el que el astro de \u201cThe Matrix\u201d corri\u00f3 en la famosa pista de Indianapolis. Reeves hizo un trompo contra la hierba sin colisionar en la salida de la curva 9 a poco m\u00e1s de la mitad de la carrera de &hellip; <\/p>\n<p><a class=\"more-link btn\" href=\"https:\/\/lamendigapolitica.com\/?p=79585\">Seguir leyendo<\/a><\/p>\n","protected":false},"author":1,"featured_media":0,"comment_status":"open","ping_status":"closed","sticky":false,"template":"","format":"standard","meta":{"footnotes":""},"categories":[101,97,23,31,38,22,41],"tags":[],"class_list":["post-79585","post","type-post","status-publish","format-standard","hentry","category-cine","category-comunicacion","category-deportes","category-internacional","category-movilidad","category-sociales","category-tecnologia","item-wrap"],"_links":{"self":[{"href":"https:\/\/lamendigapolitica.com\/index.php?rest_route=\/wp\/v2\/posts\/79585","targetHints":{"allow":["GET"]}}],"collection":[{"href":"https:\/\/lamendigapolitica.com\/index.php?rest_route=\/wp\/v2\/posts"}],"about":[{"href":"https:\/\/lamendigapolitica.com\/index.php?rest_route=\/wp\/v2\/types\/post"}],"author":[{"embeddable":true,"href":"https:\/\/lamendigapolitica.com\/index.php?rest_route=\/wp\/v2\/users\/1"}],"replies":[{"embeddable":true,"href":"https:\/\/lamendigapolitica.com\/index.php?rest_route=%2Fwp%2Fv2%2Fcomments&post=79585"}],"version-history":[{"count":1,"href":"https:\/\/lamendigapolitica.com\/index.php?rest_route=\/wp\/v2\/posts\/79585\/revisions"}],"predecessor-version":[{"id":79587,"href":"https:\/\/lamendigapolitica.com\/index.php?rest_route=\/wp\/v2\/posts\/79585\/revisions\/79587"}],"wp:attachment":[{"href":"https:\/\/lamendigapolitica.com\/index.php?rest_route=%2Fwp%2Fv2%2Fmedia&parent=79585"}],"wp:term":[{"taxonomy":"category","embeddable":true,"href":"https:\/\/lamendigapolitica.com\/index.php?rest_route=%2Fwp%2Fv2%2Fcategories&post=79585"},{"taxonomy":"post_tag","embeddable":true,"href":"https:\/\/lamendigapolitica.com\/index.php?rest_route=%2Fwp%2Fv2%2Ftags&post=79585"}],"curies":[{"name":"wp","href":"https:\/\/api.w.org\/{rel}","templated":true}]}}