{"id":79578,"date":"2024-10-07T15:17:29","date_gmt":"2024-10-07T21:17:29","guid":{"rendered":"https:\/\/lamendigapolitica.com\/?p=79578"},"modified":"2024-10-12T15:19:55","modified_gmt":"2024-10-12T21:19:55","slug":"79578","status":"publish","type":"post","link":"https:\/\/lamendigapolitica.com\/?p=79578","title":{"rendered":"Todos los libros y todos los caminos llevan a la FIL Guadalajara"},"content":{"rendered":"<p><img loading=\"lazy\" decoding=\"async\" class=\"aligncenter size-full wp-image-79573\" src=\"https:\/\/lamendigapolitica.com\/blog\/wp-content\/uploads\/2024\/10\/33-1.jpeg\" alt=\"\" width=\"327\" height=\"154\" srcset=\"https:\/\/lamendigapolitica.com\/wp-content\/uploads\/2024\/10\/33-1.jpeg 327w, https:\/\/lamendigapolitica.com\/wp-content\/uploads\/2024\/10\/33-1-300x141.jpeg 300w\" sizes=\"auto, (max-width: 327px) 100vw, 327px\" \/><\/p>\n<p>Con un nutrido programa literario, acad\u00e9mico y cultural, y la presencia de Espa\u00f1a como Invitado de Honor, a la edici\u00f3n 38 de la FIL acudir\u00e1n m\u00e1s de 850 escritores de 43 pa\u00edses, entre ellos el premio Nobel de Literatura Abdulrazak Gurnah<!--more--><\/p>\n<p>&nbsp;<\/p>\n<p>Todo est\u00e1 listo para que comience la Feria Internacional del Libro de Guadalajara (FIL). El encuentro literario y cultural m\u00e1s importante en espa\u00f1ol se llevar\u00e1 a cabo del 30 de noviembre al 8 de diciembre, con la participaci\u00f3n de Espa\u00f1a como Invitado de Honor. Con su edici\u00f3n 38, la FIL Guadalajara se reafirmar\u00e1 como el punto neur\u00e1lgico para los negocios editoriales en Iberoam\u00e9rica, y como la cita ineludible para los profesionales que forman parte de la cadena editorial, as\u00ed como el encuentro literario m\u00e1s importante en su tipo, al que este a\u00f1o se espera que acudan m\u00e1s de 800 mil asistentes, quienes disfrutar\u00e1n de un programa compuesto por m\u00e1s de tres mil actividades literarias, acad\u00e9micas, art\u00edsticas, profesionales, juveniles e infantiles.<\/p>\n<p>&nbsp;<\/p>\n<p>En una conferencia de prensa realizada esta ma\u00f1ana en el Museo de las Artes (MUSA) de la Universidad de Guadalajara (UdeG), se anunci\u00f3 el programa general de actividades 2024. La actividad cont\u00f3 con la presencia de Ricardo Villanueva Lomel\u00ed, rector general de la Universidad de Guadalajara; Jordi Mart\u00ed Grau, secretario de Estado de Cultura de Espa\u00f1a; Marisol Schulz Manaut, directora general y presidenta en funciones de la FIL Guadalajara, as\u00ed como Karla Planter P\u00e9rez, rectora del Centro Universitario de los Altos de la UdeG y coordinadora ejecutiva de FIL Pensamiento, el programa acad\u00e9mico de la Feria<\/p>\n<p>&nbsp;<\/p>\n<p>En esta edici\u00f3n destacadas figuras de la literatura contempor\u00e1nea universal se dar\u00e1n cita para participar en alguno de los programas de la Feria, como el premio Nobel de Literatura tanzano Abdulrazak Gurnah, L\u00e1szl\u00f3 Krasznahorkai, Irene Vallejo, Jordi Sierra i Fabra, Luis Garc\u00eda Montero, Nouri Al-Jarrah, Ioana P\u00e2rvulescu, Dylan Brennan, Claudia Durastanti, Cristina Rivera Garza, Luis Mateo D\u00edez, Elia Barcel\u00f3, Mar\u00eda Due\u00f1as, Sergio Ram\u00edrez, Samuel Shimon, Mar\u00eda Fernanda Ampuero, Antonio Ortu\u00f1o, H\u00e9ctor Abad Faciolince, Gioconda Belli, Joana Marc\u00fas o Alice Kellen, entre m\u00e1s de 850 escritores de 43 pa\u00edses y 19 lenguas.<\/p>\n<p>&nbsp;<\/p>\n<p>Los premios y homenajes son pieza fundamental del programa 2024. El Premio FIL de Literatura en Lenguas Romances 2024 ser\u00e1 entregado al escritor mozambique\u00f1o Mia Couto, mientras que Rosa Montero y Fernando Aramburu abrir\u00e1n el Sal\u00f3n Literario Carlos Fuentes. Tambi\u00e9n tendr\u00e1 presencia el m\u00e1s reciente ganador del Premio Formentor de Literatura, el autor h\u00fangaro L\u00e1szl\u00f3 Krasznahorkai. El Homenaje al M\u00e9rito Editorial ser\u00e1 este a\u00f1o para la editora mexicana Patricia van Rhijn. Jes\u00fas Alberto Arellano recibir\u00e1 el Homenaje al Bibliotecario, mientras que Carmen L\u00f3pez-Portillo obtendr\u00e1 el Homenaje al Bibli\u00f3filo Jos\u00e9 Luis Mart\u00ednez. El Homenaje La Catrina ser\u00e1 para el dibujante mexicano Dar\u00edo Castillejos, en tanto que el Homenaje ArpaFIL estar\u00e1 dedicado al arquitecto espa\u00f1ol I\u00f1aki \u00c1balos.<\/p>\n<p>&nbsp;<\/p>\n<p>A la FIL tambi\u00e9n acudir\u00e1n Ruperta Bautista V\u00e1zquez, ganadora del Premio de Literaturas Ind\u00edgenas de Am\u00e9rica; Valeria Guzm\u00e1n P\u00e9rez, quien obtuvo el Premio de Literatura Ciudad y Naturaleza Jos\u00e9 Emilio Pacheco, as\u00ed como la escritora colombiana Irene Vasco, ganadora del Premio SM de Literatura Infantil y Juvenil. Adem\u00e1s, se entregar\u00e1 el Premio de Literatura Sor Juana In\u00e9s de la Cruz que ser\u00e1 anunciado en las pr\u00f3ximas semanas.<\/p>\n<p>&nbsp;<\/p>\n<p>La literatura creada en otras latitudes tendr\u00e1 una presencia protag\u00f3nica en programas como el Festival de las Letras Europeas, Latinoam\u00e9rica Viva, el Encuentro Internacional de Cuentistas, Galas del Placer de la Lectura, Nombrar a Centroam\u00e9rica porque Centroam\u00e9rica Cuenta y Destina\u00e7\u00e3o Brasil. Asimismo, se tendr\u00e1n diversas mesas de di\u00e1logo donde se presentar\u00e1 la literatura de Chile, Colombia, Quebec, Galicia, Italia, Suecia, Finlandia y el Caribe. El Sal\u00f3n de la Poes\u00eda tambi\u00e9n ser\u00e1 parte de la muestra literaria que arribar\u00e1 a Guadalajara, y ofrecer\u00e1 la participaci\u00f3n de 26 autores provenientes de nueve pa\u00edses.<\/p>\n","protected":false},"excerpt":{"rendered":"<p>Con un nutrido programa literario, acad\u00e9mico y cultural, y la presencia de Espa\u00f1a como Invitado de Honor, a la edici\u00f3n 38 de la FIL acudir\u00e1n m\u00e1s de 850 escritores de 43 pa\u00edses, entre ellos el premio Nobel de Literatura Abdulrazak Gurnah<\/p><p><a class=\"more-link btn\" href=\"https:\/\/lamendigapolitica.com\/?p=79578\">Seguir leyendo<\/a><\/p>\n","protected":false},"author":1,"featured_media":0,"comment_status":"open","ping_status":"closed","sticky":false,"template":"","format":"standard","meta":{"footnotes":""},"categories":[5],"tags":[],"class_list":["post-79578","post","type-post","status-publish","format-standard","hentry","category-partidos","item-wrap"],"_links":{"self":[{"href":"https:\/\/lamendigapolitica.com\/index.php?rest_route=\/wp\/v2\/posts\/79578","targetHints":{"allow":["GET"]}}],"collection":[{"href":"https:\/\/lamendigapolitica.com\/index.php?rest_route=\/wp\/v2\/posts"}],"about":[{"href":"https:\/\/lamendigapolitica.com\/index.php?rest_route=\/wp\/v2\/types\/post"}],"author":[{"embeddable":true,"href":"https:\/\/lamendigapolitica.com\/index.php?rest_route=\/wp\/v2\/users\/1"}],"replies":[{"embeddable":true,"href":"https:\/\/lamendigapolitica.com\/index.php?rest_route=%2Fwp%2Fv2%2Fcomments&post=79578"}],"version-history":[{"count":3,"href":"https:\/\/lamendigapolitica.com\/index.php?rest_route=\/wp\/v2\/posts\/79578\/revisions"}],"predecessor-version":[{"id":79581,"href":"https:\/\/lamendigapolitica.com\/index.php?rest_route=\/wp\/v2\/posts\/79578\/revisions\/79581"}],"wp:attachment":[{"href":"https:\/\/lamendigapolitica.com\/index.php?rest_route=%2Fwp%2Fv2%2Fmedia&parent=79578"}],"wp:term":[{"taxonomy":"category","embeddable":true,"href":"https:\/\/lamendigapolitica.com\/index.php?rest_route=%2Fwp%2Fv2%2Fcategories&post=79578"},{"taxonomy":"post_tag","embeddable":true,"href":"https:\/\/lamendigapolitica.com\/index.php?rest_route=%2Fwp%2Fv2%2Ftags&post=79578"}],"curies":[{"name":"wp","href":"https:\/\/api.w.org\/{rel}","templated":true}]}}