{"id":79575,"date":"2024-10-08T15:12:17","date_gmt":"2024-10-08T21:12:17","guid":{"rendered":"https:\/\/lamendigapolitica.com\/?p=79575"},"modified":"2024-10-12T15:16:17","modified_gmt":"2024-10-12T21:16:17","slug":"termina-obligacion-de-vestir-uniforme-penitenciario-para-mujeres-privadas-de-la-libertad-en-jalisco","status":"publish","type":"post","link":"https:\/\/lamendigapolitica.com\/?p=79575","title":{"rendered":"Termina obligaci\u00f3n de vestir uniforme penitenciario para mujeres privadas de la libertad en Jalisco"},"content":{"rendered":"<p><img loading=\"lazy\" decoding=\"async\" class=\"aligncenter size-full wp-image-79576\" src=\"https:\/\/lamendigapolitica.com\/blog\/wp-content\/uploads\/2024\/10\/carcel.jpg\" alt=\"\" width=\"746\" height=\"504\" srcset=\"https:\/\/lamendigapolitica.com\/wp-content\/uploads\/2024\/10\/carcel.jpg 746w, https:\/\/lamendigapolitica.com\/wp-content\/uploads\/2024\/10\/carcel-300x203.jpg 300w, https:\/\/lamendigapolitica.com\/wp-content\/uploads\/2024\/10\/carcel-555x375.jpg 555w\" sizes=\"auto, (max-width: 746px) 100vw, 746px\" \/><\/p>\n<p>&nbsp;<\/p>\n<p>Este martes, 08 de octubre, inici\u00f3 la vigencia del acuerdo administrativo de las autoridades penitenciarias estatales, con el que cesa la obligaci\u00f3n de vestir uniforme penitenciario para las mujeres privadas de la libertad en reclusorios del sistema penitenciario del Estado de Jalisco. La disposici\u00f3n establece dos excepciones, ropa de colores negro y azul, que corresponden respectivamente a visitas y personal de custodia. Adem\u00e1s, el sistema penitenciario proveer\u00e1 de ropa a las internas en apoyo a quienes enfrenten desventaja econ\u00f3mica.<!--more--><\/p>\n<p>El Director General de Prevenci\u00f3n y Reinserci\u00f3n Social del Estado de Jalisco, Mtro. Jos\u00e9 Antonio P\u00e9rez Ju\u00e1rez, explic\u00f3 que esta medida cumple con lo dispuesto por la Constituci\u00f3n General de los Estados Unidos Mexicanos en su Art\u00edculo Primero, en materia de observancia obligatoria y enunciativa de los derechos humanos, anteponi\u00e9ndolos a cualquier tecnicismo jur\u00eddico.<\/p>\n<p>Agreg\u00f3 que la Convenci\u00f3n Interamericana de los Derechos Humanos, conocida como Pacto de San Jos\u00e9, as\u00ed como las Reglas Mandela, con rango Constitucional, sit\u00faa a los derechos humanos por encima de la Ley particular, como es el caso de la Ley Nacional de Ejecuci\u00f3n Nacional.<\/p>\n<p>El Mtro. P\u00e9rez Ju\u00e1rez a\u00f1adi\u00f3 que Jalisco se somete al imperio de la Ley y a los tratados internacionales y se convierte en el primer Estado de la Rep\u00fablica que ejerce esta medida que deriva de evaluaciones previas de todas las \u00e1rea del sistema penitenciario, incluidas la Jur\u00eddica, la de Salud, con enfoque particular en la salud mental, y la de Seguridad Penitenciaria.<\/p>\n<p>Cabe destacar que esta medida prioriza los derechos humanos de las mujeres privadas de la libertad, pero tambi\u00e9n los derechos y la calidad de vida de sus hijas e hijos, lo que se detect\u00f3 durante las etapas m\u00e1s cr\u00edticas de la pandemia de Covid19, cuando al suspenderse las visitas se implement\u00f3 el servicio institucional de videollamadas y se permiti\u00f3 a las internas vestir ropa distinta al uniforme, para evitar su estigmatizaci\u00f3n ante la mirada de sus hijas o hijos.<\/p>\n<p>El Director General de Prevenci\u00f3n y Reinserci\u00f3n Social indic\u00f3 que esta y otras acciones que han diferenciado positivamente al sistema penitenciario estatal, derivan de la instrucci\u00f3n del Gobernador del Estado, Mtro. Enrique Alfaro Ram\u00edrez, de priorizar en la reinserci\u00f3n social la dignificaci\u00f3n de las internas y de sus hijas e hijos.<\/p>\n<p>Por ello, agreg\u00f3, el sistema penitenciario ha innovado con la primera universidad penitenciaria en M\u00e9xico, con RVOE propio; la primera Escuela Jalisciense de Alebrijes, los conciertos en reclusorios de la Orquesta Filarm\u00f3nica de Jalisco, y acciones similares que han permitido registrar s\u00f3lo 17 reincidencias con condena por delito distinto, luego de m\u00e1s que 25 mil 500 libertades ejecutadas por el sistema penitenciario de Jalisco.<\/p>\n<p>&nbsp;<\/p>\n","protected":false},"excerpt":{"rendered":"<p>&nbsp; Este martes, 08 de octubre, inici\u00f3 la vigencia del acuerdo administrativo de las autoridades penitenciarias estatales, con el que cesa la obligaci\u00f3n de vestir uniforme penitenciario para las mujeres privadas de la libertad en reclusorios del sistema penitenciario del Estado de Jalisco. La disposici\u00f3n establece dos excepciones, ropa de colores negro y azul, que &hellip; <\/p>\n<p><a class=\"more-link btn\" href=\"https:\/\/lamendigapolitica.com\/?p=79575\">Seguir leyendo<\/a><\/p>\n","protected":false},"author":1,"featured_media":0,"comment_status":"open","ping_status":"closed","sticky":false,"template":"","format":"standard","meta":{"footnotes":""},"categories":[20,27,22],"tags":[],"class_list":["post-79575","post","type-post","status-publish","format-standard","hentry","category-gobierno","category-seguridad","category-sociales","item-wrap"],"_links":{"self":[{"href":"https:\/\/lamendigapolitica.com\/index.php?rest_route=\/wp\/v2\/posts\/79575","targetHints":{"allow":["GET"]}}],"collection":[{"href":"https:\/\/lamendigapolitica.com\/index.php?rest_route=\/wp\/v2\/posts"}],"about":[{"href":"https:\/\/lamendigapolitica.com\/index.php?rest_route=\/wp\/v2\/types\/post"}],"author":[{"embeddable":true,"href":"https:\/\/lamendigapolitica.com\/index.php?rest_route=\/wp\/v2\/users\/1"}],"replies":[{"embeddable":true,"href":"https:\/\/lamendigapolitica.com\/index.php?rest_route=%2Fwp%2Fv2%2Fcomments&post=79575"}],"version-history":[{"count":1,"href":"https:\/\/lamendigapolitica.com\/index.php?rest_route=\/wp\/v2\/posts\/79575\/revisions"}],"predecessor-version":[{"id":79577,"href":"https:\/\/lamendigapolitica.com\/index.php?rest_route=\/wp\/v2\/posts\/79575\/revisions\/79577"}],"wp:attachment":[{"href":"https:\/\/lamendigapolitica.com\/index.php?rest_route=%2Fwp%2Fv2%2Fmedia&parent=79575"}],"wp:term":[{"taxonomy":"category","embeddable":true,"href":"https:\/\/lamendigapolitica.com\/index.php?rest_route=%2Fwp%2Fv2%2Fcategories&post=79575"},{"taxonomy":"post_tag","embeddable":true,"href":"https:\/\/lamendigapolitica.com\/index.php?rest_route=%2Fwp%2Fv2%2Ftags&post=79575"}],"curies":[{"name":"wp","href":"https:\/\/api.w.org\/{rel}","templated":true}]}}