{"id":79564,"date":"2024-10-07T14:51:29","date_gmt":"2024-10-07T20:51:29","guid":{"rendered":"https:\/\/lamendigapolitica.com\/?p=79564"},"modified":"2024-10-12T14:57:05","modified_gmt":"2024-10-12T20:57:05","slug":"repunte-de-dengue-a-causa-de-factores-ciclicos","status":"publish","type":"post","link":"https:\/\/lamendigapolitica.com\/?p=79564","title":{"rendered":"Repunte de dengue a causa de factores c\u00edclicos"},"content":{"rendered":"<p><img loading=\"lazy\" decoding=\"async\" class=\"aligncenter size-full wp-image-79565\" src=\"https:\/\/lamendigapolitica.com\/blog\/wp-content\/uploads\/2024\/10\/dengue.jpg\" alt=\"\" width=\"1920\" height=\"1080\" srcset=\"https:\/\/lamendigapolitica.com\/wp-content\/uploads\/2024\/10\/dengue.jpg 1920w, https:\/\/lamendigapolitica.com\/wp-content\/uploads\/2024\/10\/dengue-300x169.jpg 300w, https:\/\/lamendigapolitica.com\/wp-content\/uploads\/2024\/10\/dengue-1024x576.jpg 1024w, https:\/\/lamendigapolitica.com\/wp-content\/uploads\/2024\/10\/dengue-768x432.jpg 768w, https:\/\/lamendigapolitica.com\/wp-content\/uploads\/2024\/10\/dengue-1536x864.jpg 1536w, https:\/\/lamendigapolitica.com\/wp-content\/uploads\/2024\/10\/dengue-555x312.jpg 555w\" sizes=\"auto, (max-width: 1920px) 100vw, 1920px\" \/><\/p>\n<p>&nbsp;<\/p>\n<p>Disminuci\u00f3n de lluvias, la entrada tard\u00eda del temporal de fr\u00edo y los malos h\u00e1bitos de limpieza son elementos clave para el crecimiento de casos de dengue<\/p>\n<p>El dengue, explic\u00f3 el doctor Ezequiel Magall\u00f3n Gastel\u00fam, Director del Instituto Regional de Investigaci\u00f3n en Salud P\u00fablica, del Centro Universitario de Ciencias de la Salud (CUCS) de la UdeG, es una enfermedad provocada por la picadura de dos especies de mosquitos, los cuales incrementan su aparici\u00f3n de forma c\u00edclica por factores clim\u00e1ticos y de higiene.<!--more--><\/p>\n<p>\u201cEl dengue se propaga de manera c\u00edclica. Las temporadas de inicios de lluvia y el final de \u00e9stas, es decir, los meses de septiembre a noviembre siempre son en los que m\u00e1s casos detectados tenemos. Esto se debe a que el agua se estanca con mayor frecuencia, el clima no corresponde a la temporalidad y a que, como sociedad, no tenemos consciencia de la limpieza adecuada para que no se incremente el n\u00famero de mosquitos\u201d, a\u00f1adi\u00f3.<\/p>\n<p>&nbsp;<\/p>\n<p>Los programas de gobierno son adecuados, pero no solucionan la propagaci\u00f3n del virus, puesto que la mayor\u00eda de las veces es en los hogares donde se tiene el cultivo de zancudos.<\/p>\n<p>&nbsp;<\/p>\n<p>\u201cComo sociedad culpamos al gobierno del alto n\u00famero de casos de dengue, pero no somos responsables de limpiar nuestros patios, tapar y echar agua a las alcantarillas, limpiar piletas, abrir las puertas a los brigadistas para que revisen y coloquen insecticida, y mantener las medidas recomendadas para que no tengamos un exceso de mosquitos que puedan propagar el dengue\u201d, subray\u00f3 Magall\u00f3n Gast\u00e9lum.<\/p>\n<p>&nbsp;<\/p>\n<p>El incremento de dengue se da en mayor medida en menores de edad y mujeres, debido a que por lo general pasan m\u00e1s tiempo en casa o en espacios donde hay proliferaci\u00f3n de mosquitos; tambi\u00e9n en personas con malos h\u00e1bitos alimenticios o consumen mucho alcohol.<\/p>\n<p>&nbsp;<\/p>\n<p>Los casos de dengue tambi\u00e9n se incrementan de forma c\u00edclica, pero con \u00e9stos tambi\u00e9n suben los casos de zika y, en menor medida, de chikungunya, enfermedades que generan los mismos s\u00edntomas base.<\/p>\n<p>&nbsp;<\/p>\n<p>\u201cEl tiempo de incubaci\u00f3n del virus en el cuerpo es muy poco, pr\u00e1cticamente se puede realizar la prueba ant\u00edgenos a las 48 horas del primer s\u00edntoma y tener un resultado exacto. Como recomendaci\u00f3n, es importante hacerse la prueba en los primeros tres d\u00edas, puesto que pasados cinco d\u00edas puede que la carga viral haya bajado y s\u00f3lo se contemple que existi\u00f3 contagio, pero no se puede detectar si es dengue o alguna otra enfermedad de la misma familia\u201d, alert\u00f3 Magall\u00f3n Gast\u00e9lum.<\/p>\n<p>&nbsp;<\/p>\n<p>Los s\u00edntomas que se tienen al contraer dengue, zika o chikungunya son: dolor de cuerpo, escalofr\u00edos, fiebre; en algunas ocasiones salpullido, o manchas en la piel. Para realizarse pruebas NS1 se puede acceder a los servicios de salud estatales, o en las \u00e1reas de Urgencias de los dos hospitales civiles de Guadalajara.<\/p>\n<p>&nbsp;<\/p>\n","protected":false},"excerpt":{"rendered":"<p>&nbsp; Disminuci\u00f3n de lluvias, la entrada tard\u00eda del temporal de fr\u00edo y los malos h\u00e1bitos de limpieza son elementos clave para el crecimiento de casos de dengue El dengue, explic\u00f3 el doctor Ezequiel Magall\u00f3n Gastel\u00fam, Director del Instituto Regional de Investigaci\u00f3n en Salud P\u00fablica, del Centro Universitario de Ciencias de la Salud (CUCS) de la &hellip; <\/p>\n<p><a class=\"more-link btn\" href=\"https:\/\/lamendigapolitica.com\/?p=79564\">Seguir leyendo<\/a><\/p>\n","protected":false},"author":1,"featured_media":0,"comment_status":"open","ping_status":"closed","sticky":false,"template":"","format":"standard","meta":{"footnotes":""},"categories":[42,43,20,29,27,22],"tags":[],"class_list":["post-79564","post","type-post","status-publish","format-standard","hentry","category-clima","category-ecologia","category-gobierno","category-salud","category-seguridad","category-sociales","item-wrap"],"_links":{"self":[{"href":"https:\/\/lamendigapolitica.com\/index.php?rest_route=\/wp\/v2\/posts\/79564","targetHints":{"allow":["GET"]}}],"collection":[{"href":"https:\/\/lamendigapolitica.com\/index.php?rest_route=\/wp\/v2\/posts"}],"about":[{"href":"https:\/\/lamendigapolitica.com\/index.php?rest_route=\/wp\/v2\/types\/post"}],"author":[{"embeddable":true,"href":"https:\/\/lamendigapolitica.com\/index.php?rest_route=\/wp\/v2\/users\/1"}],"replies":[{"embeddable":true,"href":"https:\/\/lamendigapolitica.com\/index.php?rest_route=%2Fwp%2Fv2%2Fcomments&post=79564"}],"version-history":[{"count":1,"href":"https:\/\/lamendigapolitica.com\/index.php?rest_route=\/wp\/v2\/posts\/79564\/revisions"}],"predecessor-version":[{"id":79566,"href":"https:\/\/lamendigapolitica.com\/index.php?rest_route=\/wp\/v2\/posts\/79564\/revisions\/79566"}],"wp:attachment":[{"href":"https:\/\/lamendigapolitica.com\/index.php?rest_route=%2Fwp%2Fv2%2Fmedia&parent=79564"}],"wp:term":[{"taxonomy":"category","embeddable":true,"href":"https:\/\/lamendigapolitica.com\/index.php?rest_route=%2Fwp%2Fv2%2Fcategories&post=79564"},{"taxonomy":"post_tag","embeddable":true,"href":"https:\/\/lamendigapolitica.com\/index.php?rest_route=%2Fwp%2Fv2%2Ftags&post=79564"}],"curies":[{"name":"wp","href":"https:\/\/api.w.org\/{rel}","templated":true}]}}