{"id":79558,"date":"2024-10-07T14:09:15","date_gmt":"2024-10-07T20:09:15","guid":{"rendered":"https:\/\/lamendigapolitica.com\/?p=79558"},"modified":"2024-10-12T14:16:25","modified_gmt":"2024-10-12T20:16:25","slug":"zapopan-espera-a-mas-de-dos-millones-200-mil-fieles-para-la-romeria-2024","status":"publish","type":"post","link":"https:\/\/lamendigapolitica.com\/?p=79558","title":{"rendered":"Zapopan espera a m\u00e1s de dos millones 200 mil fieles para la Romer\u00eda 2024"},"content":{"rendered":"<p><img loading=\"lazy\" decoding=\"async\" class=\"aligncenter size-full wp-image-79559\" src=\"https:\/\/lamendigapolitica.com\/blog\/wp-content\/uploads\/2024\/10\/54050551494_72bc042ea1_c.jpg\" alt=\"\" width=\"799\" height=\"533\" srcset=\"https:\/\/lamendigapolitica.com\/wp-content\/uploads\/2024\/10\/54050551494_72bc042ea1_c.jpg 799w, https:\/\/lamendigapolitica.com\/wp-content\/uploads\/2024\/10\/54050551494_72bc042ea1_c-300x200.jpg 300w, https:\/\/lamendigapolitica.com\/wp-content\/uploads\/2024\/10\/54050551494_72bc042ea1_c-768x512.jpg 768w, https:\/\/lamendigapolitica.com\/wp-content\/uploads\/2024\/10\/54050551494_72bc042ea1_c-555x370.jpg 555w\" sizes=\"auto, (max-width: 799px) 100vw, 799px\" \/><\/p>\n<p>La coordinaci\u00f3n entre los tres niveles de Gobierno operar\u00e1 con m\u00e1s de cinco mil 500 elementos de diversas corporaciones<\/p>\n<p>Por primera vez, las y los comerciantes del Centro Hist\u00f3rico de Zapopan podr\u00e1n trabajar el d\u00eda 12 de octubre<\/p>\n<p>Est\u00e1 listo el plan general de seguridad para la Romer\u00eda 2024 que coordina a las autoridades de los tres niveles de Gobierno. En la estrategia colaboran la Arquidi\u00f3cesis de Guadalajara, as\u00ed como la comunidad Franciscana de los santos Francisco y Santiago, con esto se busca garantizar la seguridad, salud y atenci\u00f3n de las y los asistentes al regreso de la Virgen de Zapopan a su Bas\u00edlica.<!--more--><\/p>\n<p>A lo largo de los 9.2 kil\u00f3metros de recorrido, de los que 1.96 corresponden a Zapopan, habr\u00e1 m\u00e1s de cinco mil 500 servidores p\u00fablicos, entre Gobierno de Zapopan y de Guadalajara, con el trabajo de 790 unidades.<\/p>\n<p>V\u00edctor Hugo Rold\u00e1n Guerrero, titular de la Unidad Estatal de Protecci\u00f3n Civil y Bomberos de Jalisco, detall\u00f3: \u201cPor parte de esta unidad estatal estar\u00e1n trabajando 80 compa\u00f1eros en los tres turnos que tenemos programados. Por parte de SAMU, contaremos con un puesto m\u00e9dico avanzado, as\u00ed como tambi\u00e9n por parte de la Secretar\u00eda de Transporte los cierres en MiTren y rutas de transporte. En MiTren tendremos cierres en la l\u00ednea 1, 2 y en la l\u00ednea 3\u201d, agreg\u00f3 el comandante.<\/p>\n<p>Los cierres viales que inician en Zapopan ser\u00e1n a partir del jueves 10 de octubre, mientras que en el Centro Hist\u00f3rico de Guadalajara ser\u00e1 desde el viernes 11 de octubre, donde las rutas que circulan o cruzan por Avenida Vallarta, Uni\u00f3n y Am\u00e9ricas detendr\u00e1n su recorrido durante el paso del contingente en estas v\u00edas.<\/p>\n<p>El Presidente Municipal de Zapopan, Juan Jos\u00e9 Frangie Saade, confirm\u00f3 que, por primera vez, en esta edici\u00f3n 290 de la Romer\u00eda el comercio cercano a la Bas\u00edlica de Zapopan podr\u00e1 estar abierto al p\u00fablico. El resto de comercios, como en el Andador 20 de noviembre y la venta de m\u00e1s de 600 semifijos y ambulantes podr\u00e1 iniciar operaciones despu\u00e9s de la misa en la Bas\u00edlica.<\/p>\n<p>\u201cLa avenida Hidalgo y la cabecera del Centro permanecer\u00e1n cerradas hasta el domingo 13 por motivos del danzante. Y quiero mencionarles que, por primera vez, a diferencia de otros a\u00f1os, se le va a permitir abrir a todos los comerciantes ubicados en avenida Hidalgo hacia el norte de la ciudad para que puedan aprovechar tanta gente que viene para que se beneficie con su econom\u00eda. Y tambi\u00e9n esperamos que por ser un fin de semana que esperamos m\u00e1s de 2 millones 200 mil personas\u201d, agreg\u00f3.<\/p>\n<p>Frangie detall\u00f3 que estar\u00e1 prohibida la venta de alcohol en botellas cerradas o consumo para llevar, as\u00ed como la venta en tiendas de conveniencia y autoservicios en el pol\u00edgono de Perif\u00e9rico a Patria, desde el viernes 11 a las 20 horas hasta el s\u00e1bado 12 a las 23:59 horas.<\/p>\n<p>El Gobierno de Zapopan contempla la llegada de casi 29 mil danzantes provenientes del Estado de M\u00e9xico, Ciudad de M\u00e9xico, Michoac\u00e1n, Quer\u00e9taro, Zacatecas y Colima.<\/p>\n<p>Por su parte, el cardenal Juan Francisco Robles Ortega enfatiz\u00f3 que el mensaje de la Virgen Mar\u00eda es reforzar la uni\u00f3n y la empat\u00eda.<\/p>\n<p>\u201cMar\u00eda nos recuerda nuestra condici\u00f3n de peregrinos en esta vida y la Romer\u00eda nos recuerda la experiencia de que en esta vida tenemos que ir caminando juntos de la mano, entendi\u00e9ndonos y preocup\u00e1ndonos unos de otros, atendiendo las necesidades especialmente de aquellos que m\u00e1s necesitan para poder hacer el camino de la vida\u201d, expus\u00f3 el arzobispo.<\/p>\n<p>La presidenta Municipal de Guadalajara, Ver\u00f3nica Delgadillo, detall\u00f3 que ser\u00e1n m\u00e1s de tres mil elementos de diversas \u00e1reas para el resguardo de seguridad y 690 unidades al servicio de las y los asistentes, a quienes les solicit\u00f3 cuidar de los espacios y participar en la sana convivencia.<\/p>\n<p>\u201cLas y los invitamos nuevamente a ver a Guadalajara como nuestra casa, nuestra casa en com\u00fan, nuestra casa compartida. Y si Guadalajara es nuestra casa, invito a que todas y todos tambi\u00e9n la cuidemos. En esta celebraci\u00f3n tambi\u00e9n las personas que acudan a disfrutar de ella van a jugar un papel fundamental para que se pueda disfrutar, cuidar del espacio p\u00fablico, cuidar de la armon\u00eda, cuidar del orden, cuidar de la sana convivencia. Y si hacemos esto en conjunto por parte de las autoridades aqu\u00ed representadas y tambi\u00e9n por parte de la ciudadan\u00eda, yo estoy convencida que ser\u00e1 un gran evento, que la romer\u00eda va a dejar una huella muy positiva para la ciudad\u201d, agreg\u00f3.<\/p>\n<p>Los cierres viales incluyen las calles: Hidalgo, Aurelio Ortega, Mariano Matamoros, Javier Mina, Eva Brise\u00f1o, Am\u00e9ricas, Laureles y Juan Pablo II.<\/p>\n<p>Ajustes en servicios de transporte p\u00fablico<\/p>\n<p>Estaci\u00f3n Ju\u00e1rez, donde el acceso permanecer\u00e1 cerrado a partir de las 5:00 horas y hasta que pase el contingente.<\/p>\n<p>Estaci\u00f3n Guadalajara Centro: donde desde el 11 de octubre permanecer\u00e1 cerrado el ingreso por Plaza de Armas y el d\u00eda 12:00 la estaci\u00f3n permanecer\u00e1 cerrada hasta las 16:00 horas.<\/p>\n<p>Estaci\u00f3n Patria: el 12 de octubre de las 5:00 a las 14:00 horas permanecer\u00e1 cerrado.<\/p>\n<p>Estaci\u00f3n Zapopan Centro: permanecer\u00e1 cerrado de las 5:00 a las 14:00 horas.<\/p>\n","protected":false},"excerpt":{"rendered":"<p>La coordinaci\u00f3n entre los tres niveles de Gobierno operar\u00e1 con m\u00e1s de cinco mil 500 elementos de diversas corporaciones Por primera vez, las y los comerciantes del Centro Hist\u00f3rico de Zapopan podr\u00e1n trabajar el d\u00eda 12 de octubre Est\u00e1 listo el plan general de seguridad para la Romer\u00eda 2024 que coordina a las autoridades de &hellip; <\/p>\n<p><a class=\"more-link btn\" href=\"https:\/\/lamendigapolitica.com\/?p=79558\">Seguir leyendo<\/a><\/p>\n","protected":false},"author":1,"featured_media":0,"comment_status":"open","ping_status":"closed","sticky":false,"template":"","format":"standard","meta":{"footnotes":""},"categories":[101,42,1,97,26,43,30,36,20,38,102,37,5,21,29,27,22,103,24],"tags":[],"class_list":["post-79558","post","type-post","status-publish","format-standard","hentry","category-cine","category-clima","category-columnista","category-comunicacion","category-cultura","category-ecologia","category-economia","category-espectaculos","category-gobierno","category-movilidad","category-municipio","category-nacional","category-partidos","category-religion","category-salud","category-seguridad","category-sociales","category-teatro","category-turismo","item-wrap"],"_links":{"self":[{"href":"https:\/\/lamendigapolitica.com\/index.php?rest_route=\/wp\/v2\/posts\/79558","targetHints":{"allow":["GET"]}}],"collection":[{"href":"https:\/\/lamendigapolitica.com\/index.php?rest_route=\/wp\/v2\/posts"}],"about":[{"href":"https:\/\/lamendigapolitica.com\/index.php?rest_route=\/wp\/v2\/types\/post"}],"author":[{"embeddable":true,"href":"https:\/\/lamendigapolitica.com\/index.php?rest_route=\/wp\/v2\/users\/1"}],"replies":[{"embeddable":true,"href":"https:\/\/lamendigapolitica.com\/index.php?rest_route=%2Fwp%2Fv2%2Fcomments&post=79558"}],"version-history":[{"count":1,"href":"https:\/\/lamendigapolitica.com\/index.php?rest_route=\/wp\/v2\/posts\/79558\/revisions"}],"predecessor-version":[{"id":79560,"href":"https:\/\/lamendigapolitica.com\/index.php?rest_route=\/wp\/v2\/posts\/79558\/revisions\/79560"}],"wp:attachment":[{"href":"https:\/\/lamendigapolitica.com\/index.php?rest_route=%2Fwp%2Fv2%2Fmedia&parent=79558"}],"wp:term":[{"taxonomy":"category","embeddable":true,"href":"https:\/\/lamendigapolitica.com\/index.php?rest_route=%2Fwp%2Fv2%2Fcategories&post=79558"},{"taxonomy":"post_tag","embeddable":true,"href":"https:\/\/lamendigapolitica.com\/index.php?rest_route=%2Fwp%2Fv2%2Ftags&post=79558"}],"curies":[{"name":"wp","href":"https:\/\/api.w.org\/{rel}","templated":true}]}}