{"id":79539,"date":"2024-10-04T21:09:37","date_gmt":"2024-10-05T03:09:37","guid":{"rendered":"https:\/\/lamendigapolitica.com\/?p=79539"},"modified":"2024-10-06T21:20:21","modified_gmt":"2024-10-07T03:20:21","slug":"arte-urbano-se-proyecta-en-el-musa","status":"publish","type":"post","link":"https:\/\/lamendigapolitica.com\/?p=79539","title":{"rendered":"Arte urbano se proyecta en el MUSA"},"content":{"rendered":"<p><img loading=\"lazy\" decoding=\"async\" class=\"aligncenter size-full wp-image-79540\" src=\"https:\/\/lamendigapolitica.com\/blog\/wp-content\/uploads\/2024\/10\/Captura-de-pantalla-2024-10-06-a-las-21.17.53.png\" alt=\"\" width=\"2094\" height=\"1342\" srcset=\"https:\/\/lamendigapolitica.com\/wp-content\/uploads\/2024\/10\/Captura-de-pantalla-2024-10-06-a-las-21.17.53.png 2094w, https:\/\/lamendigapolitica.com\/wp-content\/uploads\/2024\/10\/Captura-de-pantalla-2024-10-06-a-las-21.17.53-300x192.png 300w, https:\/\/lamendigapolitica.com\/wp-content\/uploads\/2024\/10\/Captura-de-pantalla-2024-10-06-a-las-21.17.53-1024x656.png 1024w, https:\/\/lamendigapolitica.com\/wp-content\/uploads\/2024\/10\/Captura-de-pantalla-2024-10-06-a-las-21.17.53-768x492.png 768w, https:\/\/lamendigapolitica.com\/wp-content\/uploads\/2024\/10\/Captura-de-pantalla-2024-10-06-a-las-21.17.53-1536x984.png 1536w, https:\/\/lamendigapolitica.com\/wp-content\/uploads\/2024\/10\/Captura-de-pantalla-2024-10-06-a-las-21.17.53-2048x1313.png 2048w, https:\/\/lamendigapolitica.com\/wp-content\/uploads\/2024\/10\/Captura-de-pantalla-2024-10-06-a-las-21.17.53-555x356.png 555w\" sizes=\"auto, (max-width: 2094px) 100vw, 2094px\" \/><\/p>\n<p>&nbsp;<\/p>\n<p>Del 4 de octubre al 1 de diciembre podr\u00e1n apreciarse los murales de m\u00e1s de 20 artistas urbanos, del programa Artistas en Residencia 2024<\/p>\n<p>El Museo de las Artes (MUSA) de la Universidad de Guadalajara (UdeG) concluy\u00f3, el pasado 29 de septiembre, su programa Artistas en Residencia 2024, cuyo proyecto se titul\u00f3 Tomar los muros. El resultado del trabajo realizado por m\u00e1s de 20 artistas urbanos ser\u00e1 expuesto del 4 de octubre al 1 de diciembre en los salones 6 y 7 del recinto.<!--more--><\/p>\n<p>Las obras fueron creadas por el colectivo Femtastical, integrado por \u201cPucky\u201d Karen Puente, Abril O Gonz\u00e1lez, Araceli Santana, Citlalli Murillo, Citlalli HG, Claudia Lomur, Elisa Aceves, Lichita Quintero, Marcha, Paloma Andrade, Paulette Valle y Yossy del Mar; G.O.D. Crew, Mestizos Collective, conformado por los hermanos Marco Antonio y Jaime V\u00e1zquez Jim\u00e9nez; Adnan Galva, Jorge Flores \u201cOzz\u201d, Fixe VRS, Oliver Casillas Z. y Sof\u00eda M. Villegas.<\/p>\n<p>&nbsp;<\/p>\n<p>Pucky, creadora del colectivo Femtastical, dijo que adentrarse en un espacio tan importante para la sociedad como lo es el MUSA y usarlo como plataforma para visibilizar a las creadoras, es fenomenalmente necesario.<\/p>\n<p>&nbsp;<\/p>\n<p>\u201cNuestro mural habla de las musas que nos hemos convertido en creadoras, desde aquellas pensadoras hasta la primera astronauta y llegando a la utop\u00eda de la mujer como un ser del arte, la creaci\u00f3n y las acciones. Estar en el mismo recinto que Orozco es toda una dualidad, la creaci\u00f3n de un hombre y la revelaci\u00f3n de las mujeres compartiendo recinto\u201d, declar\u00f3.<\/p>\n<p>&nbsp;<\/p>\n<p>A\u00f1adi\u00f3 que el mural colaborativo que realizaron cuenta con c\u00f3digos QR que llevan a un enlace para fotograf\u00edas que permiten interactuar de manera creativa como musas o creadoras, el cual ha sido realizado por el mismo equipo.<\/p>\n<p>&nbsp;<\/p>\n<p>Sobre la din\u00e1mica que existi\u00f3 entre los artistas residentes, Marco Antonio V\u00e1zquez Jim\u00e9nez se\u00f1al\u00f3 que fue muy enriquecedor, puesto que descubrir y compartir procesos creativos aporta en el aprendizaje de diversas t\u00e9cnicas y perspectivas de trabajo.<\/p>\n<p>&nbsp;<\/p>\n<p>Agreg\u00f3 que llevar el arte urbano al museo tiene un tinte objetivo, pues aunque el muralismo es una actividad muy social, al estar en la calle no existe el tiempo para que la gente se acerque de manera apreciativa, algo que s\u00ed existe en los espacios confinados a la cultura.<\/p>\n<p>&nbsp;<\/p>\n<p>La exposici\u00f3n se compone de los murales De musas a creadoras, de Femtastical; VF-1S RED, de Fixe VRS; In my zone y V\u00ednculos, de Jorge Ozz; Disidencia, de Mestizos Collective; \u00bf\u00c1guilas o zopilotes? Alegor\u00eda al muralismo mexicanx, de Oliver Casillas y Sof\u00eda M. Villegas; Guardianes en el jard\u00edn de flores, de Adnan Galva y Sin t\u00edtulo, de G.O.D. Crew.<\/p>\n<p>&nbsp;<\/p>\n<p>El Vicerrector de la UdeG, doctor H\u00e9ctor Ra\u00fal Sol\u00eds Gadea, expuso que \u201clas residencias han brindado trabajos excepcionales por diez a\u00f1os. En esta ocasi\u00f3n, acercaron al p\u00fablico el arte callejero y pudieron llevar diversos temas de inter\u00e9s social a los muros del MUSA\u201d.<\/p>\n<p>&nbsp;<\/p>\n<p>El horario del museo es de martes a s\u00e1bado, de 10:00 a 18:00 horas y domingos, de 10:00 a 15:00 horas.<\/p>\n<p>&nbsp;<\/p>\n","protected":false},"excerpt":{"rendered":"<p>&nbsp; Del 4 de octubre al 1 de diciembre podr\u00e1n apreciarse los murales de m\u00e1s de 20 artistas urbanos, del programa Artistas en Residencia 2024 El Museo de las Artes (MUSA) de la Universidad de Guadalajara (UdeG) concluy\u00f3, el pasado 29 de septiembre, su programa Artistas en Residencia 2024, cuyo proyecto se titul\u00f3 Tomar los &hellip; <\/p>\n<p><a class=\"more-link btn\" href=\"https:\/\/lamendigapolitica.com\/?p=79539\">Seguir leyendo<\/a><\/p>\n","protected":false},"author":1,"featured_media":0,"comment_status":"open","ping_status":"closed","sticky":false,"template":"","format":"standard","meta":{"footnotes":""},"categories":[101,97,26,28,36,20,22,103,106],"tags":[],"class_list":["post-79539","post","type-post","status-publish","format-standard","hentry","category-cine","category-comunicacion","category-cultura","category-educacion","category-espectaculos","category-gobierno","category-sociales","category-teatro","category-universidad","item-wrap"],"_links":{"self":[{"href":"https:\/\/lamendigapolitica.com\/index.php?rest_route=\/wp\/v2\/posts\/79539","targetHints":{"allow":["GET"]}}],"collection":[{"href":"https:\/\/lamendigapolitica.com\/index.php?rest_route=\/wp\/v2\/posts"}],"about":[{"href":"https:\/\/lamendigapolitica.com\/index.php?rest_route=\/wp\/v2\/types\/post"}],"author":[{"embeddable":true,"href":"https:\/\/lamendigapolitica.com\/index.php?rest_route=\/wp\/v2\/users\/1"}],"replies":[{"embeddable":true,"href":"https:\/\/lamendigapolitica.com\/index.php?rest_route=%2Fwp%2Fv2%2Fcomments&post=79539"}],"version-history":[{"count":1,"href":"https:\/\/lamendigapolitica.com\/index.php?rest_route=\/wp\/v2\/posts\/79539\/revisions"}],"predecessor-version":[{"id":79541,"href":"https:\/\/lamendigapolitica.com\/index.php?rest_route=\/wp\/v2\/posts\/79539\/revisions\/79541"}],"wp:attachment":[{"href":"https:\/\/lamendigapolitica.com\/index.php?rest_route=%2Fwp%2Fv2%2Fmedia&parent=79539"}],"wp:term":[{"taxonomy":"category","embeddable":true,"href":"https:\/\/lamendigapolitica.com\/index.php?rest_route=%2Fwp%2Fv2%2Fcategories&post=79539"},{"taxonomy":"post_tag","embeddable":true,"href":"https:\/\/lamendigapolitica.com\/index.php?rest_route=%2Fwp%2Fv2%2Ftags&post=79539"}],"curies":[{"name":"wp","href":"https:\/\/api.w.org\/{rel}","templated":true}]}}