{"id":79536,"date":"2024-10-03T21:00:47","date_gmt":"2024-10-04T03:00:47","guid":{"rendered":"https:\/\/lamendigapolitica.com\/?p=79536"},"modified":"2024-10-06T21:08:40","modified_gmt":"2024-10-07T03:08:40","slug":"anticipan-meteorologos-del-iam-cierre-de-ano-seco-y-frio","status":"publish","type":"post","link":"https:\/\/lamendigapolitica.com\/?p=79536","title":{"rendered":"Anticipan meteor\u00f3logos del IAM cierre de a\u00f1o seco y fr\u00edo"},"content":{"rendered":"<p><img loading=\"lazy\" decoding=\"async\" class=\"aligncenter size-full wp-image-79537\" src=\"https:\/\/lamendigapolitica.com\/blog\/wp-content\/uploads\/2024\/10\/Captura-de-pantalla-2024-10-06-a-las-21.05.55.png\" alt=\"\" width=\"2058\" height=\"1410\" srcset=\"https:\/\/lamendigapolitica.com\/wp-content\/uploads\/2024\/10\/Captura-de-pantalla-2024-10-06-a-las-21.05.55.png 2058w, https:\/\/lamendigapolitica.com\/wp-content\/uploads\/2024\/10\/Captura-de-pantalla-2024-10-06-a-las-21.05.55-300x206.png 300w, https:\/\/lamendigapolitica.com\/wp-content\/uploads\/2024\/10\/Captura-de-pantalla-2024-10-06-a-las-21.05.55-1024x702.png 1024w, https:\/\/lamendigapolitica.com\/wp-content\/uploads\/2024\/10\/Captura-de-pantalla-2024-10-06-a-las-21.05.55-768x526.png 768w, https:\/\/lamendigapolitica.com\/wp-content\/uploads\/2024\/10\/Captura-de-pantalla-2024-10-06-a-las-21.05.55-1536x1052.png 1536w, https:\/\/lamendigapolitica.com\/wp-content\/uploads\/2024\/10\/Captura-de-pantalla-2024-10-06-a-las-21.05.55-2048x1403.png 2048w, https:\/\/lamendigapolitica.com\/wp-content\/uploads\/2024\/10\/Captura-de-pantalla-2024-10-06-a-las-21.05.55-555x380.png 555w\" sizes=\"auto, (max-width: 2058px) 100vw, 2058px\" \/><\/p>\n<p>Investigadores pronostican la consolidaci\u00f3n de \u201cLa Ni\u00f1a\u201d el resto del a\u00f1o, con meses m\u00e1s secos y entrada de masas polares<\/p>\n<p>Los investigadores del Instituto de Astronom\u00eda y Meteorolog\u00eda (IAM), adscrito al Centro Universitario de Ciencias Exactas e Ingenier\u00edas (CUCEI) de la UdeG, confirmaron los pron\u00f3sticos de la temporada de lluvias del tercer trimestre del a\u00f1o, con retraso, aunque con precipitaciones por encima del promedio. Para el resto del a\u00f1o adelantaron decremento de lluvias y un invierno m\u00e1s seco y fr\u00edo que en otras temporadas.<\/p>\n<p>El maestro Mauricio L\u00f3pez Reyes, meteor\u00f3logo operativo del IAM, dijo que las proyecciones se acercaron en lo general al comportamiento ocurrido durante el temporal.<!--more--><\/p>\n<p>&nbsp;<\/p>\n<p>\u201cNo se puede calificar de acertado el inicio, pero s\u00ed en un rango aceptable de precisi\u00f3n; adem\u00e1s de que, con meses, vislumbramos el retraso de las lluvias. En los meses de julio y agosto adelantamos lluvias copiosas, aunque no se registraron las cantidades especificadas, pero s\u00ed con un balance acertado\u201d, inform\u00f3.<\/p>\n<p>&nbsp;<\/p>\n<p>El maestro Julio Zamora Salvador, meteor\u00f3logo del IAM, confirm\u00f3 la proximidad en la precipitaci\u00f3n, puesto que los modelos arrojaron una precipitaci\u00f3n de aproximadamente 857 mil\u00edmetros, pero en la estaci\u00f3n meteorol\u00f3gica analizaron 900.1 mil\u00edmetros de lluvia.<\/p>\n<p>&nbsp;<\/p>\n<p>\u201cEsto significa que vamos dentro de la media, o por arriba, de estos valores\u201d, declar\u00f3.<\/p>\n<p>&nbsp;<\/p>\n<p>Sobre el comportamiento de la lluvia durante el temporal, dijo que tras el inicio de \u00e9ste las temperaturas, a partir de agosto y septiembre \u2013y se prev\u00e9 hacia octubre\u2013, se han mantenido templadas y por debajo de los 32 grados. El contraste es importante en comparaci\u00f3n con el segundo trimestre del a\u00f1o.<\/p>\n<p>&nbsp;<\/p>\n<p>\u201cPodemos apreciar que, en los meses de agosto, septiembre, incluso en octubre, las temperaturas m\u00e1ximas son templadas, han estado agradables en comparaci\u00f3n con el segundo trimestre del a\u00f1o, donde alcanzaron los 37 grados\u201d, precis\u00f3.<\/p>\n<p>&nbsp;<\/p>\n<p>El pron\u00f3stico de los especialistas sobre el retraso de la temporada de lluvias fue certero. Adem\u00e1s de la proyecci\u00f3n de un temporal ligeramente superior a otros. \u201cComenzamos a tener precipitaciones a mediados del 20 de junio. Para el mes de julio se regulariz\u00f3 la precipitaci\u00f3n en nuestra regi\u00f3n y, de manera particular, para Jalisco, donde se present\u00f3 una anomal\u00eda positiva por arriba de los valores promedios\u201d, confirm\u00f3.<\/p>\n<p>&nbsp;<\/p>\n<p>Hacia el inicio de las lluvias, las regiones de la Costa, Sur, Sureste y parte de Los Altos presentaron d\u00e9ficit. Hacia finales de septiembre en la Costa todav\u00eda hubo d\u00e9ficit, aunque los ciclones podr\u00edan revertirlo.<\/p>\n<p>&nbsp;<\/p>\n<p>Para el mes de agosto, en las regiones Centro, Valles, Lagunas y Costa se registr\u00f3 un d\u00e9ficit, pero en el \u00c1rea Metropolitana de Guadalajara la precipitaci\u00f3n se mantuvo dentro de los valores hist\u00f3ricos y por arriba de la media.<\/p>\n<p>&nbsp;<\/p>\n<p>En el mes en curso, el an\u00e1lisis de los datos y de los valores hist\u00f3ricos indican la disminuci\u00f3n en la precipitaci\u00f3n en las regiones de la Costa y Centro, aunque, como en el mes anterior, dentro de los valores promedios hist\u00f3ricos. Para octubre los valores disminuir\u00e1n.<\/p>\n<p>&nbsp;<\/p>\n<p>Pronostican la consolidaci\u00f3n de \u201cLa Ni\u00f1a\u201d durante el cierre del a\u00f1o<\/p>\n<p>L\u00f3pez Reyes dijo que el pron\u00f3stico clim\u00e1tico para Jalisco durante el cierre del a\u00f1o indica una posible transici\u00f3n hacia el fen\u00f3meno de \u201cLa Ni\u00f1a\u201d, caracterizado por aguas m\u00e1s fr\u00edas en el Pac\u00edfico ecuatorial.<\/p>\n<p>&nbsp;<\/p>\n<p>Este fen\u00f3meno se podr\u00eda consolidar en octubre y tendr\u00eda su mayor impacto durante los meses invernales, en los cuales habr\u00eda condiciones m\u00e1s secas de lo normal y entradas de aire polar, lo que podr\u00eda ocasionar temperaturas bajas.<\/p>\n<p>&nbsp;<\/p>\n<p>\u201cEs muy probable que se consolide en el transcurso del mes de octubre. Sobre todo, las veremos en los meses invernales, es decir, ser\u00e1n m\u00e1s secos de lo normal y con entradas de masas de aire polar en noviembre, diciembre y enero, incluso hasta febrero\u201d, concluy\u00f3.<\/p>\n","protected":false},"excerpt":{"rendered":"<p>Investigadores pronostican la consolidaci\u00f3n de \u201cLa Ni\u00f1a\u201d el resto del a\u00f1o, con meses m\u00e1s secos y entrada de masas polares Los investigadores del Instituto de Astronom\u00eda y Meteorolog\u00eda (IAM), adscrito al Centro Universitario de Ciencias Exactas e Ingenier\u00edas (CUCEI) de la UdeG, confirmaron los pron\u00f3sticos de la temporada de lluvias del tercer trimestre del a\u00f1o, &hellip; <\/p>\n<p><a class=\"more-link btn\" href=\"https:\/\/lamendigapolitica.com\/?p=79536\">Seguir leyendo<\/a><\/p>\n","protected":false},"author":1,"featured_media":0,"comment_status":"open","ping_status":"closed","sticky":false,"template":"","format":"standard","meta":{"footnotes":""},"categories":[42,97,26,43,28,45,37,29,27,22,24,106],"tags":[],"class_list":["post-79536","post","type-post","status-publish","format-standard","hentry","category-clima","category-comunicacion","category-cultura","category-ecologia","category-educacion","category-featured","category-nacional","category-salud","category-seguridad","category-sociales","category-turismo","category-universidad","item-wrap"],"_links":{"self":[{"href":"https:\/\/lamendigapolitica.com\/index.php?rest_route=\/wp\/v2\/posts\/79536","targetHints":{"allow":["GET"]}}],"collection":[{"href":"https:\/\/lamendigapolitica.com\/index.php?rest_route=\/wp\/v2\/posts"}],"about":[{"href":"https:\/\/lamendigapolitica.com\/index.php?rest_route=\/wp\/v2\/types\/post"}],"author":[{"embeddable":true,"href":"https:\/\/lamendigapolitica.com\/index.php?rest_route=\/wp\/v2\/users\/1"}],"replies":[{"embeddable":true,"href":"https:\/\/lamendigapolitica.com\/index.php?rest_route=%2Fwp%2Fv2%2Fcomments&post=79536"}],"version-history":[{"count":1,"href":"https:\/\/lamendigapolitica.com\/index.php?rest_route=\/wp\/v2\/posts\/79536\/revisions"}],"predecessor-version":[{"id":79538,"href":"https:\/\/lamendigapolitica.com\/index.php?rest_route=\/wp\/v2\/posts\/79536\/revisions\/79538"}],"wp:attachment":[{"href":"https:\/\/lamendigapolitica.com\/index.php?rest_route=%2Fwp%2Fv2%2Fmedia&parent=79536"}],"wp:term":[{"taxonomy":"category","embeddable":true,"href":"https:\/\/lamendigapolitica.com\/index.php?rest_route=%2Fwp%2Fv2%2Fcategories&post=79536"},{"taxonomy":"post_tag","embeddable":true,"href":"https:\/\/lamendigapolitica.com\/index.php?rest_route=%2Fwp%2Fv2%2Ftags&post=79536"}],"curies":[{"name":"wp","href":"https:\/\/api.w.org\/{rel}","templated":true}]}}