{"id":79532,"date":"2024-10-02T20:43:13","date_gmt":"2024-10-03T02:43:13","guid":{"rendered":"https:\/\/lamendigapolitica.com\/?p=79532"},"modified":"2024-10-06T21:00:11","modified_gmt":"2024-10-07T03:00:11","slug":"entrega-alfaro-rehabilitacion-completa-de-laterales-del-boulevard-francisco-medina-ascencio-en-puerto-vallarta","status":"publish","type":"post","link":"https:\/\/lamendigapolitica.com\/?p=79532","title":{"rendered":"Entrega Alfaro rehabilitaci\u00f3n completa de laterales del boulevard Francisco Medina Ascencio en Puerto Vallarta"},"content":{"rendered":"<p><img loading=\"lazy\" decoding=\"async\" class=\"aligncenter size-full wp-image-79533\" src=\"https:\/\/lamendigapolitica.com\/blog\/wp-content\/uploads\/2024\/10\/54038237836_2a71fe8c51_c.jpg\" alt=\"\" width=\"799\" height=\"533\" srcset=\"https:\/\/lamendigapolitica.com\/wp-content\/uploads\/2024\/10\/54038237836_2a71fe8c51_c.jpg 799w, https:\/\/lamendigapolitica.com\/wp-content\/uploads\/2024\/10\/54038237836_2a71fe8c51_c-300x200.jpg 300w, https:\/\/lamendigapolitica.com\/wp-content\/uploads\/2024\/10\/54038237836_2a71fe8c51_c-768x512.jpg 768w, https:\/\/lamendigapolitica.com\/wp-content\/uploads\/2024\/10\/54038237836_2a71fe8c51_c-555x370.jpg 555w\" sizes=\"auto, (max-width: 799px) 100vw, 799px\" \/><\/p>\n<p>\u25cf La construcci\u00f3n de la ciclov\u00eda se une al sistema de movilidad no motorizada transformando la imagen urbana del municipio<\/p>\n<p>\u25cf Recorre Alfaro en bicicleta un tramo de la ciclov\u00eda que transform\u00f3 las vialidades da\u00f1adas en una alternativa para hacer un recorrido hasta el centro de la ciudad<\/p>\n<p>\u25cf Se plantea retomar el proyecto del Puente Federaci\u00f3n<\/p>\n<p>Hoy Puerto Vallarta cuenta con una nueva ciclov\u00eda, una obra de movilidad-peatonal y de ciclo-movilidad, un camino que supervis\u00f3 a bordo de la bicicleta el Gobernador del Estado de Jalisco, Enrique Alfaro Ram\u00edrez, al entregar las laterales del boulevard Francisco Medina Ascencio y recorrer alrededor de 5.43 kil\u00f3metros, con una inversi\u00f3n de casi 329 millones de pesos (mdp), obra que beneficia de 5 a 8 mil usuarios.<!--more--><\/p>\n<p>\u00abNos da un enorme gusto poder el d\u00eda de hoy estar haciendo este recorrido por la ciclov\u00eda de la avenida Medina Ascencio, como la inauguraci\u00f3n de esta obra que nos llev\u00f3 tiempo, que fue muy complicada, que inici\u00f3 en el gobierno de Arturo D\u00e1valos, como una gesti\u00f3n que \u00e9l hizo y como una propuesta que puso sobre la mesa pensando en que rehabilitar las laterales era, por supuesto, una obra de una gran necesidad para la operaci\u00f3n vial del municipio, pero que cuando nos hizo la propuesta nosotros decidimos ir un paso m\u00e1s all\u00e1 y plantear un modelo de infraestructura integral, de movilidad peatonal, de ciclo-movilidad, y que hoy que la entregamos, ya totalmente terminada, con las banquetas, con accesibilidad universal, con todo el arbolado que se plant\u00f3 en los separadores, en los segregadores de la ciclov\u00eda, con todo lo que se hizo para que quedara como una obra de primera\u00bb, indic\u00f3 Alfaro.<\/p>\n<p>\u00abLa entregamos despu\u00e9s de una inversi\u00f3n de 329 millones de pesos, cinco kil\u00f3metros y medio fueron los que se intervinieron en ambos sentidos. Y bueno, pues creo que fue un recorrido muy bueno, muy padre\u00bb, a\u00f1adi\u00f3.<\/p>\n<p>Acompa\u00f1ado por el alcalde Luis Mungu\u00eda y el titular de la Secretar\u00eda de Infraestructura y Obra P\u00fablica (SIOP), David Zamora Bueno, se inform\u00f3 que las laterales poniente y oriente quedaron concluidas con 2.75 km y 2.68 km, respectivamente. Entre los alcances destacan la terracer\u00edas y la base, pavimentaci\u00f3n con concreto estampado, ciclov\u00eda segregada, banquetas y arbolado, cenefas, redes hidrosanitarias, alumbrado, bocas de tormenta y cruces seguros.<\/p>\n<p>La obra cuenta con una secci\u00f3n vial promedio de 9.60 metros, 2 carriles de ciclov\u00eda segregada y banquetas amplias, accesibles y seguras.<\/p>\n<p>Puerto Vallarta se suma as\u00ed a los municipios que apuestan por la movilidad no motorizada, en un servicio que da alternativa a los locales y turistas transformando la imagen urbana y recuperando espacios p\u00fablicos, asegur\u00f3 el mandatario jalisciense quien destac\u00f3, luego de a\u00f1os, existe una opci\u00f3n m\u00e1s para desplazarse por el puerto tur\u00edstico y dar a los usuarios nuevas herramientas, aunado a un sistema de transporte con prepago electr\u00f3nico y reci\u00e9n modernizando en sus unidades.<\/p>\n<p>Indic\u00f3 Alfaro que, con el reci\u00e9n nombrado presidente municipal Luis Mungu\u00eda, se establecer\u00e1n las agendas en este \u00faltimo tramo de la administraci\u00f3n, en reuniones en las que tomar\u00e1 parte Pablo Lemus, Gobernador electo.<\/p>\n<p>\u00abContentos de poder entregarle esta obra a Luis Mungu\u00eda y reafirmarle el compromiso de que vamos a seguir trabajando los dos meses que me quedan a m como Gobernador, para, junto con el Gobernador Electo Lemus, plantear una agenda de futuro y lo que va hacer en los pr\u00f3ximos a\u00f1os y ayudarle en todo lo que se necesita\u00bb, manifest\u00f3 Alfaro.<\/p>\n<p>En sus primeros d\u00edas de trabajo al frente de Vallarta, Luis Mungu\u00eda, destac\u00f3 que esto activa la red de ciclov\u00edas, adem\u00e1s de fomentar el cuidado del medio ambiente y la salud f\u00edsica de las personas.<\/p>\n<p>Retoman proyecto del Puente Federaci\u00f3n<\/p>\n<p>El mandatario inform\u00f3 a medios de comunicaci\u00f3n locales que el d\u00eda de ayer, durante la Toma de Protesta de la Presidenta de M\u00e9xico, Claudia Sheinbaum, se plante\u00f3 retomar el proyecto del Puente Federaci\u00f3n, oportunidad que el Gobernador de Jalisco pudo platicar con su hom\u00f3logo de Nayarit.<\/p>\n<p>\u00abUna buena noticia que traemos de la toma de protesta ayer, es que la Presidenta Sheinbaum, va a retomar el proyecto del Puente Federaci\u00f3n, lo anunci\u00f3 ayer, platiqu\u00e9 ayer con el Gobernador de Nayarit, con el doctor Navarro, quedamos de hacer una reuni\u00f3n tambi\u00e9n en la que invitaremos al Gobernador Electo, Lemus, para que ya se vayan poniendo de acuerdo de c\u00f3mo se van sumar esfuerzos y poder concretar un pendiente de este sexenio del Gobierno Federal que era ese puente interestatal y que mucha falta le hace a Puerto Vallarta\u00bb, concluy\u00f3 Enrique Alfaro.<\/p>\n<p>Asimismo, Arturo D\u00e1valos, ex alcalde de Puerto Vallarta, recorri\u00f3 en bicicleta la v\u00eda acompa\u00f1ando a los funcionarios estatales y municipales.<\/p>\n<p>\u00abLos vallartenses nos merecemos tener calles dignas, tener alumbrado, tener servicios porque aqu\u00ed vivimos del turismo. Esta es una imagen que debemos de presentar porque esto se va a todas partes del mundo\u00bb, concluy\u00f3 D\u00e1valos.<\/p>\n<p>El Gobernador agradeci\u00f3 a los hoteleros que forman parte del Fideicomiso Tur\u00edstico, recursos que fueron destinados en la obra.<\/p>\n<p>&nbsp;<\/p>\n","protected":false},"excerpt":{"rendered":"<p>\u25cf La construcci\u00f3n de la ciclov\u00eda se une al sistema de movilidad no motorizada transformando la imagen urbana del municipio \u25cf Recorre Alfaro en bicicleta un tramo de la ciclov\u00eda que transform\u00f3 las vialidades da\u00f1adas en una alternativa para hacer un recorrido hasta el centro de la ciudad \u25cf Se plantea retomar el proyecto del &hellip; <\/p>\n<p><a class=\"more-link btn\" href=\"https:\/\/lamendigapolitica.com\/?p=79532\">Seguir leyendo<\/a><\/p>\n","protected":false},"author":1,"featured_media":0,"comment_status":"open","ping_status":"closed","sticky":false,"template":"","format":"standard","meta":{"footnotes":""},"categories":[42,97,45,20,102,3,27,22,24],"tags":[],"class_list":["post-79532","post","type-post","status-publish","format-standard","hentry","category-clima","category-comunicacion","category-featured","category-gobierno","category-municipio","category-politica","category-seguridad","category-sociales","category-turismo","item-wrap"],"_links":{"self":[{"href":"https:\/\/lamendigapolitica.com\/index.php?rest_route=\/wp\/v2\/posts\/79532","targetHints":{"allow":["GET"]}}],"collection":[{"href":"https:\/\/lamendigapolitica.com\/index.php?rest_route=\/wp\/v2\/posts"}],"about":[{"href":"https:\/\/lamendigapolitica.com\/index.php?rest_route=\/wp\/v2\/types\/post"}],"author":[{"embeddable":true,"href":"https:\/\/lamendigapolitica.com\/index.php?rest_route=\/wp\/v2\/users\/1"}],"replies":[{"embeddable":true,"href":"https:\/\/lamendigapolitica.com\/index.php?rest_route=%2Fwp%2Fv2%2Fcomments&post=79532"}],"version-history":[{"count":2,"href":"https:\/\/lamendigapolitica.com\/index.php?rest_route=\/wp\/v2\/posts\/79532\/revisions"}],"predecessor-version":[{"id":79535,"href":"https:\/\/lamendigapolitica.com\/index.php?rest_route=\/wp\/v2\/posts\/79532\/revisions\/79535"}],"wp:attachment":[{"href":"https:\/\/lamendigapolitica.com\/index.php?rest_route=%2Fwp%2Fv2%2Fmedia&parent=79532"}],"wp:term":[{"taxonomy":"category","embeddable":true,"href":"https:\/\/lamendigapolitica.com\/index.php?rest_route=%2Fwp%2Fv2%2Fcategories&post=79532"},{"taxonomy":"post_tag","embeddable":true,"href":"https:\/\/lamendigapolitica.com\/index.php?rest_route=%2Fwp%2Fv2%2Ftags&post=79532"}],"curies":[{"name":"wp","href":"https:\/\/api.w.org\/{rel}","templated":true}]}}