{"id":79528,"date":"2024-10-01T14:47:25","date_gmt":"2024-10-01T20:47:25","guid":{"rendered":"https:\/\/lamendigapolitica.com\/?p=79528"},"modified":"2024-10-04T14:59:09","modified_gmt":"2024-10-04T20:59:09","slug":"frangie-toma-protesta-a-titulares-de-la-comisaria-pc-y-bomberos-y-servicios-de-salud","status":"publish","type":"post","link":"https:\/\/lamendigapolitica.com\/?p=79528","title":{"rendered":"Frangie toma protesta a titulares de la Comisar\u00eda, PC y Bomberos y Servicios de Salud"},"content":{"rendered":"<p><img loading=\"lazy\" decoding=\"async\" class=\"aligncenter size-full wp-image-79529\" src=\"https:\/\/lamendigapolitica.com\/blog\/wp-content\/uploads\/2024\/10\/54034739483_23e056c34e_c.jpg\" alt=\"\" width=\"799\" height=\"533\" srcset=\"https:\/\/lamendigapolitica.com\/wp-content\/uploads\/2024\/10\/54034739483_23e056c34e_c.jpg 799w, https:\/\/lamendigapolitica.com\/wp-content\/uploads\/2024\/10\/54034739483_23e056c34e_c-300x200.jpg 300w, https:\/\/lamendigapolitica.com\/wp-content\/uploads\/2024\/10\/54034739483_23e056c34e_c-768x512.jpg 768w, https:\/\/lamendigapolitica.com\/wp-content\/uploads\/2024\/10\/54034739483_23e056c34e_c-555x370.jpg 555w\" sizes=\"auto, (max-width: 799px) 100vw, 799px\" \/><\/p>\n<p>Roberto L\u00f3pez Mac\u00edas es el nuevo comisario de la Polic\u00eda de Zapopan y se comprometi\u00f3 a mejorar la seguridad de las y los zapopanos<\/p>\n<p>Miguel Ricardo Ochoa fue ratificado como responsable del OPD Servicios de Salud y Mario Alberto Espinosa como coordinador de PC y Bomberos<\/p>\n<p>Durante los primeros minutos del inicio de la administraci\u00f3n 2024-2027 del Gobierno de Zapopan, el Presidente Municipal, Juan Jos\u00e9 Frangie Saade, tom\u00f3 protesta al titular del Organismo P\u00fablico Descentralizado (OPD) Servicios de Salud, Miguel Ricardo Ochoa, al coordinador de Protecci\u00f3n Civil (PC) y Bomberos, Mario Alberto Espinosa Ceballos, as\u00ed como al nuevo comisario, Roberto L\u00f3pez Mac\u00edas.<!--more--><\/p>\n<p>El alcalde zapopano acudi\u00f3 al Auditorio de la Comisar\u00eda para tomar protesta a L\u00f3pez Mac\u00edas, a quien le encomend\u00f3 mejorar la seguridad en el municipio, as\u00ed como las estad\u00edsticas de la comisi\u00f3n de delitos.<\/p>\n<p>Frangie Saade asegur\u00f3 que para mejorar la seguridad de las y los zapopanos, el compromiso es mejorar el presupuesto, equipo y entornos sociales.<\/p>\n<p>\u201cVienen dos deudas que tenemos, una lo que es la el centro de capacitaci\u00f3n para las y los polic\u00edas, remodelar todo este lugar, nuestra academia de polic\u00edas y tambi\u00e9n el centro de tiro que va a estar aqu\u00ed, tanto virtual como real, que va a existir aqu\u00ed abajo de la comisar\u00eda. No vamos a detenernos por todo, esto vienen las contrataciones nuevas, las polic\u00edas nuevas y lo \u00fanico que nos queda es trabajar en conjunto en que nosotros hagamos espacios dignos\u201d, asegur\u00f3.<\/p>\n<p>El mun\u00edcipe agradeci\u00f3 el trabajo y compromiso de Jorge Alberto Arizpe en su desempe\u00f1o al interior de la Comisar\u00eda de Zapopan durante los \u00faltimos a\u00f1os.<\/p>\n<p>Por su parte, Roberto L\u00f3pez Mac\u00edas, comisario general entrante y quien cuenta con 28 a\u00f1os de experiencia, se comprometi\u00f3 a seguir velando por la seguridad de las y los zapopanos. Hizo un llamado a comandantes y elementos de la Comisar\u00eda en general, a mantener la uni\u00f3n para dignificar la labor policial y mejorar los resultados en el municipio al ser un comisario \u201ccercano y con apertura\u201d.<\/p>\n<p>\u201cNo perdamos de vista que estamos aqu\u00ed para servir a la sociedad. Los invito a trabajar al interior de la instituci\u00f3n, desde las \u00e1reas operativas y administrativas, primeramente para fortalecer a nuestras y a nuestros polic\u00edas. Juntos dignifiquemos la labor policial. Hagamos de nuestros elementos para que cuenten con todas y con todas las mejores herramientas para el desempe\u00f1o de sus funciones. Y que la Polic\u00eda de Zapopan siga siendo referencia positiva. Sigamos con la vanguardia que nos ha caracterizado y llevamos a un nivel m\u00e1s alto el profesionalismo con el que se distingue a nuestro personal\u201d, agreg\u00f3.<\/p>\n<p>Posteriormente, Frangie Saade acudi\u00f3 a la Coordinaci\u00f3n de Protecci\u00f3n Civil y Bomberos de Zapopan, para ratificar a Mario Alberto Espinosa Ceballos como coordinador de la Unidad municipal, quien despu\u00e9s de rendir protesta, fue anunciado a trav\u00e9s de radio, a bases y C5.<\/p>\n<p>\u201cComandante Mario Alberto Espinosa Ceballos, protesta cumplir y hacer cumplir la Constituci\u00f3n Pol\u00edtica de los Estados Unidos Mexicanos, la Constituci\u00f3n Pol\u00edtica del Estado de Jalisco y las leyes de que ella emanen, as\u00ed como desempe\u00f1ar leal y patri\u00f3ticamente el cargo de coordinador Municipal de Protecci\u00f3n Civil y Bomberos de Zapopan, mirando en todo momento por el bien y la prosperidad del municipio. Si as\u00ed lo hiciere, que el pueblo de Zapopan y la Naci\u00f3n se lo premie. Y si no, que se lo demande. Felicidades, comandante Mario Alberto\u201d, expus\u00f3.<\/p>\n<p>Para terminar la toma de protestas, el Presidente Municipal, Juan Jos\u00e9 Frangie tom\u00f3 protesta una vez m\u00e1s a Miguel Ricardo Ochoa para mantener los trabajos en el Organismo P\u00fablico Descentralizado, Servicios de Salud y a quien anunci\u00f3 como responsable a trav\u00e9s del radio de comunicaci\u00f3n con las diferentes unidades.<\/p>\n<p>\u201cPor esta v\u00eda les comunico que he designado al doctor Miguel Ricardo Ochoa Plascencia para que contin\u00fae al frente como director general del OPD de Servicios de Salud del Municipio de Zapopan. Al mismo tiempo, les exhorto a continuar trabajando para llevar a otro nivel a Zapopan, la Ciudad de las Ni\u00f1as y de los Ni\u00f1os\u201d, comunic\u00f3 el Alcalde.<\/p>\n<p>El presidente municipal estuvo acompa\u00f1ado por la jefa de Gabinete, Paulina Torres, la secretario del Ayuntamiento, Graciela de Obald\u00eda, la coordinadora de Cercan\u00eda Ciudadana Isaura Amador, as\u00ed como los regidores entrantes Norma Gonz\u00e1lez, Haidee Aceves y Cuahut\u00e9moc G\u00e1mez.<\/p>\n","protected":false},"excerpt":{"rendered":"<p>Roberto L\u00f3pez Mac\u00edas es el nuevo comisario de la Polic\u00eda de Zapopan y se comprometi\u00f3 a mejorar la seguridad de las y los zapopanos Miguel Ricardo Ochoa fue ratificado como responsable del OPD Servicios de Salud y Mario Alberto Espinosa como coordinador de PC y Bomberos Durante los primeros minutos del inicio de la administraci\u00f3n &hellip; <\/p>\n<p><a class=\"more-link btn\" href=\"https:\/\/lamendigapolitica.com\/?p=79528\">Seguir leyendo<\/a><\/p>\n","protected":false},"author":1,"featured_media":0,"comment_status":"open","ping_status":"closed","sticky":false,"template":"","format":"standard","meta":{"footnotes":""},"categories":[20,102,27],"tags":[],"class_list":["post-79528","post","type-post","status-publish","format-standard","hentry","category-gobierno","category-municipio","category-seguridad","item-wrap"],"_links":{"self":[{"href":"https:\/\/lamendigapolitica.com\/index.php?rest_route=\/wp\/v2\/posts\/79528","targetHints":{"allow":["GET"]}}],"collection":[{"href":"https:\/\/lamendigapolitica.com\/index.php?rest_route=\/wp\/v2\/posts"}],"about":[{"href":"https:\/\/lamendigapolitica.com\/index.php?rest_route=\/wp\/v2\/types\/post"}],"author":[{"embeddable":true,"href":"https:\/\/lamendigapolitica.com\/index.php?rest_route=\/wp\/v2\/users\/1"}],"replies":[{"embeddable":true,"href":"https:\/\/lamendigapolitica.com\/index.php?rest_route=%2Fwp%2Fv2%2Fcomments&post=79528"}],"version-history":[{"count":1,"href":"https:\/\/lamendigapolitica.com\/index.php?rest_route=\/wp\/v2\/posts\/79528\/revisions"}],"predecessor-version":[{"id":79530,"href":"https:\/\/lamendigapolitica.com\/index.php?rest_route=\/wp\/v2\/posts\/79528\/revisions\/79530"}],"wp:attachment":[{"href":"https:\/\/lamendigapolitica.com\/index.php?rest_route=%2Fwp%2Fv2%2Fmedia&parent=79528"}],"wp:term":[{"taxonomy":"category","embeddable":true,"href":"https:\/\/lamendigapolitica.com\/index.php?rest_route=%2Fwp%2Fv2%2Fcategories&post=79528"},{"taxonomy":"post_tag","embeddable":true,"href":"https:\/\/lamendigapolitica.com\/index.php?rest_route=%2Fwp%2Fv2%2Ftags&post=79528"}],"curies":[{"name":"wp","href":"https:\/\/api.w.org\/{rel}","templated":true}]}}