{"id":79524,"date":"2024-09-30T22:35:12","date_gmt":"2024-10-01T04:35:12","guid":{"rendered":"https:\/\/lamendigapolitica.com\/?p=79524"},"modified":"2024-09-30T22:35:12","modified_gmt":"2024-10-01T04:35:12","slug":"inauguran-la-escultura-ganadora-del-v-premio-de-escultura-juan-soriano","status":"publish","type":"post","link":"https:\/\/lamendigapolitica.com\/?p=79524","title":{"rendered":"Inauguran la escultura ganadora del V Premio de Escultura Juan Soriano"},"content":{"rendered":"<p><img loading=\"lazy\" decoding=\"async\" class=\"aligncenter size-full wp-image-79525\" src=\"https:\/\/lamendigapolitica.com\/blog\/wp-content\/uploads\/2024\/09\/54026102983_9c1c197241_c.jpg\" alt=\"\" width=\"799\" height=\"533\" srcset=\"https:\/\/lamendigapolitica.com\/wp-content\/uploads\/2024\/09\/54026102983_9c1c197241_c.jpg 799w, https:\/\/lamendigapolitica.com\/wp-content\/uploads\/2024\/09\/54026102983_9c1c197241_c-300x200.jpg 300w, https:\/\/lamendigapolitica.com\/wp-content\/uploads\/2024\/09\/54026102983_9c1c197241_c-768x512.jpg 768w, https:\/\/lamendigapolitica.com\/wp-content\/uploads\/2024\/09\/54026102983_9c1c197241_c-555x370.jpg 555w\" sizes=\"auto, (max-width: 799px) 100vw, 799px\" \/><\/p>\n<p>Con el prop\u00f3sito de reconocer el talento escult\u00f3rico de nuestra entidad, el Ayuntamiento de Guadalajara, a trav\u00e9s de la Direcci\u00f3n de Cultura, convoc\u00f3 a escultores jaliscienses a participar en el V Premio de Escultura Juan Soriano, cuyos ganadores contribuyen con su obra a fomentar una imagen contempor\u00e1nea, pr\u00f3spera y cultural de Guadalajara.<!--more--><\/p>\n<p>El ganador del V Premio de Escultura Juan Soriano fue Aldo \u00c1lvarez Tostado Mart\u00ednez con la obra titulada \u201cMathias\u201d, que fue inaugurada en el Parque Lineal Dem\u00f3stenes en la colonia Lomas de San Eugenio.<\/p>\n<p>\u201cDesde el Gobierno de Guadalajara y la Direcci\u00f3n de Cultura nos da mucho gusto tener una nueva escultura en un espacio p\u00fablico. Esta escultura de Aldo \u00c1lvarez Tostado, ganadora del Premio Juan Soriano 2023, se encuentra en el Parque Lineal Dem\u00f3stenes, un parque importante al oriente de nuestra ciudad, 600 metros lineales para seguir embelleciendo la ciudad de Guadalajara\u201d, afirm\u00f3 Jos\u00e9 Luis Coronado V\u00e1zquez, Director de Cultura de Guadalajara.<\/p>\n<p>El segundo lugar de esta edici\u00f3n fue para Williams Ricardo D\u00edaz Garc\u00eda, con la obra titulada \u201cFuente\u201d, y el tercer lugar correspondi\u00f3 a Abrahan Isa\u00ed Venegas Dom\u00ednguez con la pieza \u201cEnte com\u00fan\u201d.<\/p>\n<p>Los tres artistas recibieron un est\u00edmulo econ\u00f3mico, y el ganador adem\u00e1s obtuvo una suma para la elaboraci\u00f3n de la pieza.<\/p>\n<p>Carlos Santino Escatel Flores, con la obra titulada el \u201cPeine azul del viento\u201d, recibi\u00f3 una menci\u00f3n honor\u00edfica en esta ocasi\u00f3n.<\/p>\n<p>El artista y autor de la obra ganadora, Aldo \u00c1lvarez Tostado, explic\u00f3 sobre el significado de su pieza.<\/p>\n<p>\u201cLa escultura habla de la relaci\u00f3n entre Luis Barrag\u00e1n y Mathias Goeritz, dos de las figuras m\u00e1s importantes de la arquitectura y el arte en M\u00e9xico, en Jalisco, en el siglo XX; y para m\u00ed es un honor poder compartir esta pieza en un espacio p\u00fablico recuperado\u201d, comparti\u00f3.<\/p>\n<p>La quinta convocatoria del Premio de Escultura Juan Soriano, en su edici\u00f3n 2023, cont\u00f3 con una participaci\u00f3n de 55 artistas pl\u00e1sticos.<\/p>\n<p>La primera convocatoria del Premio de Escultura Juan Soriano se realiz\u00f3 en 2012. Las seis esculturas ganadoras fueron ubicadas en el Parque Gonz\u00e1lez Gallo para ser apreciadas por residentes y visitantes de la ciudad.<\/p>\n<p>En las siguientes ediciones, las piezas que resultaron elegidas como fueron ubicadas en espacios como avenida L\u00e1zaro C\u00e1rdenas \u2014abajo del Puente Matute Remus\u2014, avenida M\u00e9xico \u2014entre Golfo de Cort\u00e9s y Le\u00f1adores\u2014; y en el Parque San Jacinto.<\/p>\n<p>Rosa Ang\u00e9lica Fregoso Franco, Regidora Integrante de la Comisi\u00f3n Edilicia de Cultura, Espect\u00e1culos, Festividades y Conmemoraciones C\u00edvicas, expres\u00f3 la importancia de seguir cultivando la cultura en la Perla Tapat\u00eda y en el estado.<\/p>\n<p>Finalmente, Abraham Isa\u00ed Venegas, ganador del tercer lugar de la edici\u00f3n 2023 del Premio de Escultura Juan Soriano, reconoci\u00f3 la iniciativa del Gobierno Municipal para realizar estas actividades.<\/p>\n<p>\u201cTambi\u00e9n que acerquen el arte a todo el pueblo, no a comunidades segmentadas, sino que el arte sea de acceso p\u00fablico, de acceso universal y esta es una muy buena muestra de esto\u201d, dijo.<\/p>\n","protected":false},"excerpt":{"rendered":"<p>Con el prop\u00f3sito de reconocer el talento escult\u00f3rico de nuestra entidad, el Ayuntamiento de Guadalajara, a trav\u00e9s de la Direcci\u00f3n de Cultura, convoc\u00f3 a escultores jaliscienses a participar en el V Premio de Escultura Juan Soriano, cuyos ganadores contribuyen con su obra a fomentar una imagen contempor\u00e1nea, pr\u00f3spera y cultural de Guadalajara.<\/p><p><a class=\"more-link btn\" href=\"https:\/\/lamendigapolitica.com\/?p=79524\">Seguir leyendo<\/a><\/p>\n","protected":false},"author":1,"featured_media":0,"comment_status":"open","ping_status":"closed","sticky":false,"template":"","format":"standard","meta":{"footnotes":""},"categories":[97,26,28,36,20,102,22],"tags":[],"class_list":["post-79524","post","type-post","status-publish","format-standard","hentry","category-comunicacion","category-cultura","category-educacion","category-espectaculos","category-gobierno","category-municipio","category-sociales","item-wrap"],"_links":{"self":[{"href":"https:\/\/lamendigapolitica.com\/index.php?rest_route=\/wp\/v2\/posts\/79524","targetHints":{"allow":["GET"]}}],"collection":[{"href":"https:\/\/lamendigapolitica.com\/index.php?rest_route=\/wp\/v2\/posts"}],"about":[{"href":"https:\/\/lamendigapolitica.com\/index.php?rest_route=\/wp\/v2\/types\/post"}],"author":[{"embeddable":true,"href":"https:\/\/lamendigapolitica.com\/index.php?rest_route=\/wp\/v2\/users\/1"}],"replies":[{"embeddable":true,"href":"https:\/\/lamendigapolitica.com\/index.php?rest_route=%2Fwp%2Fv2%2Fcomments&post=79524"}],"version-history":[{"count":2,"href":"https:\/\/lamendigapolitica.com\/index.php?rest_route=\/wp\/v2\/posts\/79524\/revisions"}],"predecessor-version":[{"id":79527,"href":"https:\/\/lamendigapolitica.com\/index.php?rest_route=\/wp\/v2\/posts\/79524\/revisions\/79527"}],"wp:attachment":[{"href":"https:\/\/lamendigapolitica.com\/index.php?rest_route=%2Fwp%2Fv2%2Fmedia&parent=79524"}],"wp:term":[{"taxonomy":"category","embeddable":true,"href":"https:\/\/lamendigapolitica.com\/index.php?rest_route=%2Fwp%2Fv2%2Fcategories&post=79524"},{"taxonomy":"post_tag","embeddable":true,"href":"https:\/\/lamendigapolitica.com\/index.php?rest_route=%2Fwp%2Fv2%2Ftags&post=79524"}],"curies":[{"name":"wp","href":"https:\/\/api.w.org\/{rel}","templated":true}]}}