{"id":79508,"date":"2024-09-26T19:45:43","date_gmt":"2024-09-27T01:45:43","guid":{"rendered":"https:\/\/lamendigapolitica.com\/?p=79508"},"modified":"2024-09-27T20:00:23","modified_gmt":"2024-09-28T02:00:23","slug":"prision-preventiva-a-mujer-que-arrastro-a-perrito-con-su-camioneta-en-tlaquepaque","status":"publish","type":"post","link":"https:\/\/lamendigapolitica.com\/?p=79508","title":{"rendered":"Prisi\u00f3n preventiva a mujer que arrastr\u00f3 a perrito con su camioneta en Tlaquepaque"},"content":{"rendered":"<p><img loading=\"lazy\" decoding=\"async\" class=\"aligncenter size-full wp-image-79509\" src=\"https:\/\/lamendigapolitica.com\/blog\/wp-content\/uploads\/2024\/09\/perro.jpeg\" alt=\"\" width=\"600\" height=\"800\" srcset=\"https:\/\/lamendigapolitica.com\/wp-content\/uploads\/2024\/09\/perro.jpeg 600w, https:\/\/lamendigapolitica.com\/wp-content\/uploads\/2024\/09\/perro-225x300.jpeg 225w, https:\/\/lamendigapolitica.com\/wp-content\/uploads\/2024\/09\/perro-555x740.jpeg 555w\" sizes=\"auto, (max-width: 600px) 100vw, 600px\" \/><\/p>\n<p>Una mujer de nombre Catalina L., identificada como quien\u00a0 arrastr\u00f3 con su camioneta a un canino de dos a\u00f1os de edad, fue vinculada a proceso por crueldad en contra de los animales como resultado de los trabajos ministeriales que realiz\u00f3 la Unidad de Detenidos de la Fiscal\u00eda del Estado (FE).<\/p>\n<p>Adem\u00e1s, dicha mujer le fue dictada la prisi\u00f3n preventiva justificada por la temporalidad de tres meses, como medida cautelar.<\/p>\n<p>El hecho que se le imput\u00f3 se registr\u00f3 el pasado martes 24 de septiembre, sobre la calle Plan de Ayala y Batalla de Trinidad, en el Fraccionamiento Revoluci\u00f3n, del municipio de San Pedro Tlaquepaque.<\/p>\n<p>De acuerdo con la carpeta de investigaci\u00f3n, Catalina L. fue sorprendida por ciudadanos justo en el momento en que presuntamente arrastraba con su camioneta Nissan Kicks, color gris, a un canino criollo con caracter\u00edsticas de la raza Pastor Belga, de dos a\u00f1os de edad, por lo que fue retenida y entregada a polic\u00edas municipales, quienes concretaron su detenci\u00f3n.<!--more--><\/p>\n<p>El agente del Ministerio P\u00fablico de la Unidad de Detenidos integr\u00f3 una s\u00f3lida carpeta de investigaci\u00f3n y la judicializ\u00f3 por el delito de crueldad en contra de los animales.<\/p>\n<p>El Juez de Control que entr\u00f3 al an\u00e1lisis del caso calific\u00f3 de legal la detenci\u00f3n y tras considerar que lo aportado por esta representaci\u00f3n social era vasto y contundente, le inici\u00f3 proceso penal, con la medida cautelar ya se\u00f1alada.<\/p>\n<p>Es importante precisar que a petici\u00f3n de la defensa, la autoridad judicial orden\u00f3 una audiencia de suspensi\u00f3n condicional para el pr\u00f3ximo 3 de octubre, a las 12:00 horas.<\/p>\n<p>Valoran estado de salud de canino maltratado<\/p>\n<p>El Gobierno Municipal de San Pedro Tlaquepaque informa a la ciudadan\u00eda que el perro que sufri\u00f3 maltrato animal por una mujer al arrastrarlo con un cable, de la parte trasera de su veh\u00edculo, el d\u00eda de ayer 24 de septiembre, en el Fraccionamiento Revoluci\u00f3n, fue trasladado al departamento de Salud Animal de este Ayuntamiento, para ser valorado y brindarle la atenci\u00f3n m\u00e9dica veterinaria necesaria.<\/p>\n<p>El canino trasladado es un macho mestizo, color paja-negro, de 2 a\u00f1os, aproximadamente, el cual present\u00f3 quemaduras en segundo grado en las cuatro extremidades, as\u00ed como dolor en cojinetes, debido al arrastre que sufri\u00f3 en el pavimento de las calles.<\/p>\n<p>Personal del departamento de Salud Animal, se encuentra brind\u00e1ndole antibi\u00f3tico, analg\u00e9sico y desinflamatorio para su recuperaci\u00f3n, la limpieza correspondiente, as\u00ed como el vendaje en sus cuatro extremidades para protecci\u00f3n de las heridas que present\u00f3, heridas que no son un riesgo para su vida y se estima que sanar\u00e1n de 15 a 30 d\u00edas.<\/p>\n<p>Por el momento, el perro se encuentra bajo resguardo del departamento de Salud Animal de Tlaquepaque, debido al proceso legal que presenta en la Fiscal\u00eda General del Estado de Jalisco, sin embargo, ser\u00e1 trasladado al Centro Integral de Salud Animal Zapopan (CISAZ) para continuar con su atenci\u00f3n y recuperaci\u00f3n.<\/p>\n","protected":false},"excerpt":{"rendered":"<p>Una mujer de nombre Catalina L., identificada como quien\u00a0 arrastr\u00f3 con su camioneta a un canino de dos a\u00f1os de edad, fue vinculada a proceso por crueldad en contra de los animales como resultado de los trabajos ministeriales que realiz\u00f3 la Unidad de Detenidos de la Fiscal\u00eda del Estado (FE). Adem\u00e1s, dicha mujer le fue &hellip; <\/p>\n<p><a class=\"more-link btn\" href=\"https:\/\/lamendigapolitica.com\/?p=79508\">Seguir leyendo<\/a><\/p>\n","protected":false},"author":1,"featured_media":0,"comment_status":"open","ping_status":"closed","sticky":false,"template":"","format":"standard","meta":{"footnotes":""},"categories":[43,45,20,98,102,3,29,27,22],"tags":[],"class_list":["post-79508","post","type-post","status-publish","format-standard","hentry","category-ecologia","category-featured","category-gobierno","category-justicia","category-municipio","category-politica","category-salud","category-seguridad","category-sociales","item-wrap"],"_links":{"self":[{"href":"https:\/\/lamendigapolitica.com\/index.php?rest_route=\/wp\/v2\/posts\/79508","targetHints":{"allow":["GET"]}}],"collection":[{"href":"https:\/\/lamendigapolitica.com\/index.php?rest_route=\/wp\/v2\/posts"}],"about":[{"href":"https:\/\/lamendigapolitica.com\/index.php?rest_route=\/wp\/v2\/types\/post"}],"author":[{"embeddable":true,"href":"https:\/\/lamendigapolitica.com\/index.php?rest_route=\/wp\/v2\/users\/1"}],"replies":[{"embeddable":true,"href":"https:\/\/lamendigapolitica.com\/index.php?rest_route=%2Fwp%2Fv2%2Fcomments&post=79508"}],"version-history":[{"count":1,"href":"https:\/\/lamendigapolitica.com\/index.php?rest_route=\/wp\/v2\/posts\/79508\/revisions"}],"predecessor-version":[{"id":79510,"href":"https:\/\/lamendigapolitica.com\/index.php?rest_route=\/wp\/v2\/posts\/79508\/revisions\/79510"}],"wp:attachment":[{"href":"https:\/\/lamendigapolitica.com\/index.php?rest_route=%2Fwp%2Fv2%2Fmedia&parent=79508"}],"wp:term":[{"taxonomy":"category","embeddable":true,"href":"https:\/\/lamendigapolitica.com\/index.php?rest_route=%2Fwp%2Fv2%2Fcategories&post=79508"},{"taxonomy":"post_tag","embeddable":true,"href":"https:\/\/lamendigapolitica.com\/index.php?rest_route=%2Fwp%2Fv2%2Ftags&post=79508"}],"curies":[{"name":"wp","href":"https:\/\/api.w.org\/{rel}","templated":true}]}}