{"id":79502,"date":"2024-09-24T19:00:16","date_gmt":"2024-09-25T01:00:16","guid":{"rendered":"https:\/\/lamendigapolitica.com\/?p=79502"},"modified":"2024-09-27T19:39:59","modified_gmt":"2024-09-28T01:39:59","slug":"develan-retrato-de-pablo-lemus-navarro-en-la-sala-de-expresidentes-del-palacio-municipal-de-guadalajara","status":"publish","type":"post","link":"https:\/\/lamendigapolitica.com\/?p=79502","title":{"rendered":"Develan retrato de Pablo Lemus Navarro en la Sala de Expresidentes del Palacio Municipal de Guadalajara"},"content":{"rendered":"<p><img loading=\"lazy\" decoding=\"async\" class=\"aligncenter size-full wp-image-79503\" src=\"https:\/\/lamendigapolitica.com\/blog\/wp-content\/uploads\/2024\/09\/54018844407_ab93430104_c.jpg\" alt=\"\" width=\"570\" height=\"800\" srcset=\"https:\/\/lamendigapolitica.com\/wp-content\/uploads\/2024\/09\/54018844407_ab93430104_c.jpg 570w, https:\/\/lamendigapolitica.com\/wp-content\/uploads\/2024\/09\/54018844407_ab93430104_c-214x300.jpg 214w, https:\/\/lamendigapolitica.com\/wp-content\/uploads\/2024\/09\/54018844407_ab93430104_c-555x779.jpg 555w\" sizes=\"auto, (max-width: 570px) 100vw, 570px\" \/><\/p>\n<p>El \u00f3leo, de la autor\u00eda del artista cubano Yoel D\u00edaz G\u00e1lvez, hace una clara referencia al sello que han tenido las administraciones de Pablo Lemus Navarro: su compromiso con el espacio p\u00fablico para todas y todos<\/p>\n<p>El Alcalde Interino de Guadalajara Francisco Ram\u00edrez Salcido destac\u00f3 el legado de Pablo Lemus en la capital jalisciense<\/p>\n<p>En una ceremonia solemne y cargada de significado, se llev\u00f3 a cabo la develaci\u00f3n de un retrato al \u00f3leo de Pablo Lemus Navarro, quien ejerci\u00f3 como Presidente Municipal de Guadalajara del 1 de octubre de 2021 al 26 de octubre de 2023. Actualmente, Lemus Navarro es Alcalde con licencia de Guadalajara y Gobernador Electo de Jalisco.<!--more--><\/p>\n<p>El \u00f3leo, de la autor\u00eda del artista cubano Yoel D\u00edaz G\u00e1lvez, hace una clara referencia al sello que han tenido las administraciones de Pablo Lemus: su compromiso con el espacio p\u00fablico para todas y todos.<\/p>\n<p>Esta ceremonia se llev\u00f3 a cabo en la Sala de Expresidentas y Expresidentes del Palacio Municipal de Guadalajara, en el Centro Hist\u00f3rico de la ciudad.<\/p>\n<p>Francisco Ram\u00edrez Salcido, Presidente Municipal Interino de Guadalajara, encabez\u00f3 la ceremonia a la que se dieron cita familiares, amigos, regidoras, regidores, servidoras y servidores p\u00fablicos tapat\u00edos.<\/p>\n<p>El Alcalde Interino dijo que esta pieza quedar\u00e1 para la posteridad como testigo del legado de Pablo Lemus en la capital jalisciense, consolidando su lugar en la historia de Guadalajara.<\/p>\n<p>\u00abEste \u00f3leo ser\u00e1 un recordatorio permanente de la excelente labor que Pablo Lemus ha realizado como Alcalde de Guadalajara y de la confianza que todas y todos los tapat\u00edos depositamos en \u00e9l para encabezar el Gobierno de Jalisco en las pr\u00f3ximas semanas\u00bb, afirm\u00f3 Ram\u00edrez Salcido.<\/p>\n<p>Pablo Lemus Navarro agradeci\u00f3 profundamente a las y a los ciudadanos, de Zapopan y Guadalajara, por la confianza depositada en \u00e9l a lo largo de los a\u00f1os, as\u00ed como a las y los servidores p\u00fablicos que sumaron esfuerzos para consolidar administraciones cuya caracter\u00edstica principal ha sido el bienestar de la ciudadan\u00eda.<\/p>\n<p>\u00abGuadalajara es la ciudad donde nac\u00ed, crec\u00ed (&#8230;) Mis padres se conocieron aqu\u00ed, mis bisabuelos establecieron sus negocios en el Centro Hist\u00f3rico, un lugar por el que siento una gran pasi\u00f3n y que siempre he querido rescatar\u00bb, destac\u00f3 con orgullo.<\/p>\n<p>\u201cHoy quiero aprovechar este espacio para agradecer a las y los tapat\u00edos (\u2026), por el favor de su confianza, por su apoyo, porque siempre han cre\u00eddo en m\u00ed, me han dado la mano y me han impulsado a hacer m\u00e1s\u201d, se\u00f1al\u00f3 el Gobernador Electo.<\/p>\n<p>Lemus Navarro subray\u00f3 la magnitud de la responsabilidad de haber servido a tres millones de personas durante nueve a\u00f1os continuos, un hecho sin precedentes en M\u00e9xico.<\/p>\n<p>Tambi\u00e9n agradeci\u00f3 la confianza de la ciudadan\u00eda en el \u00faltimo proceso electoral y destac\u00f3 que 40 por ciento de los votos, que lo llevaron al triunfo como Gobernador, provinieron de los municipios que tuvo el honor de gobernar.<\/p>\n<p>\u00abSer el primer Presidente Municipal en la historia en gobernar durante nueve a\u00f1os consecutivos, tanto en Zapopan como en Guadalajara, ha sido un reto enorme, pero tambi\u00e9n una gran satisfacci\u00f3n\u00bb, a\u00f1adi\u00f3.<\/p>\n<p>Pablo Lemus expres\u00f3 su agradecimiento al cabildo tapat\u00edo y a las diversas fuerzas pol\u00edticas que, pese a sus diferencias, compartieron con \u00e9l el amor por Guadalajara.<\/p>\n<p>Reconoci\u00f3 el esfuerzo y dedicaci\u00f3n de las y los miles de servidores p\u00fablicos como bomberos, polic\u00edas y personal de distintas dependencias que trabajaron a su lado en estos a\u00f1os.<\/p>\n<p>\u00abSiempre he sido intenso, apasionado por saber qu\u00e9 pasa en la ciudad y ese es el esp\u00edritu que quiero mantener al frente del Gobierno del Estado\u00bb, declar\u00f3.<\/p>\n<p>Lemus Navarro tambi\u00e9n reconoci\u00f3 el trabajo de Francisco Ram\u00edrez Salcido, Presidente Municipal Interino de Guadalajara, al frente de los \u00faltimos 11 meses de la Administraci\u00f3n.<\/p>\n<p>Con una encomienda de seis a\u00f1os por delante, Pablo Lemus Navarro se comprometi\u00f3 a seguir trabajando por el bienestar de todas y todos los jaliscienses, manteniendo un gobierno cercano a la ciudadan\u00eda y orientado en dar resultados.<\/p>\n<p>El evento culmin\u00f3 con palabras de agradecimiento de Pablo Lemus a su familia, equipo cercano, amigos y a todos aquellos que lo han apoyado en su camino pol\u00edtico, a quienes invit\u00f3 a no ponerse l\u00edmites en la vida y trabajar siempre para dejar una huella significativa en la sociedad.<\/p>\n<p>\u00abNunca se pongan l\u00edmites en la vida, siempre hay algo m\u00e1s que se puede lograr. Trabajen para dejar huella, porque la vida es muy bonita y merece ser disfrutada en cada paso del camino\u00bb, concluy\u00f3 Lemus Navarro.<\/p>\n<p>Los muros de la Sala de Expresidentas y Expresidentes exhiben los retratos de 61 Presidentes Municipales.<\/p>\n<p>El autor del \u00f3leo de Pablo Lemus Navarro, Yoel D\u00edaz G\u00e1lvez, es considerado una figura en el arte contempor\u00e1neo y ha expuesto su obra en espacios como Museo Casa Diego Rivera, en M\u00e9xico, Museo de Arte Latinoamericano de Long Beach, en Estados Unidos, y el Museo Europeo de Arte Moderno, en Barcelona.<\/p>\n<p>Con la develaci\u00f3n de su retrato Pablo Lemus Navarro cierra un ciclo como Alcalde de Guadalajara y da paso a una nueva etapa como pr\u00f3ximo Gobernador de Jalisco, con la promesa de continuar sirviendo a su gente con dedicaci\u00f3n y entrega.<\/p>\n","protected":false},"excerpt":{"rendered":"<p>El \u00f3leo, de la autor\u00eda del artista cubano Yoel D\u00edaz G\u00e1lvez, hace una clara referencia al sello que han tenido las administraciones de Pablo Lemus Navarro: su compromiso con el espacio p\u00fablico para todas y todos El Alcalde Interino de Guadalajara Francisco Ram\u00edrez Salcido destac\u00f3 el legado de Pablo Lemus en la capital jalisciense En &hellip; <\/p>\n<p><a class=\"more-link btn\" href=\"https:\/\/lamendigapolitica.com\/?p=79502\">Seguir leyendo<\/a><\/p>\n","protected":false},"author":1,"featured_media":0,"comment_status":"open","ping_status":"closed","sticky":false,"template":"","format":"standard","meta":{"footnotes":""},"categories":[97,26,36,45,20,102,22],"tags":[],"class_list":["post-79502","post","type-post","status-publish","format-standard","hentry","category-comunicacion","category-cultura","category-espectaculos","category-featured","category-gobierno","category-municipio","category-sociales","item-wrap"],"_links":{"self":[{"href":"https:\/\/lamendigapolitica.com\/index.php?rest_route=\/wp\/v2\/posts\/79502","targetHints":{"allow":["GET"]}}],"collection":[{"href":"https:\/\/lamendigapolitica.com\/index.php?rest_route=\/wp\/v2\/posts"}],"about":[{"href":"https:\/\/lamendigapolitica.com\/index.php?rest_route=\/wp\/v2\/types\/post"}],"author":[{"embeddable":true,"href":"https:\/\/lamendigapolitica.com\/index.php?rest_route=\/wp\/v2\/users\/1"}],"replies":[{"embeddable":true,"href":"https:\/\/lamendigapolitica.com\/index.php?rest_route=%2Fwp%2Fv2%2Fcomments&post=79502"}],"version-history":[{"count":1,"href":"https:\/\/lamendigapolitica.com\/index.php?rest_route=\/wp\/v2\/posts\/79502\/revisions"}],"predecessor-version":[{"id":79504,"href":"https:\/\/lamendigapolitica.com\/index.php?rest_route=\/wp\/v2\/posts\/79502\/revisions\/79504"}],"wp:attachment":[{"href":"https:\/\/lamendigapolitica.com\/index.php?rest_route=%2Fwp%2Fv2%2Fmedia&parent=79502"}],"wp:term":[{"taxonomy":"category","embeddable":true,"href":"https:\/\/lamendigapolitica.com\/index.php?rest_route=%2Fwp%2Fv2%2Fcategories&post=79502"},{"taxonomy":"post_tag","embeddable":true,"href":"https:\/\/lamendigapolitica.com\/index.php?rest_route=%2Fwp%2Fv2%2Ftags&post=79502"}],"curies":[{"name":"wp","href":"https:\/\/api.w.org\/{rel}","templated":true}]}}