{"id":79498,"date":"2024-09-23T14:31:54","date_gmt":"2024-09-23T20:31:54","guid":{"rendered":"https:\/\/lamendigapolitica.com\/?p=79498"},"modified":"2024-09-24T14:39:23","modified_gmt":"2024-09-24T20:39:23","slug":"condecora-guadalajara-a-435-elementos-de-la-comisaria-de-seguridad-ciudadana","status":"publish","type":"post","link":"https:\/\/lamendigapolitica.com\/?p=79498","title":{"rendered":"Condecora Guadalajara a 435 elementos de la Comisar\u00eda de Seguridad Ciudadana"},"content":{"rendered":"<p><img loading=\"lazy\" decoding=\"async\" class=\"aligncenter size-full wp-image-79499\" src=\"https:\/\/lamendigapolitica.com\/blog\/wp-content\/uploads\/2024\/09\/55.jpg\" alt=\"\" width=\"1514\" height=\"599\" srcset=\"https:\/\/lamendigapolitica.com\/wp-content\/uploads\/2024\/09\/55.jpg 1514w, https:\/\/lamendigapolitica.com\/wp-content\/uploads\/2024\/09\/55-300x119.jpg 300w, https:\/\/lamendigapolitica.com\/wp-content\/uploads\/2024\/09\/55-1024x405.jpg 1024w, https:\/\/lamendigapolitica.com\/wp-content\/uploads\/2024\/09\/55-768x304.jpg 768w, https:\/\/lamendigapolitica.com\/wp-content\/uploads\/2024\/09\/55-555x220.jpg 555w\" sizes=\"auto, (max-width: 1514px) 100vw, 1514px\" \/><\/p>\n<p>Se realiz\u00f3 la condecoraci\u00f3n de 435 polic\u00edas tapat\u00edos con el \u2018M\u00e9rito a la Perseverancia\u2019, por 20, 25 y 30 a\u00f1os de servicio, y con el \u2018M\u00e9rito a la Perseverancia Excepcional\u2019, por tener m\u00e1s de 31 a\u00f1os de servicio en la corporaci\u00f3n<\/p>\n<p>El Alcalde Interino Francisco Ram\u00edrez realiz\u00f3 la entrega de un reconocimiento al Comisario General Juan Pablo Hern\u00e1ndez Gonz\u00e1lez por sus 25 a\u00f1os de servicio a la ciudad<\/p>\n<p>Para reconocer la trayectoria profesional y vocaci\u00f3n de servicio de las y los elementos de la Comisar\u00eda de Seguridad Ciudadana de Guadalajara, se realiz\u00f3 la condecoraci\u00f3n de 435 polic\u00edas tapat\u00edos con el \u201cM\u00e9rito a la Perseverancia\u201d por 20, 25 y 30 a\u00f1os de servicio, y con el \u201cM\u00e9rito a la Perseverancia Excepcional\u201d a quienes cuentan con m\u00e1s de 31 a\u00f1os de servicio en la corporaci\u00f3n.<!--more--><\/p>\n<p>En esta ceremonia, realizada en las instalaciones del Gimnasio M\u00e9xico 68, 36 elementos recibieron su ascenso al grado inmediato superior \u2014Oficiales, Suboficiales, Polic\u00eda Tercero, Polic\u00eda Segundo y Polic\u00eda Primero\u2014 por 29 a\u00f1os de antig\u00fcedad en el servicio, y 11 servidores p\u00fablicos de la Polic\u00eda de Guadalajara recibieron un reconocimiento por su dedicaci\u00f3n y constancia al servicio de la instituci\u00f3n.<\/p>\n<p>Francisco Ram\u00edrez Salcido, Alcalde Interino de Guadalajara, destac\u00f3 el papel fundamental de la Polic\u00eda Municipal en la seguridad de las y los tapat\u00edos.<\/p>\n<p>\u201cSabemos que esas condecoraciones son el fruto de mucho trabajo y esfuerzo, as\u00ed como de su profundo sentido de convicci\u00f3n y amor por su ciudad\u201d, afirm\u00f3.<\/p>\n<p>Ram\u00edrez Salcido mencion\u00f3 los esfuerzos realizados durante esta Administraci\u00f3n para fortalecer a la corporaci\u00f3n con capacitaci\u00f3n, equipamiento y modernizaci\u00f3n de la instituci\u00f3n.<\/p>\n<p>\u201cEn esta Administraci\u00f3n orientamos esfuerzos y sumamos voluntades para fortalecer a nuestra Comisar\u00eda de Seguridad (Ciudadana), priorizando la mejora de sus condiciones labores, promoviendo la capacitaci\u00f3n. Adquirimos tambi\u00e9n uniformes, equipamiento, patrullas, veh\u00edculos para que cuenten con mejores herramientas de trabajo\u201d, se\u00f1al\u00f3.<\/p>\n<p>El Alcalde Interino afirm\u00f3 que estos esfuerzos dieron resultados tangibles con la reducci\u00f3n de delitos como homicidios dolosos, robo a casa habitaci\u00f3n, robo a cuentahabiente, robo a negocio, robo a persona, robo a veh\u00edculos y robo a motocicletas.<\/p>\n<p>A esto se suma la mejora en la percepci\u00f3n de la confianza ciudadana en la Polic\u00eda Municipal y la disminuci\u00f3n en la percepci\u00f3n de inseguridad.<\/p>\n<p>\u00abGracias a su esfuerzo y dedicaci\u00f3n, nuestra estrategia de seguridad en la ciudad tuvo alcances muy significativos, y hoy los tapat\u00edos reconocen estos logros\u201d, dijo Ram\u00edrez Salcido.<\/p>\n<p>El Alcalde Interino felicit\u00f3 a las y los condecorados y destac\u00f3 la importancia de su ejemplo para las futuras generaciones de polic\u00edas.<\/p>\n<p>Juan Pablo Hern\u00e1ndez Gonz\u00e1lez, Comisario General de la Comisar\u00eda de Seguridad Ciudadana de Guadalajara, resalt\u00f3 el valor de las medallas otorgadas por m\u00e9rito y perseverancia, se\u00f1alando que no es f\u00e1cil ganarlas.<\/p>\n<p>Subray\u00f3 los retos que enfrentan diariamente, desde la actualizaci\u00f3n constante, los ex\u00e1menes de control y confianza, hasta los cambios de turno y asignaci\u00f3n.<\/p>\n<p>Sin embargo, enfatiz\u00f3, a pesar de las adversidades, las y los polic\u00edas salen cada d\u00eda con el \u00e1nimo de servir a los dem\u00e1s, con el mismo coraje y valor que el primer d\u00eda.<\/p>\n<p>\u201cTenemos una de las profesiones m\u00e1s dif\u00edciles, pero tambi\u00e9n es una de las m\u00e1s bonitas y m\u00e1s satisfactorias. Hacer carrera en esta profesi\u00f3n requiere de coraje, disciplina, pero sobre todo de una gran determinaci\u00f3n\u201d, comparti\u00f3.<\/p>\n<p>La ceremonia concluy\u00f3 con la entrega de un reconocimiento a los 25 a\u00f1os de servicio del Comisario General Juan Pablo Hern\u00e1ndez Gonz\u00e1lez, en un evento que reafirm\u00f3 el compromiso de la Polic\u00eda Municipal con la seguridad de las y los habitantes de Guadalajara, as\u00ed como el reconocimiento al esfuerzo de su personal.<\/p>\n<p>A este evento asistieron Iker Frangie Mart\u00ednez Gallardo, Presidente de la Comisi\u00f3n de Honor y Justicia; y familiares y amigos de las y los polic\u00edas reconocidos.<\/p>\n","protected":false},"excerpt":{"rendered":"<p>Se realiz\u00f3 la condecoraci\u00f3n de 435 polic\u00edas tapat\u00edos con el \u2018M\u00e9rito a la Perseverancia\u2019, por 20, 25 y 30 a\u00f1os de servicio, y con el \u2018M\u00e9rito a la Perseverancia Excepcional\u2019, por tener m\u00e1s de 31 a\u00f1os de servicio en la corporaci\u00f3n El Alcalde Interino Francisco Ram\u00edrez realiz\u00f3 la entrega de un reconocimiento al Comisario General &hellip; <\/p>\n<p><a class=\"more-link btn\" href=\"https:\/\/lamendigapolitica.com\/?p=79498\">Seguir leyendo<\/a><\/p>\n","protected":false},"author":1,"featured_media":0,"comment_status":"open","ping_status":"closed","sticky":false,"template":"","format":"standard","meta":{"footnotes":""},"categories":[45,20,102,27,22],"tags":[],"class_list":["post-79498","post","type-post","status-publish","format-standard","hentry","category-featured","category-gobierno","category-municipio","category-seguridad","category-sociales","item-wrap"],"_links":{"self":[{"href":"https:\/\/lamendigapolitica.com\/index.php?rest_route=\/wp\/v2\/posts\/79498","targetHints":{"allow":["GET"]}}],"collection":[{"href":"https:\/\/lamendigapolitica.com\/index.php?rest_route=\/wp\/v2\/posts"}],"about":[{"href":"https:\/\/lamendigapolitica.com\/index.php?rest_route=\/wp\/v2\/types\/post"}],"author":[{"embeddable":true,"href":"https:\/\/lamendigapolitica.com\/index.php?rest_route=\/wp\/v2\/users\/1"}],"replies":[{"embeddable":true,"href":"https:\/\/lamendigapolitica.com\/index.php?rest_route=%2Fwp%2Fv2%2Fcomments&post=79498"}],"version-history":[{"count":1,"href":"https:\/\/lamendigapolitica.com\/index.php?rest_route=\/wp\/v2\/posts\/79498\/revisions"}],"predecessor-version":[{"id":79500,"href":"https:\/\/lamendigapolitica.com\/index.php?rest_route=\/wp\/v2\/posts\/79498\/revisions\/79500"}],"wp:attachment":[{"href":"https:\/\/lamendigapolitica.com\/index.php?rest_route=%2Fwp%2Fv2%2Fmedia&parent=79498"}],"wp:term":[{"taxonomy":"category","embeddable":true,"href":"https:\/\/lamendigapolitica.com\/index.php?rest_route=%2Fwp%2Fv2%2Fcategories&post=79498"},{"taxonomy":"post_tag","embeddable":true,"href":"https:\/\/lamendigapolitica.com\/index.php?rest_route=%2Fwp%2Fv2%2Ftags&post=79498"}],"curies":[{"name":"wp","href":"https:\/\/api.w.org\/{rel}","templated":true}]}}