{"id":79495,"date":"2024-09-22T13:50:43","date_gmt":"2024-09-22T19:50:43","guid":{"rendered":"https:\/\/lamendigapolitica.com\/?p=79495"},"modified":"2024-09-24T14:31:41","modified_gmt":"2024-09-24T20:31:41","slug":"festejan-110-anos-de-la-preparatoria-de-jalisco","status":"publish","type":"post","link":"https:\/\/lamendigapolitica.com\/?p=79495","title":{"rendered":"Festejan 110 a\u00f1os de la Preparatoria de Jalisco"},"content":{"rendered":"<p>&nbsp;<\/p>\n<p><img loading=\"lazy\" decoding=\"async\" class=\"aligncenter size-full wp-image-79496\" src=\"https:\/\/lamendigapolitica.com\/blog\/wp-content\/uploads\/2024\/09\/56.jpg\" alt=\"\" width=\"1174\" height=\"745\" srcset=\"https:\/\/lamendigapolitica.com\/wp-content\/uploads\/2024\/09\/56.jpg 1174w, https:\/\/lamendigapolitica.com\/wp-content\/uploads\/2024\/09\/56-300x190.jpg 300w, https:\/\/lamendigapolitica.com\/wp-content\/uploads\/2024\/09\/56-1024x650.jpg 1024w, https:\/\/lamendigapolitica.com\/wp-content\/uploads\/2024\/09\/56-768x487.jpg 768w, https:\/\/lamendigapolitica.com\/wp-content\/uploads\/2024\/09\/56-555x352.jpg 555w\" sizes=\"auto, (max-width: 1174px) 100vw, 1174px\" \/><\/p>\n<p>Autoridades de la UdeG inauguran nuevos espacios en este plantel hist\u00f3rico del Centro de Guadalajara<\/p>\n<p>Diez a\u00f1os antes de que fuera refundada la Universidad de Guadalajara (UdeG) comenz\u00f3 a operar la Escuela Preparatoria de Jalisco, con sede en el edificio ubicado en la calle Gonz\u00e1lez Ortega 225, en el Centro Hist\u00f3rico de Guadalajara.<\/p>\n<p>Fue el jueves 10 de septiembre de 1914 cuando naci\u00f3 este espacio educativo que pronto se convirti\u00f3 en un basti\u00f3n de la educaci\u00f3n p\u00fablica en la entidad, de donde han egresado cientos de generaciones.<\/p>\n<p>Para recordar su aniversario 110, este d\u00eda se realiz\u00f3 una ceremonia en el auditorio de este plantel perteneciente al Sistema de Educaci\u00f3n Media Superior (SEMS), en la cual el Director de la preparatoria, doctor Carlos Fregoso Gennis, record\u00f3 que fue durante la administraci\u00f3n del Gobernador Manuel M. Di\u00e9guez que naci\u00f3 el proyecto plasmado en el Decreto n\u00famero 29.<\/p>\n<p>\u201cSe dispuso su creaci\u00f3n, que oficialmente arranc\u00f3 el 15 de septiembre, para ofrecer una propuesta de educaci\u00f3n en la que se brindan las herramientas para crear ciudadanos comprometidos con la sociedad\u201d.<\/p>\n<p>\u201cEsa misi\u00f3n se ha mantenido y evolucionado firmemente, adapt\u00e1ndose a lo inevitable y estando presente en los cambios culturales, sociales y tecnol\u00f3gicos, sin perder sus objetivos originales\u201d, dijo Fregoso Gennis.<\/p>\n<p>Destac\u00f3 que se seguir\u00e1 trabajando para que la prepa siga siendo la casa de estudiantes, profesores y egresados donde se impulsa la justicia, inclusi\u00f3n y equidad; es as\u00ed, dijo, como se seguir\u00e1 rindiendo homenaje \u201ca quienes han conducido a los j\u00f3venes hacia una formaci\u00f3n integral. Que en la Escuela Preparatoria de Jalisco se piensa y se trabaja\u201d, recalc\u00f3 su director.<\/p>\n<p>&nbsp;<\/p>\n<p>El Rector General, doctor Ricardo Villanueva Lomel\u00ed, destac\u00f3 que la Prepa Jalisco tiene un valor diferente en la historia de la UdeG. \u201cEste edificio hist\u00f3rico se construy\u00f3 en 1751, aqu\u00ed estuvo antes el Liceo de Varones, con corte liberal, que hoy se sigue manteniendo\u201d, declar\u00f3.<\/p>\n<p>&nbsp;<\/p>\n<p>Record\u00f3 que el recinto resguarda patrimonios culturales y art\u00edsticos como la antigua biblioteca, el Laboratorio de F\u00edsica, los murales Renace la serpiente, Los puntos cardinales y La casa de las transformaciones, del artista Jorge Navarro; as\u00ed como el mural Universidad y educaci\u00f3n popular, de Guillermo Ch\u00e1vez Vega, que se encuentra en las escaleras imperiales.<\/p>\n<p>&nbsp;<\/p>\n<p>Apunt\u00f3 que de este bachillerato egresaron quienes han sido rectores de la UdeG: Jos\u00e9 Barba Rubio, Guillermo Ram\u00edrez Valadez, Constancio Hern\u00e1ndez Alvirde, Roberto Mendiola Orta, Hugo V\u00e1zquez Reyes, Jos\u00e9 Parres Arias, Jos\u00e9 Ignacio Maciel Salcedo y Rafael Garc\u00eda de Quevedo, entre otros.<\/p>\n<p>&nbsp;<\/p>\n<p>\u201cEsta prepa es la que m\u00e1s rectores ha dado a la universidad; sigan produciendo rectores en esta aulas, porque los necesitamos\u201d, expres\u00f3 Villanueva Lomel\u00ed.<\/p>\n<p>&nbsp;<\/p>\n<p>En la ceremonia se entregaron reconocimientos a trabajadores que durante los \u00faltimos dos a\u00f1os se han jubilado: Salvador Cacho Romero, \u00d3scar Arturo Herrera Estrada, Mart\u00edn Gerardo Herra Sandoval, Norma Patricia Navarro y Leticia Vargas G\u00f3mez.<\/p>\n<p>&nbsp;<\/p>\n<p>Al t\u00e9rmino de la ceremonia se inaugur\u00f3 la Sala de Maestros \u201cDr. Ricardo Villanueva Lomel\u00ed\u201d, nuevos cub\u00edculos de Orientaci\u00f3n Educativa y Primer Contacto; as\u00ed como la exposici\u00f3n pict\u00f3rica Los caminos del le\u00f3n, integrada por obras de estudiantes.<\/p>\n<p>&nbsp;<\/p>\n<p>Un pastel hecho de cupcakes, con el escudo de la preparatoria, fue el gesto que dio cierre para celebrar el tiempo, pero sobre todo la dedicaci\u00f3n de miles de personas que a lo largo de los a\u00f1os se han empe\u00f1ado por hacer de este bachillerato un hogar para los j\u00f3venes de Jalisco.<\/p>\n<p>&nbsp;<\/p>\n","protected":false},"excerpt":{"rendered":"<p>&nbsp; Autoridades de la UdeG inauguran nuevos espacios en este plantel hist\u00f3rico del Centro de Guadalajara Diez a\u00f1os antes de que fuera refundada la Universidad de Guadalajara (UdeG) comenz\u00f3 a operar la Escuela Preparatoria de Jalisco, con sede en el edificio ubicado en la calle Gonz\u00e1lez Ortega 225, en el Centro Hist\u00f3rico de Guadalajara. Fue &hellip; <\/p>\n<p><a class=\"more-link btn\" href=\"https:\/\/lamendigapolitica.com\/?p=79495\">Seguir leyendo<\/a><\/p>\n","protected":false},"author":1,"featured_media":0,"comment_status":"open","ping_status":"closed","sticky":false,"template":"","format":"standard","meta":{"footnotes":""},"categories":[26,28,45,22,106],"tags":[],"class_list":["post-79495","post","type-post","status-publish","format-standard","hentry","category-cultura","category-educacion","category-featured","category-sociales","category-universidad","item-wrap"],"_links":{"self":[{"href":"https:\/\/lamendigapolitica.com\/index.php?rest_route=\/wp\/v2\/posts\/79495","targetHints":{"allow":["GET"]}}],"collection":[{"href":"https:\/\/lamendigapolitica.com\/index.php?rest_route=\/wp\/v2\/posts"}],"about":[{"href":"https:\/\/lamendigapolitica.com\/index.php?rest_route=\/wp\/v2\/types\/post"}],"author":[{"embeddable":true,"href":"https:\/\/lamendigapolitica.com\/index.php?rest_route=\/wp\/v2\/users\/1"}],"replies":[{"embeddable":true,"href":"https:\/\/lamendigapolitica.com\/index.php?rest_route=%2Fwp%2Fv2%2Fcomments&post=79495"}],"version-history":[{"count":1,"href":"https:\/\/lamendigapolitica.com\/index.php?rest_route=\/wp\/v2\/posts\/79495\/revisions"}],"predecessor-version":[{"id":79497,"href":"https:\/\/lamendigapolitica.com\/index.php?rest_route=\/wp\/v2\/posts\/79495\/revisions\/79497"}],"wp:attachment":[{"href":"https:\/\/lamendigapolitica.com\/index.php?rest_route=%2Fwp%2Fv2%2Fmedia&parent=79495"}],"wp:term":[{"taxonomy":"category","embeddable":true,"href":"https:\/\/lamendigapolitica.com\/index.php?rest_route=%2Fwp%2Fv2%2Fcategories&post=79495"},{"taxonomy":"post_tag","embeddable":true,"href":"https:\/\/lamendigapolitica.com\/index.php?rest_route=%2Fwp%2Fv2%2Ftags&post=79495"}],"curies":[{"name":"wp","href":"https:\/\/api.w.org\/{rel}","templated":true}]}}