{"id":79489,"date":"2024-09-20T20:01:14","date_gmt":"2024-09-21T02:01:14","guid":{"rendered":"https:\/\/lamendigapolitica.com\/?p=79489"},"modified":"2024-09-21T20:06:55","modified_gmt":"2024-09-22T02:06:55","slug":"zapopan-abre-galeria-de-arte-y-taller-de-grabado-en-el-mercado-lazaro-cardenas","status":"publish","type":"post","link":"https:\/\/lamendigapolitica.com\/?p=79489","title":{"rendered":"Zapopan abre Galer\u00eda de Arte y Taller de Grabado en el Mercado L\u00e1zaro C\u00e1rdenas"},"content":{"rendered":"<p><img loading=\"lazy\" decoding=\"async\" class=\"aligncenter size-full wp-image-79490\" src=\"https:\/\/lamendigapolitica.com\/blog\/wp-content\/uploads\/2024\/09\/54009803934_ee83c4066a_c.jpg\" alt=\"\" width=\"799\" height=\"533\" srcset=\"https:\/\/lamendigapolitica.com\/wp-content\/uploads\/2024\/09\/54009803934_ee83c4066a_c.jpg 799w, https:\/\/lamendigapolitica.com\/wp-content\/uploads\/2024\/09\/54009803934_ee83c4066a_c-300x200.jpg 300w, https:\/\/lamendigapolitica.com\/wp-content\/uploads\/2024\/09\/54009803934_ee83c4066a_c-768x512.jpg 768w, https:\/\/lamendigapolitica.com\/wp-content\/uploads\/2024\/09\/54009803934_ee83c4066a_c-555x370.jpg 555w\" sizes=\"auto, (max-width: 799px) 100vw, 799px\" \/><\/p>\n<p>La Galer\u00eda de Arte ser\u00e1 de ingreso libre y el Taller de Grabado ser\u00e1 de uso gratuito para las y los artistas que inician<\/p>\n<p>Para esta renovaci\u00f3n fue invertido un mill\u00f3n de pesos e incluye el \u00e1rea de fondas<\/p>\n<p>Como parte de las celebraciones por el 50 aniversario del Mercado L\u00e1zaro C\u00e1rdenas, la Coordinaci\u00f3n General de Servicios Municipales a trav\u00e9s de la Direcci\u00f3n de Mercados de Zapopan, invirtieron un mill\u00f3n de pesos para la renovaci\u00f3n del inmueble que ahora cuenta con una Galer\u00eda de Arte y un Taller de Grabado en la segunda planta.<!--more--><\/p>\n<p>El Presidente Municipal de Zapopan, Juan Jos\u00e9 Frangie Saade, destac\u00f3 que estos esfuerzos se suman a la difusi\u00f3n de la cultura que impulsa el municipio, as\u00ed como el apoyo a las y los artistas que van iniciando, pues el Taller ser\u00e1 de uso gratuito, al igual que el ingreso a la Galer\u00eda, lugar al que se puede acceder por las escaleras sobre la avenida Hidalgo, en el primer cuadro del municipio.<\/p>\n<p>\u201cEstamos llevando la cultura hasta el \u00faltimo rinc\u00f3n de Zapopan. Antes la cultura era para muy poca gente; hoy tenemos que abrir la cultura a todo Zapopan, hasta el \u00faltimo rinc\u00f3n. \u00bfCu\u00e1ndo nos pod\u00edamos imaginar que un mercado pod\u00eda tener un lugar como este?\u201d. La cultura es un ant\u00eddoto para combatir la violencia, para prevenir la delincuencia\u201d, detall\u00f3.<\/p>\n<p>Con acciones de este tipo, Zapopan aumenta la promoci\u00f3n de los mercados municipales para seguir con la reactivaci\u00f3n de la econom\u00eda local y cumplir con el compromiso de renovar los espacios, por lo que adelant\u00f3 que ser\u00e1 renovada tambi\u00e9n la planta baja del Mercado L\u00e1zaro C\u00e1rdenas y otros inmuebles municipales.<\/p>\n<p>\u201cTodos los mercados van a quedar remodelados en estos tres a\u00f1os y esto nos va a permitir poder meter el arte dentro de ellos\u201d, agreg\u00f3 Frangie Saade y destac\u00f3 que para la pr\u00f3xima administraci\u00f3n el Gobierno de Zapopan contempla un presupuesto de 10 millones de pesos para invertir en apoyos, obras y espacios culturales en el municipio.<\/p>\n<p>Por su parte, el director de Cultura en Zapopan, Cristopher de Alba Anguiano, inform\u00f3 que el \u00e1rea de Galer\u00eda y Taller, que forman parte del Distrito de Museos de Zapopan, tendr\u00e1 actividades gratuitas para personas de todas las edades en espacios no culturales.<\/p>\n<p>\u201cEl arte y la cultura se han ido ganando espacios en el municipio de Zapopan. Yo creo que al estar en un mercado, aqu\u00ed comprobamos que el arte y la cultura en Zapopan se trabajan a otro nivel. Este lugar integrar\u00e1 la gastronom\u00eda, cuestiones tur\u00edsticas, pero tambi\u00e9n la educaci\u00f3n, el cuidado patrimonial y lo que queremos es que los artistas, en general, puedan tener m\u00e1s espacios de ense\u00f1anza, disfrute y para compartir el arte\u201d, asegur\u00f3.<\/p>\n<p>El espacio, en la parte superior del mercado L\u00e1zaro C\u00e1rdenas, ubicado en Avenida Hidalgo 45, tendr\u00e1 talleres con artistas avanzados los martes y jueves, los lunes y mi\u00e9rcoles, ediciones de artistas y los viernes para ni\u00f1as y ni\u00f1os. Las inscripciones son directamente en la galer\u00eda.<\/p>\n<p>Para la renovaci\u00f3n de mercados municipales, el Gobierno de Zapopan suma una inversi\u00f3n de 50 millones de pesos. Los inmuebles intervenidos son: Atemajac, Las Flores, Solidario Los Volcanes, Constituci\u00f3n, Las Fuentes, Ciudad Granja y la Planta Alta de L\u00e1zaro C\u00e1rdenas. El compromiso es que durante la pr\u00f3xima administraci\u00f3n sean intervenidos los 16 con los que cuenta el Municipio.<\/p>\n","protected":false},"excerpt":{"rendered":"<p>La Galer\u00eda de Arte ser\u00e1 de ingreso libre y el Taller de Grabado ser\u00e1 de uso gratuito para las y los artistas que inician Para esta renovaci\u00f3n fue invertido un mill\u00f3n de pesos e incluye el \u00e1rea de fondas Como parte de las celebraciones por el 50 aniversario del Mercado L\u00e1zaro C\u00e1rdenas, la Coordinaci\u00f3n General &hellip; <\/p>\n<p><a class=\"more-link btn\" href=\"https:\/\/lamendigapolitica.com\/?p=79489\">Seguir leyendo<\/a><\/p>\n","protected":false},"author":1,"featured_media":0,"comment_status":"open","ping_status":"closed","sticky":false,"template":"","format":"standard","meta":{"footnotes":""},"categories":[101,97,26,28,36,45,20,102,22,41],"tags":[],"class_list":["post-79489","post","type-post","status-publish","format-standard","hentry","category-cine","category-comunicacion","category-cultura","category-educacion","category-espectaculos","category-featured","category-gobierno","category-municipio","category-sociales","category-tecnologia","item-wrap"],"_links":{"self":[{"href":"https:\/\/lamendigapolitica.com\/index.php?rest_route=\/wp\/v2\/posts\/79489","targetHints":{"allow":["GET"]}}],"collection":[{"href":"https:\/\/lamendigapolitica.com\/index.php?rest_route=\/wp\/v2\/posts"}],"about":[{"href":"https:\/\/lamendigapolitica.com\/index.php?rest_route=\/wp\/v2\/types\/post"}],"author":[{"embeddable":true,"href":"https:\/\/lamendigapolitica.com\/index.php?rest_route=\/wp\/v2\/users\/1"}],"replies":[{"embeddable":true,"href":"https:\/\/lamendigapolitica.com\/index.php?rest_route=%2Fwp%2Fv2%2Fcomments&post=79489"}],"version-history":[{"count":1,"href":"https:\/\/lamendigapolitica.com\/index.php?rest_route=\/wp\/v2\/posts\/79489\/revisions"}],"predecessor-version":[{"id":79491,"href":"https:\/\/lamendigapolitica.com\/index.php?rest_route=\/wp\/v2\/posts\/79489\/revisions\/79491"}],"wp:attachment":[{"href":"https:\/\/lamendigapolitica.com\/index.php?rest_route=%2Fwp%2Fv2%2Fmedia&parent=79489"}],"wp:term":[{"taxonomy":"category","embeddable":true,"href":"https:\/\/lamendigapolitica.com\/index.php?rest_route=%2Fwp%2Fv2%2Fcategories&post=79489"},{"taxonomy":"post_tag","embeddable":true,"href":"https:\/\/lamendigapolitica.com\/index.php?rest_route=%2Fwp%2Fv2%2Ftags&post=79489"}],"curies":[{"name":"wp","href":"https:\/\/api.w.org\/{rel}","templated":true}]}}