{"id":79480,"date":"2024-09-17T23:13:06","date_gmt":"2024-09-18T05:13:06","guid":{"rendered":"https:\/\/lamendigapolitica.com\/?p=79480"},"modified":"2024-09-17T23:13:06","modified_gmt":"2024-09-18T05:13:06","slug":"genaro-garcia-luna-acusa-vinculos-de-amlo-con-el-narcotrafico","status":"publish","type":"post","link":"https:\/\/lamendigapolitica.com\/?p=79480","title":{"rendered":"Genaro Garc\u00eda Luna acusa v\u00ednculos de AMLO con el narcotr\u00e1fico"},"content":{"rendered":"<p><img loading=\"lazy\" decoding=\"async\" class=\"aligncenter size-full wp-image-79481\" src=\"https:\/\/lamendigapolitica.com\/blog\/wp-content\/uploads\/2024\/09\/33.jpeg\" alt=\"\" width=\"612\" height=\"778\" srcset=\"https:\/\/lamendigapolitica.com\/wp-content\/uploads\/2024\/09\/33.jpeg 612w, https:\/\/lamendigapolitica.com\/wp-content\/uploads\/2024\/09\/33-236x300.jpeg 236w, https:\/\/lamendigapolitica.com\/wp-content\/uploads\/2024\/09\/33-555x706.jpeg 555w\" sizes=\"auto, (max-width: 612px) 100vw, 612px\" \/><\/p>\n<p>Genaro Garc\u00eda Luna, exsecretario de Seguridad P\u00fablica de M\u00e9xico, emiti\u00f3 una carta en la que acus\u00f3 que existen registros de contactos entre el presidente Andr\u00e9s Manuel L\u00f3pez Obrador y l\u00edderes del narcotr\u00e1fico, incluidas familias de narcotraficantes que testificaron en su contra.<!--more--><\/p>\n<p>\u201cEstos hechos son conocidos con la reciente captura del narcotraficante Ismael Zambada \u2018El Mayo\u2019; la carta emitida por \u00e9l donde se\u00f1ala los v\u00ednculos del actual gobierno con \u00e9l y el narcotr\u00e1fico, la posici\u00f3n del gobierno de M\u00e9xico contra la captura del capo y el desmantelamiento del Poder Judicial de M\u00e9xico (jueces, magistrados, ministros y Corte), cuyos principales beneficiarios son los criminales, hechos ratificados con la suspensi\u00f3n de recientes relaciones oficiales entre M\u00e9xico y Estados Unidos\u201d, dijo el exfuncionario.<\/p>\n<p>En la misiva escrita por Garc\u00eda Luna, desde el Centro de Detenci\u00f3n Metropolitano en Brooklyn, Nueva York, donde se encuentra recluido desde diciembre de 2019, denunci\u00f3 lo que consider\u00f3 una persecuci\u00f3n pol\u00edtica orquestada tanto por las autoridades estadounidenses como mexicanas, y dijo ser inocente ante las acusaciones de v\u00ednculos con el narcotr\u00e1fico.<\/p>\n<p>\u201cLa informaci\u00f3n falsa aportada por el gobierno de M\u00e9xico y los dichos contradictorios de los testigos fueron completamente desacreditados con evidencias, pruebas documentales, fotograf\u00edas, declaraciones, jurados y resoluciones del Poder Judicial de Estados Unidos y M\u00e9xico en el marco de los recursos legales que prev\u00e9 el proceso legal\u201d, se detall\u00f3 en el escrito.<\/p>\n<p>Genaro Garc\u00eda Luna narr\u00f3 que, en 2019, fue arrestado en Texas por agentes de la Administraci\u00f3n de Control de Drogas (DEA, por sus siglas en ingl\u00e9s) y afirm\u00f3 que, desde el primer momento, se le ofreci\u00f3 un acuerdo con la fiscal\u00eda para reducir su condena si aceptaba declararse culpable.<\/p>\n<p>Seg\u00fan Garc\u00eda Luna, este acuerdo no ten\u00eda como objetivo incriminar a narcotraficantes, sino implicar a personas e instituciones que afectar\u00edan \u00abel desarrollo, la paz p\u00fablica y la vida institucional del pa\u00eds\u00bb.<\/p>\n<p>\u201cComo es del conocimiento p\u00fablico, los fiscales no presentaron una sola prueba o evidencia que acreditara los delitos que se\u00f1alaban (las autoridades), esencialmente delitos vinculados al narcotr\u00e1fico; no presentaron ning\u00fan documento, fotograf\u00eda, video, audio, registro de comunicaci\u00f3n telef\u00f3nica, documentos fiscales o financieros, cuentas bancarias o registro alguno de contacto con alg\u00fan miembro del narcotr\u00e1fico o su familia como lo se\u00f1alaba el gobierno de M\u00e9xico\u201d, denunci\u00f3.<\/p>\n<p>Por otro lado, Garc\u00eda Luna dijo que durante su reclusi\u00f3n en Estados Unidos ha vivido condiciones inhumanas; tambi\u00e9n mencion\u00f3 que ha estado recluido durante casi cinco a\u00f1os, en ocasiones en aislamiento, y ha enfrentado constantes amenazas a su integridad f\u00edsica.<\/p>\n<p>Adem\u00e1s, acus\u00f3 a los fiscales de intentar involucrarlo mediante grabaciones encubiertas, realizadas por compa\u00f1eros de celda; pruebas que, seg\u00fan el exfuncionario, fueron desechadas por la corte tras no corroborar las acusaciones.<\/p>\n","protected":false},"excerpt":{"rendered":"<p>Genaro Garc\u00eda Luna, exsecretario de Seguridad P\u00fablica de M\u00e9xico, emiti\u00f3 una carta en la que acus\u00f3 que existen registros de contactos entre el presidente Andr\u00e9s Manuel L\u00f3pez Obrador y l\u00edderes del narcotr\u00e1fico, incluidas familias de narcotraficantes que testificaron en su contra.<\/p><p><a class=\"more-link btn\" href=\"https:\/\/lamendigapolitica.com\/?p=79480\">Seguir leyendo<\/a><\/p>\n","protected":false},"author":1,"featured_media":0,"comment_status":"open","ping_status":"closed","sticky":false,"template":"","format":"standard","meta":{"footnotes":""},"categories":[5],"tags":[],"class_list":["post-79480","post","type-post","status-publish","format-standard","hentry","category-partidos","item-wrap"],"_links":{"self":[{"href":"https:\/\/lamendigapolitica.com\/index.php?rest_route=\/wp\/v2\/posts\/79480","targetHints":{"allow":["GET"]}}],"collection":[{"href":"https:\/\/lamendigapolitica.com\/index.php?rest_route=\/wp\/v2\/posts"}],"about":[{"href":"https:\/\/lamendigapolitica.com\/index.php?rest_route=\/wp\/v2\/types\/post"}],"author":[{"embeddable":true,"href":"https:\/\/lamendigapolitica.com\/index.php?rest_route=\/wp\/v2\/users\/1"}],"replies":[{"embeddable":true,"href":"https:\/\/lamendigapolitica.com\/index.php?rest_route=%2Fwp%2Fv2%2Fcomments&post=79480"}],"version-history":[{"count":1,"href":"https:\/\/lamendigapolitica.com\/index.php?rest_route=\/wp\/v2\/posts\/79480\/revisions"}],"predecessor-version":[{"id":79482,"href":"https:\/\/lamendigapolitica.com\/index.php?rest_route=\/wp\/v2\/posts\/79480\/revisions\/79482"}],"wp:attachment":[{"href":"https:\/\/lamendigapolitica.com\/index.php?rest_route=%2Fwp%2Fv2%2Fmedia&parent=79480"}],"wp:term":[{"taxonomy":"category","embeddable":true,"href":"https:\/\/lamendigapolitica.com\/index.php?rest_route=%2Fwp%2Fv2%2Fcategories&post=79480"},{"taxonomy":"post_tag","embeddable":true,"href":"https:\/\/lamendigapolitica.com\/index.php?rest_route=%2Fwp%2Fv2%2Ftags&post=79480"}],"curies":[{"name":"wp","href":"https:\/\/api.w.org\/{rel}","templated":true}]}}