{"id":79477,"date":"2024-09-16T22:24:45","date_gmt":"2024-09-17T04:24:45","guid":{"rendered":"https:\/\/lamendigapolitica.com\/?p=79477"},"modified":"2024-09-17T22:37:43","modified_gmt":"2024-09-18T04:37:43","slug":"alegra-a-espectadores-el-tradicional-desfile-civico-militar-conmemorativo-a-la-independencia-de-mexico","status":"publish","type":"post","link":"https:\/\/lamendigapolitica.com\/?p=79477","title":{"rendered":"Alegra a espectadores el tradicional Desfile C\u00edvico-Militar Conmemorativo a la Independencia de M\u00e9xico"},"content":{"rendered":"<p><img loading=\"lazy\" decoding=\"async\" class=\"aligncenter size-full wp-image-79478\" src=\"https:\/\/lamendigapolitica.com\/blog\/wp-content\/uploads\/2024\/09\/54000771400_aec93e85ee_c.jpg\" alt=\"\" width=\"799\" height=\"533\" srcset=\"https:\/\/lamendigapolitica.com\/wp-content\/uploads\/2024\/09\/54000771400_aec93e85ee_c.jpg 799w, https:\/\/lamendigapolitica.com\/wp-content\/uploads\/2024\/09\/54000771400_aec93e85ee_c-300x200.jpg 300w, https:\/\/lamendigapolitica.com\/wp-content\/uploads\/2024\/09\/54000771400_aec93e85ee_c-768x512.jpg 768w, https:\/\/lamendigapolitica.com\/wp-content\/uploads\/2024\/09\/54000771400_aec93e85ee_c-555x370.jpg 555w\" sizes=\"auto, (max-width: 799px) 100vw, 799px\" \/><\/p>\n<p>El Gobernador del Estado de Jalisco, Enrique Alfaro Ram\u00edrez, acompa\u00f1\u00f3 a autoridades de los tres \u00f3rdenes de gobierno al Desfile C\u00edvico-Militar Conmemorativo al 214 Aniversario de la Independencia de M\u00e9xico.<\/p>\n<p>Por la avenida Chapultepec, extendi\u00e9ndose hasta la avenida M\u00e9xico y la avenida Am\u00e9ricas, y frente a m\u00e1s de 54 mil tapat\u00edas, tapat\u00edos y turistas, ondearon las banderas de M\u00e9xico para dar inicio al recorrido con el permiso del Coronel de Infanter\u00eda D.E.M. Marcos Alonso Gastelum, comandante del 14.\u00ba Batall\u00f3n de Infanter\u00eda de la 15.\u00aa Zona Militar y Comandante de la Columna del Desfile.<!--more--><\/p>\n<p>\u00abDesfilaron ante el pueblo de Jalisco los siguientes efectivos: 6 banderas de guerra, 18 banderas nacionales, 33 guiones, mil 380 efectivos del Ej\u00e9rcito, Fuerza A\u00e9rea y Guardia Nacional, 2 mil 859 civiles, 345 veh\u00edculos, 31 motocicletas, una embarcaci\u00f3n, dos aeronaves, 82 caballos, 27 binomios can\u00f3filos, realiz\u00e1ndose en un tiempo de una hora con 25 minutos sin novedad\u00bb, detall\u00f3 el parte de novedades el Comandante Gastelum.<\/p>\n<p>Desfilaron mujeres y hombres miembros de las corporaciones del Ej\u00e9rcito Mexicano, Fuerza A\u00e9rea Nacional, Guardia Nacional, Fiscal\u00eda del Estado de Jalisco, Secretar\u00eda de Seguridad, Polic\u00eda Vial, Unidad Estatal de Protecci\u00f3n Civil y Bomberos de Jalisco, as\u00ed como la Banda de Guerra encabezada por estudiantes de educaci\u00f3n primaria, adem\u00e1s de comandancias estatales y regionales, miembros de las corporaciones forestales, el escuadr\u00f3n a\u00e9reo, escuadr\u00f3n canino, servicios m\u00e9dicos municipales, Cruz Verde, Cruz Roja, entre otras agrupaciones al servicio p\u00fablico y de la sociedad civil, como los convoys c\u00edvico &#8211; deportivo del pentatl\u00f3n moderno militar.<\/p>\n<p>Cerraron el desfile la representaci\u00f3n del deporte nacional, la Asociaci\u00f3n de Charros de Jalisco.<\/p>\n<p>Estuvieron presentes secretarios y directores del Gabinete Estatal, adem\u00e1s de funcionarios federales, municipales, del Poder Judicial y Poder Legislativo.<\/p>\n<p>&nbsp;<\/p>\n","protected":false},"excerpt":{"rendered":"<p>El Gobernador del Estado de Jalisco, Enrique Alfaro Ram\u00edrez, acompa\u00f1\u00f3 a autoridades de los tres \u00f3rdenes de gobierno al Desfile C\u00edvico-Militar Conmemorativo al 214 Aniversario de la Independencia de M\u00e9xico. Por la avenida Chapultepec, extendi\u00e9ndose hasta la avenida M\u00e9xico y la avenida Am\u00e9ricas, y frente a m\u00e1s de 54 mil tapat\u00edas, tapat\u00edos y turistas, ondearon &hellip; <\/p>\n<p><a class=\"more-link btn\" href=\"https:\/\/lamendigapolitica.com\/?p=79477\">Seguir leyendo<\/a><\/p>\n","protected":false},"author":1,"featured_media":0,"comment_status":"open","ping_status":"closed","sticky":false,"template":"","format":"standard","meta":{"footnotes":""},"categories":[101,97,45,20,37,3,27,22],"tags":[],"class_list":["post-79477","post","type-post","status-publish","format-standard","hentry","category-cine","category-comunicacion","category-featured","category-gobierno","category-nacional","category-politica","category-seguridad","category-sociales","item-wrap"],"_links":{"self":[{"href":"https:\/\/lamendigapolitica.com\/index.php?rest_route=\/wp\/v2\/posts\/79477","targetHints":{"allow":["GET"]}}],"collection":[{"href":"https:\/\/lamendigapolitica.com\/index.php?rest_route=\/wp\/v2\/posts"}],"about":[{"href":"https:\/\/lamendigapolitica.com\/index.php?rest_route=\/wp\/v2\/types\/post"}],"author":[{"embeddable":true,"href":"https:\/\/lamendigapolitica.com\/index.php?rest_route=\/wp\/v2\/users\/1"}],"replies":[{"embeddable":true,"href":"https:\/\/lamendigapolitica.com\/index.php?rest_route=%2Fwp%2Fv2%2Fcomments&post=79477"}],"version-history":[{"count":1,"href":"https:\/\/lamendigapolitica.com\/index.php?rest_route=\/wp\/v2\/posts\/79477\/revisions"}],"predecessor-version":[{"id":79479,"href":"https:\/\/lamendigapolitica.com\/index.php?rest_route=\/wp\/v2\/posts\/79477\/revisions\/79479"}],"wp:attachment":[{"href":"https:\/\/lamendigapolitica.com\/index.php?rest_route=%2Fwp%2Fv2%2Fmedia&parent=79477"}],"wp:term":[{"taxonomy":"category","embeddable":true,"href":"https:\/\/lamendigapolitica.com\/index.php?rest_route=%2Fwp%2Fv2%2Fcategories&post=79477"},{"taxonomy":"post_tag","embeddable":true,"href":"https:\/\/lamendigapolitica.com\/index.php?rest_route=%2Fwp%2Fv2%2Ftags&post=79477"}],"curies":[{"name":"wp","href":"https:\/\/api.w.org\/{rel}","templated":true}]}}