{"id":79473,"date":"2024-09-15T13:08:26","date_gmt":"2024-09-15T19:08:26","guid":{"rendered":"https:\/\/lamendigapolitica.com\/?p=79473"},"modified":"2024-09-15T13:08:26","modified_gmt":"2024-09-15T19:08:26","slug":"la-realeza-britanica-felicita-al-principe-enrique-por-sus-40-anos","status":"publish","type":"post","link":"https:\/\/lamendigapolitica.com\/?p=79473","title":{"rendered":"La realeza brit\u00e1nica felicita al pr\u00edncipe Enrique por sus 40 a\u00f1os"},"content":{"rendered":"<p><img loading=\"lazy\" decoding=\"async\" class=\"aligncenter size-full wp-image-79474\" src=\"https:\/\/lamendigapolitica.com\/blog\/wp-content\/uploads\/2024\/09\/213.jpg\" alt=\"\" width=\"974\" height=\"619\" srcset=\"https:\/\/lamendigapolitica.com\/wp-content\/uploads\/2024\/09\/213.jpg 974w, https:\/\/lamendigapolitica.com\/wp-content\/uploads\/2024\/09\/213-300x191.jpg 300w, https:\/\/lamendigapolitica.com\/wp-content\/uploads\/2024\/09\/213-768x488.jpg 768w, https:\/\/lamendigapolitica.com\/wp-content\/uploads\/2024\/09\/213-555x353.jpg 555w\" sizes=\"auto, (max-width: 974px) 100vw, 974px\" \/><\/p>\n<p>AP.\u2014 Las redes sociales de la realeza brit\u00e1nica publicaron el domingo felicitaciones por los 40 a\u00f1os del pr\u00edncipe Enrique, marcando el festejo a pesar de las tensiones por la publicaci\u00f3n de sus explosivas memorias, \u201cEn la sombra\u201d (\u201cSpare\u201d).<\/p>\n<p>El sitio de la Familia Real comparti\u00f3 una imagen de un Enrique radiante con un emoji de pastel y la leyenda \u00ab\u00a1Dese\u00e1ndole al duque de Sussex un muy feliz cumplea\u00f1os n\u00famero 40 hoy!\u201d. El pr\u00edncipe y la princesa de Gales compartieron la imagen, agregando sus propios deseos de cumplea\u00f1os.<!--more--><\/p>\n<p>Es el primer mensaje de cumplea\u00f1os p\u00fablico desde la cuenta de la familia real para Enrique desde 2021.<\/p>\n<p>El duque y la duquesa de Sussex anunciaron que renunciar\u00edan a los deberes reales en enero de 2020. Se mudaron a Estados Unidos y dijeron que esperaban volverse financieramente independientes, firmando acuerdos lucrativos con Netflix y Spotify.<\/p>\n<p>Enrique comparti\u00f3 su famosa historia en las memorias \u201cEn la sombra\u201d (\u201cSpare\u201d). En el libro escrito con ayuda de un escritor profesional, Enrique relat\u00f3 su dolor por la muerte de su madre, la princesa Diana, una pelea con el pr\u00edncipe Guillermo y su malestar con la vida a la sombra de su hermano mayor.<\/p>\n","protected":false},"excerpt":{"rendered":"<p>AP.\u2014 Las redes sociales de la realeza brit\u00e1nica publicaron el domingo felicitaciones por los 40 a\u00f1os del pr\u00edncipe Enrique, marcando el festejo a pesar de las tensiones por la publicaci\u00f3n de sus explosivas memorias, \u201cEn la sombra\u201d (\u201cSpare\u201d). El sitio de la Familia Real comparti\u00f3 una imagen de un Enrique radiante con un emoji de &hellip; <\/p>\n<p><a class=\"more-link btn\" href=\"https:\/\/lamendigapolitica.com\/?p=79473\">Seguir leyendo<\/a><\/p>\n","protected":false},"author":1,"featured_media":0,"comment_status":"open","ping_status":"closed","sticky":false,"template":"","format":"standard","meta":{"footnotes":""},"categories":[101,26,20,31,3,22],"tags":[],"class_list":["post-79473","post","type-post","status-publish","format-standard","hentry","category-cine","category-cultura","category-gobierno","category-internacional","category-politica","category-sociales","item-wrap"],"_links":{"self":[{"href":"https:\/\/lamendigapolitica.com\/index.php?rest_route=\/wp\/v2\/posts\/79473","targetHints":{"allow":["GET"]}}],"collection":[{"href":"https:\/\/lamendigapolitica.com\/index.php?rest_route=\/wp\/v2\/posts"}],"about":[{"href":"https:\/\/lamendigapolitica.com\/index.php?rest_route=\/wp\/v2\/types\/post"}],"author":[{"embeddable":true,"href":"https:\/\/lamendigapolitica.com\/index.php?rest_route=\/wp\/v2\/users\/1"}],"replies":[{"embeddable":true,"href":"https:\/\/lamendigapolitica.com\/index.php?rest_route=%2Fwp%2Fv2%2Fcomments&post=79473"}],"version-history":[{"count":1,"href":"https:\/\/lamendigapolitica.com\/index.php?rest_route=\/wp\/v2\/posts\/79473\/revisions"}],"predecessor-version":[{"id":79475,"href":"https:\/\/lamendigapolitica.com\/index.php?rest_route=\/wp\/v2\/posts\/79473\/revisions\/79475"}],"wp:attachment":[{"href":"https:\/\/lamendigapolitica.com\/index.php?rest_route=%2Fwp%2Fv2%2Fmedia&parent=79473"}],"wp:term":[{"taxonomy":"category","embeddable":true,"href":"https:\/\/lamendigapolitica.com\/index.php?rest_route=%2Fwp%2Fv2%2Fcategories&post=79473"},{"taxonomy":"post_tag","embeddable":true,"href":"https:\/\/lamendigapolitica.com\/index.php?rest_route=%2Fwp%2Fv2%2Ftags&post=79473"}],"curies":[{"name":"wp","href":"https:\/\/api.w.org\/{rel}","templated":true}]}}