{"id":79445,"date":"2024-09-11T21:21:29","date_gmt":"2024-09-12T03:21:29","guid":{"rendered":"https:\/\/lamendigapolitica.com\/?p=79445"},"modified":"2024-09-12T21:46:59","modified_gmt":"2024-09-13T03:46:59","slug":"la-presidenta-electa-de-mexico-vivira-en-el-palacio-nacional","status":"publish","type":"post","link":"https:\/\/lamendigapolitica.com\/?p=79445","title":{"rendered":"La presidenta electa de M\u00e9xico vivir\u00e1 en el Palacio Nacional"},"content":{"rendered":"<p><img loading=\"lazy\" decoding=\"async\" class=\"aligncenter size-full wp-image-79446\" src=\"https:\/\/lamendigapolitica.com\/blog\/wp-content\/uploads\/2024\/09\/3.jpg\" alt=\"\" width=\"1394\" height=\"840\" srcset=\"https:\/\/lamendigapolitica.com\/wp-content\/uploads\/2024\/09\/3.jpg 1394w, https:\/\/lamendigapolitica.com\/wp-content\/uploads\/2024\/09\/3-300x181.jpg 300w, https:\/\/lamendigapolitica.com\/wp-content\/uploads\/2024\/09\/3-1024x617.jpg 1024w, https:\/\/lamendigapolitica.com\/wp-content\/uploads\/2024\/09\/3-768x463.jpg 768w, https:\/\/lamendigapolitica.com\/wp-content\/uploads\/2024\/09\/3-555x334.jpg 555w\" sizes=\"auto, (max-width: 1394px) 100vw, 1394px\" \/><\/p>\n<p>AP.\u2014 La presidenta electa de M\u00e9xico, Claudia Sheinbaum, anunci\u00f3 el lunes que al igual que su predecesor Andr\u00e9s Manuel L\u00f3pez Obrador, ella tambi\u00e9n vivir\u00e1 en el Palacio Nacional y no en la residencia oficial que hasta hace seis a\u00f1os ocuparon los mandatarios mexicanos.<!--more--><\/p>\n<p>\u201cUna vez que el presidente ha puesto la idea de vivir en el Palacio Nacional, no regresar\u00eda a vivir a Los Pinos evidentemente\u201d, dijo Sheinbaum en una conferencia de prensa en la que desglos\u00f3 la agenda de su primera semana de gobierno a partir del 1 de octubre. \u201cTampoco en el Castillo de Chapultepec\u201d, brome\u00f3 sobre su futuro lugar de residencia en referencia al actual museo que lleg\u00f3 a ser hogar presidencial en el siglo XIX.<\/p>\n<p>L\u00f3pez Obrador fue el primero en trasladar la residencia presidencial al Palacio Nacional, sede del gobierno ubicada en el Z\u00f3calo, la principal plaza de Ciudad de M\u00e9xico, desde Los Pinos, donde hasta 2018 vivieron los mandatarios en turno y cuyo acceso se manten\u00eda restringido.<\/p>\n<p>Sheinbaum mencion\u00f3 que s\u00f3lo conoce por fuera el departamento que L\u00f3pez Obrador adecu\u00f3 para vivir dentro del Palacio Nacional y que dar\u00e1 tiempo y espacio al mandatario saliente y su familia para desalojar el espacio. \u201cEllos van a estar ah\u00ed no s\u00e9 si hasta el primero (1 de octubre) o la noche del 30 (de septiembre) al primero\u201d, matiz\u00f3.<\/p>\n<p>Para su primer d\u00eda en el cargo, Sheinbaum adelant\u00f3 que despu\u00e9s del acto protocolario de toma de posesi\u00f3n en el Congreso y de almorzar con los invitados internacionales, tendr\u00e1 su primer ba\u00f1o de masas como presidenta en el Z\u00f3calo de la capital. Ah\u00ed, indic\u00f3, ya no estar\u00e1 el mandatario saliente L\u00f3pez Obrador.<\/p>\n<p>&nbsp;<\/p>\n","protected":false},"excerpt":{"rendered":"<p>AP.\u2014 La presidenta electa de M\u00e9xico, Claudia Sheinbaum, anunci\u00f3 el lunes que al igual que su predecesor Andr\u00e9s Manuel L\u00f3pez Obrador, ella tambi\u00e9n vivir\u00e1 en el Palacio Nacional y no en la residencia oficial que hasta hace seis a\u00f1os ocuparon los mandatarios mexicanos.<\/p><p><a class=\"more-link btn\" href=\"https:\/\/lamendigapolitica.com\/?p=79445\">Seguir leyendo<\/a><\/p>\n","protected":false},"author":1,"featured_media":0,"comment_status":"open","ping_status":"closed","sticky":false,"template":"","format":"standard","meta":{"footnotes":""},"categories":[101,97,45,20,37,5,3,27,22],"tags":[],"class_list":["post-79445","post","type-post","status-publish","format-standard","hentry","category-cine","category-comunicacion","category-featured","category-gobierno","category-nacional","category-partidos","category-politica","category-seguridad","category-sociales","item-wrap"],"_links":{"self":[{"href":"https:\/\/lamendigapolitica.com\/index.php?rest_route=\/wp\/v2\/posts\/79445","targetHints":{"allow":["GET"]}}],"collection":[{"href":"https:\/\/lamendigapolitica.com\/index.php?rest_route=\/wp\/v2\/posts"}],"about":[{"href":"https:\/\/lamendigapolitica.com\/index.php?rest_route=\/wp\/v2\/types\/post"}],"author":[{"embeddable":true,"href":"https:\/\/lamendigapolitica.com\/index.php?rest_route=\/wp\/v2\/users\/1"}],"replies":[{"embeddable":true,"href":"https:\/\/lamendigapolitica.com\/index.php?rest_route=%2Fwp%2Fv2%2Fcomments&post=79445"}],"version-history":[{"count":1,"href":"https:\/\/lamendigapolitica.com\/index.php?rest_route=\/wp\/v2\/posts\/79445\/revisions"}],"predecessor-version":[{"id":79447,"href":"https:\/\/lamendigapolitica.com\/index.php?rest_route=\/wp\/v2\/posts\/79445\/revisions\/79447"}],"wp:attachment":[{"href":"https:\/\/lamendigapolitica.com\/index.php?rest_route=%2Fwp%2Fv2%2Fmedia&parent=79445"}],"wp:term":[{"taxonomy":"category","embeddable":true,"href":"https:\/\/lamendigapolitica.com\/index.php?rest_route=%2Fwp%2Fv2%2Fcategories&post=79445"},{"taxonomy":"post_tag","embeddable":true,"href":"https:\/\/lamendigapolitica.com\/index.php?rest_route=%2Fwp%2Fv2%2Ftags&post=79445"}],"curies":[{"name":"wp","href":"https:\/\/api.w.org\/{rel}","templated":true}]}}