{"id":79439,"date":"2024-09-09T20:30:07","date_gmt":"2024-09-10T02:30:07","guid":{"rendered":"https:\/\/lamendigapolitica.com\/?p=79439"},"modified":"2024-09-12T20:51:20","modified_gmt":"2024-09-13T02:51:20","slug":"festeja-guadalajara-20o-aniversario-de-la-via-recreactiva-un-icono-de-movilidad-y-cohesion-social-en-la-ciudad","status":"publish","type":"post","link":"https:\/\/lamendigapolitica.com\/?p=79439","title":{"rendered":"Festeja Guadalajara 20\u00ba aniversario de la V\u00eda RecreActiva, un \u00edcono de movilidad y cohesi\u00f3n social en la ciudad"},"content":{"rendered":"<p><img loading=\"lazy\" decoding=\"async\" class=\"aligncenter size-full wp-image-79440\" src=\"https:\/\/lamendigapolitica.com\/blog\/wp-content\/uploads\/2024\/09\/53980764146_5115a94e8f_c-1.jpg\" alt=\"\" width=\"799\" height=\"533\" srcset=\"https:\/\/lamendigapolitica.com\/wp-content\/uploads\/2024\/09\/53980764146_5115a94e8f_c-1.jpg 799w, https:\/\/lamendigapolitica.com\/wp-content\/uploads\/2024\/09\/53980764146_5115a94e8f_c-1-300x200.jpg 300w, https:\/\/lamendigapolitica.com\/wp-content\/uploads\/2024\/09\/53980764146_5115a94e8f_c-1-768x512.jpg 768w, https:\/\/lamendigapolitica.com\/wp-content\/uploads\/2024\/09\/53980764146_5115a94e8f_c-1-555x370.jpg 555w\" sizes=\"auto, (max-width: 799px) 100vw, 799px\" \/><\/p>\n<p>La V\u00eda RecreActiva de Guadalajara est\u00e1 certificada de manera internacional con la Etiqueta Oro, destacando como la segunda v\u00eda recreativa m\u00e1s importante del mundo<\/p>\n<p>Cuenta con 31 kil\u00f3metros de recorrido y la participaci\u00f3n de m\u00e1s de 100 mil personas cada semana<\/p>\n<p>Para la celebraci\u00f3n del 20\u00ba aniversario se realizaron eventos como rodadas nocturnas, exhibiciones, mesas de di\u00e1logo, una carrera 7K, entre otras<!--more--><\/p>\n<p>Para conmemorar dos d\u00e9cadas de promover el espacio p\u00fablico para la convivencia, recreaci\u00f3n y actividad f\u00edsica, el Gobierno de Guadalajara celebr\u00f3 el 20\u00b0 aniversario de la V\u00eda RecreActiva, uno de los proyectos emblem\u00e1ticos y transformadores de la capital jalisciense.<\/p>\n<p>La V\u00eda RecreActiva de Guadalajara est\u00e1 certificada de manera internacional con la Etiqueta Oro, destacando como la segunda m\u00e1s importante del mundo; cuenta con 31 kil\u00f3metros de recorrido y la participaci\u00f3n de m\u00e1s de 100 mil personas cada semana.<\/p>\n<p>Francisco Ram\u00edrez Salcido, Alcalde Interino de Guadalajara, destac\u00f3 la relevancia de este espacio para la comunidad tapat\u00eda y agradeci\u00f3 a las y los ciudadanos por su participaci\u00f3n activa, la cual ha sido fundamental para el \u00e9xito del proyecto.<\/p>\n<p>\u00abUn reconocimiento especial a sus fundadores, asociaciones y activistas, pero sobre todo a ustedes, la ciudadan\u00eda. Ning\u00fan proyecto en el mundo puede tener \u00e9xito si no se involucra y se pone por delante a la ciudadan\u00eda\u00bb, afirm\u00f3.<\/p>\n<p>El Presidente Municipal Interino subray\u00f3 que la V\u00eda RecreActiva se convirti\u00f3 en un punto de encuentro dominical importante para las familias tapat\u00edas, promoviendo buenas costumbres, el deporte y h\u00e1bitos saludables.<\/p>\n<p>\u00abHoy en d\u00eda no podemos imaginar a Guadalajara sin su V\u00eda RecreActiva. Es un pretexto perfecto para el encuentro familiar y para inculcar buenos h\u00e1bitos en nuestros ni\u00f1os, ni\u00f1as y j\u00f3venes\u00bb, a\u00f1adi\u00f3.<\/p>\n<p>En esta Administraci\u00f3n se a\u00f1adieron 5.07 kil\u00f3metros a la v\u00eda para conectar con la ruta de Zapopan.<\/p>\n<p>\u00abEstamos muy contentos y tranquilos porque hasta el \u00faltimo momento de esta administraci\u00f3n seguiremos impulsando el deporte como un estilo de vida para los tapat\u00edos\u00bb, afirm\u00f3.<\/p>\n<p>Los festejos incluyeron diversas actividades realizadas a lo largo del d\u00eda, como la \u00faltima etapa del III Serial de Carreras Atl\u00e9ticas de Comude Guadalajara.<\/p>\n<p>En esta carrera de siete kil\u00f3metros No\u00e9 Romero Ch\u00e1vez, con 23 minutos y 54 segundos, y Nancy Plascencia Morales, con 27 minutos y 35 segundos, se colocaron en el primer lugar de su categor\u00eda.<\/p>\n<p>Tambi\u00e9n se tuvo la exhibici\u00f3n de un globo aerost\u00e1tico \u2014en colaboraci\u00f3n con el Festival internacional del Globo de Le\u00f3n, Guanajuato\u2014, un macrotaller de baile, una rodada cultural, pinta de murales de arte urbano, as\u00ed como actividades en espacios como 18 de Marzo, Parque Revoluci\u00f3n y Parque San Jacinto.<\/p>\n<p>Pablo Lemus Navarro, Presidente Municipal con Licencia y Gobernador Electo de Jalisco, rememor\u00f3 los inicios de un proyecto que transform\u00f3 la manera en que las tapat\u00edas y tapat\u00edos disfrutan del espacio p\u00fablico.<\/p>\n<p>En su gesti\u00f3n como Presidente Municipal de Zapopan, Pablo Lemus record\u00f3 que se ampli\u00f3 la V\u00eda RecreActiva en Avenida Patria \u2014desde la zona de Andares hasta Atemajac\u2014, y posteriormente se extendi\u00f3 la ruta en cinco kil\u00f3metros m\u00e1s hasta el cruce con Federalismo.<\/p>\n<p>De esta manera, se conect\u00f3 Zapopan y Guadalajara en un solo recorrido fortaleciendo los lazos entre ambas comunidades, ofreciendo un espacio seguro y accesible para el esparcimiento y la actividad f\u00edsica de miles de tapat\u00edas y tapat\u00edos cada semana.<\/p>\n<p>\u00abLo que tenemos que hacer ahora es llevar estos modelos a muchos m\u00e1s municipios del estado, para que se pueda refrendar y crecer este modelo tan exitoso\u00bb, enfatiz\u00f3.<\/p>\n<p>Ver\u00f3nica Delgadillo Garc\u00eda, Alcaldesa Electa tapat\u00eda, apunt\u00f3 la importancia de hacer comunidad a trav\u00e9s de la ocupaci\u00f3n del espacio p\u00fablico, y se\u00f1al\u00f3 que la V\u00eda RecreActiva fomenta formas alternativas de movilidad y fortalece el tejido social.<\/p>\n<p>\u00abHacer comunidad es lo m\u00e1s importante que podemos generar en cualquier espacio p\u00fablico. El tejido social son las relaciones humanas, las conexiones que nos unen. Si queremos a nuestra ciudad y conocemos a nuestros vecinos, los cuidaremos a ellos y a nuestra ciudad\u00bb, subray\u00f3.<\/p>\n<p>Andrea Blanco Calder\u00f3n, Coordinadora General de Construcci\u00f3n de la Comunidad de Guadalajara, sostuvo que cada semana este espacio se convierte en un punto de reuni\u00f3n de 100 mil personas, quienes disfrutan de tiempo en familia y de la oportunidad de pasar su d\u00eda con actividades accesibles y gratuitas.<\/p>\n<p>Cada domingo las y los asistentes pueden disfrutar de m\u00e1s de 35 actividades de forma permanente a lo largo de su recorrido.<\/p>\n<p>Al finalizar el acto protocolario, las y los integrantes del pres\u00eddium entregaron agradecimientos a dependencias, universidades y grupos de apoyo.<\/p>\n<p>Para el funcionamiento de la v\u00eda, colaboran en cada jornada 25 dependencias municipales, estatales e instituciones educativas, quienes aseguran que este espacio sea seguro para todas y todos los ciudadanos.<\/p>\n<p>El Gobierno de Guadalajara invita a todas y todos los tapat\u00edos a unirse a la celebraci\u00f3n y disfrutar de las actividades programadas para este domingo.<\/p>\n<p>Se encontraron presentes Albino Galv\u00e1n Mart\u00ednez Director del Consejo Municipal del Deporte de Guadalajara; Jos\u00e9 Palacios Jim\u00e9nez, Presidente de la Fundaci\u00f3n Guadalajara 500; Gabriel Michel Estrada, Secretario de la Red de Ciclov\u00edas de las Am\u00e9ricas; y Rosa Ang\u00e9lica Fregoso Franco, Regidora de Guadalajara.<\/p>\n<p>&nbsp;<\/p>\n","protected":false},"excerpt":{"rendered":"<p>La V\u00eda RecreActiva de Guadalajara est\u00e1 certificada de manera internacional con la Etiqueta Oro, destacando como la segunda v\u00eda recreativa m\u00e1s importante del mundo Cuenta con 31 kil\u00f3metros de recorrido y la participaci\u00f3n de m\u00e1s de 100 mil personas cada semana Para la celebraci\u00f3n del 20\u00ba aniversario se realizaron eventos como rodadas nocturnas, exhibiciones, mesas &hellip; <\/p>\n<p><a class=\"more-link btn\" href=\"https:\/\/lamendigapolitica.com\/?p=79439\">Seguir leyendo<\/a><\/p>\n","protected":false},"author":1,"featured_media":0,"comment_status":"open","ping_status":"closed","sticky":false,"template":"","format":"standard","meta":{"footnotes":""},"categories":[42,97,20,38,27,22],"tags":[],"class_list":["post-79439","post","type-post","status-publish","format-standard","hentry","category-clima","category-comunicacion","category-gobierno","category-movilidad","category-seguridad","category-sociales","item-wrap"],"_links":{"self":[{"href":"https:\/\/lamendigapolitica.com\/index.php?rest_route=\/wp\/v2\/posts\/79439","targetHints":{"allow":["GET"]}}],"collection":[{"href":"https:\/\/lamendigapolitica.com\/index.php?rest_route=\/wp\/v2\/posts"}],"about":[{"href":"https:\/\/lamendigapolitica.com\/index.php?rest_route=\/wp\/v2\/types\/post"}],"author":[{"embeddable":true,"href":"https:\/\/lamendigapolitica.com\/index.php?rest_route=\/wp\/v2\/users\/1"}],"replies":[{"embeddable":true,"href":"https:\/\/lamendigapolitica.com\/index.php?rest_route=%2Fwp%2Fv2%2Fcomments&post=79439"}],"version-history":[{"count":1,"href":"https:\/\/lamendigapolitica.com\/index.php?rest_route=\/wp\/v2\/posts\/79439\/revisions"}],"predecessor-version":[{"id":79441,"href":"https:\/\/lamendigapolitica.com\/index.php?rest_route=\/wp\/v2\/posts\/79439\/revisions\/79441"}],"wp:attachment":[{"href":"https:\/\/lamendigapolitica.com\/index.php?rest_route=%2Fwp%2Fv2%2Fmedia&parent=79439"}],"wp:term":[{"taxonomy":"category","embeddable":true,"href":"https:\/\/lamendigapolitica.com\/index.php?rest_route=%2Fwp%2Fv2%2Fcategories&post=79439"},{"taxonomy":"post_tag","embeddable":true,"href":"https:\/\/lamendigapolitica.com\/index.php?rest_route=%2Fwp%2Fv2%2Ftags&post=79439"}],"curies":[{"name":"wp","href":"https:\/\/api.w.org\/{rel}","templated":true}]}}