{"id":79435,"date":"2024-09-09T14:39:23","date_gmt":"2024-09-09T20:39:23","guid":{"rendered":"https:\/\/lamendigapolitica.com\/?p=79435"},"modified":"2024-09-11T14:48:59","modified_gmt":"2024-09-11T20:48:59","slug":"anuncia-enrique-alfaro-ultima-ceremonia-de-grito-de-independencia","status":"publish","type":"post","link":"https:\/\/lamendigapolitica.com\/?p=79435","title":{"rendered":"Anuncia Enrique Alfaro \u00faltima Ceremonia de Grito de Independencia"},"content":{"rendered":"<p><img loading=\"lazy\" decoding=\"async\" class=\"aligncenter  wp-image-79436\" src=\"https:\/\/lamendigapolitica.com\/blog\/wp-content\/uploads\/2024\/09\/44.jpeg\" alt=\"\" width=\"435\" height=\"435\" srcset=\"https:\/\/lamendigapolitica.com\/wp-content\/uploads\/2024\/09\/44.jpeg 1280w, https:\/\/lamendigapolitica.com\/wp-content\/uploads\/2024\/09\/44-300x300.jpeg 300w, https:\/\/lamendigapolitica.com\/wp-content\/uploads\/2024\/09\/44-1024x1024.jpeg 1024w, https:\/\/lamendigapolitica.com\/wp-content\/uploads\/2024\/09\/44-150x150.jpeg 150w, https:\/\/lamendigapolitica.com\/wp-content\/uploads\/2024\/09\/44-768x768.jpeg 768w, https:\/\/lamendigapolitica.com\/wp-content\/uploads\/2024\/09\/44-555x555.jpeg 555w\" sizes=\"auto, (max-width: 435px) 100vw, 435px\" \/><\/p>\n<p>El Gobernador del Estado de Jalisco, Enrique Alfaro Ram\u00edrez, anunci\u00f3 los detalles de la \u00faltima ceremonia del Grito de Independencia qu\u00e9 encabezar\u00e1. Despu\u00e9s de pronunciar la tradicional arenga en punto de las 21:00 horas del pr\u00f3ximo 15 de septiembre, inform\u00f3 que el espect\u00e1culo principal ser\u00e1 a cargo del grupo regional mexicano La Arrolladora Banda El Lim\u00f3n de Ren\u00e9 Camacho, por lo que convoca a las familias tapat\u00edas y turistas a disfrutar de estos festejos patrios en Guadalajara.<!--more--><\/p>\n<p>\u00abEstoy muy emocionado, han sido a\u00f1os que nos ha pasado de todo en las fiestas patrias. Dos veces me toc\u00f3 dar el grito con la plaza vac\u00eda por la pandemia, una vez nos cay\u00f3 un torment\u00f3n en pleno grito, pero siempre han sido momentos que uno guarda en el coraz\u00f3n\u00bb, record\u00f3 Alfaro.<\/p>\n<p>A partir de las 19:00 horas las familias tapat\u00edas podr\u00e1n reunirse en el centro hist\u00f3rico para dar inicio a las celebraciones que comienzan con el show de la banda local \u201cLos Rabiosos\u201d, para posteriormente dar el Grito de Independencia que se acompa\u00f1ar\u00e1 con un gran show de pirotecnia y multimedia y, finalizar con la m\u00fasica de La Arrolladora Banda El Lim\u00f3n.<\/p>\n<p>\u00abVa a cerrar esta gran fiesta de los jaliscienses y los mexicanos. Lo vamos a hacer con mucha alegr\u00eda, con mucha esperanza en el futuro y lo vamos a hacer con lo mejor que tiene Jalisco, con su gente abarrotando la plaza\u00bb, agreg\u00f3.<\/p>\n<p>Ratific\u00f3 que estas fechas son una oportunidad para enaltecer el orgullo de ser jaliscienses y mexicanos. Invita al p\u00fablico a participar en festejos patrios en el coraz\u00f3n de la Perla Tapat\u00eda.<\/p>\n","protected":false},"excerpt":{"rendered":"<p>El Gobernador del Estado de Jalisco, Enrique Alfaro Ram\u00edrez, anunci\u00f3 los detalles de la \u00faltima ceremonia del Grito de Independencia qu\u00e9 encabezar\u00e1. Despu\u00e9s de pronunciar la tradicional arenga en punto de las 21:00 horas del pr\u00f3ximo 15 de septiembre, inform\u00f3 que el espect\u00e1culo principal ser\u00e1 a cargo del grupo regional mexicano La Arrolladora Banda El &hellip; <\/p>\n<p><a class=\"more-link btn\" href=\"https:\/\/lamendigapolitica.com\/?p=79435\">Seguir leyendo<\/a><\/p>\n","protected":false},"author":1,"featured_media":0,"comment_status":"open","ping_status":"closed","sticky":false,"template":"","format":"standard","meta":{"footnotes":""},"categories":[101,42,1,97,26,99,3,27,22,103],"tags":[],"class_list":["post-79435","post","type-post","status-publish","format-standard","hentry","category-cine","category-clima","category-columnista","category-comunicacion","category-cultura","category-musica","category-politica","category-seguridad","category-sociales","category-teatro","item-wrap"],"_links":{"self":[{"href":"https:\/\/lamendigapolitica.com\/index.php?rest_route=\/wp\/v2\/posts\/79435","targetHints":{"allow":["GET"]}}],"collection":[{"href":"https:\/\/lamendigapolitica.com\/index.php?rest_route=\/wp\/v2\/posts"}],"about":[{"href":"https:\/\/lamendigapolitica.com\/index.php?rest_route=\/wp\/v2\/types\/post"}],"author":[{"embeddable":true,"href":"https:\/\/lamendigapolitica.com\/index.php?rest_route=\/wp\/v2\/users\/1"}],"replies":[{"embeddable":true,"href":"https:\/\/lamendigapolitica.com\/index.php?rest_route=%2Fwp%2Fv2%2Fcomments&post=79435"}],"version-history":[{"count":1,"href":"https:\/\/lamendigapolitica.com\/index.php?rest_route=\/wp\/v2\/posts\/79435\/revisions"}],"predecessor-version":[{"id":79437,"href":"https:\/\/lamendigapolitica.com\/index.php?rest_route=\/wp\/v2\/posts\/79435\/revisions\/79437"}],"wp:attachment":[{"href":"https:\/\/lamendigapolitica.com\/index.php?rest_route=%2Fwp%2Fv2%2Fmedia&parent=79435"}],"wp:term":[{"taxonomy":"category","embeddable":true,"href":"https:\/\/lamendigapolitica.com\/index.php?rest_route=%2Fwp%2Fv2%2Fcategories&post=79435"},{"taxonomy":"post_tag","embeddable":true,"href":"https:\/\/lamendigapolitica.com\/index.php?rest_route=%2Fwp%2Fv2%2Ftags&post=79435"}],"curies":[{"name":"wp","href":"https:\/\/api.w.org\/{rel}","templated":true}]}}