{"id":79432,"date":"2024-09-08T12:26:39","date_gmt":"2024-09-08T18:26:39","guid":{"rendered":"https:\/\/lamendigapolitica.com\/?p=79432"},"modified":"2024-09-11T14:38:18","modified_gmt":"2024-09-11T20:38:18","slug":"el-suicidio-problema-de-salud-publica-que-puede-prevenirse-con-la-psicoeducacion","status":"publish","type":"post","link":"https:\/\/lamendigapolitica.com\/?p=79432","title":{"rendered":"El suicidio, problema de salud p\u00fablica que puede prevenirse con la psicoeducaci\u00f3n"},"content":{"rendered":"<p><img loading=\"lazy\" decoding=\"async\" class=\"aligncenter size-full wp-image-79433\" src=\"https:\/\/lamendigapolitica.com\/blog\/wp-content\/uploads\/2024\/09\/66.jpeg\" alt=\"\" width=\"275\" height=\"183\" \/><\/p>\n<p>&nbsp;<\/p>\n<p>Se calcula que en el mundo ocurren m\u00e1s de 700 mil muertes por suicidio, siendo la principal causa de muerte en j\u00f3venes de 15 a 29 a\u00f1os<\/p>\n<p>El Hospital Civil de Guadalajara (HCG) invita a replantear la percepci\u00f3n del suicidio en la sociedad mediante su campa\u00f1a 2024-2026, \u201cCambiar las narrativas sobre el suicidio\u201d, en la que se busca ser m\u00e1s abiertos y honestos con las conductas de alerta, el acompa\u00f1amiento y la cultura de la comprensi\u00f3n.<!--more--><\/p>\n<p>&nbsp;<\/p>\n<p>El Director del HCG Dr. Juan I. Menchaca, doctor Benjam\u00edn Becerra Rodr\u00edguez, explic\u00f3 en rueda de prensa que \u201ces muy importante pasar r\u00e1pido de la cultura del silencio a la del acompa\u00f1amiento\u201d, puesto que han descubierto que tener c\u00edrculos de apoyo siempre es una herramienta de contenci\u00f3n y prevenci\u00f3n.<\/p>\n<p>&nbsp;<\/p>\n<p>\u201cLa Organizaci\u00f3n Mundial de la Salud (OMS) dice que el hecho de platicar sobre el problema del suicidio puede cambiar la vida de una persona. Sabemos que no es f\u00e1cil hablar del suicidio, pero cuando sucede tenemos que tener responsabilidad colectiva; si identificamos que alguien de nuestro entorno presenta una modificaci\u00f3n en su comportamiento, se expresa con palabras que llevan a pensar en un atentado, hay que involucrarnos y acercarlos a los servicios de prevenci\u00f3n del suicidio\u201d, coment\u00f3.<\/p>\n<p>&nbsp;<\/p>\n<p>Uno de los problemas m\u00e1s cr\u00edticos es que a pesar de que el suicidio es un tema de salud p\u00fablica, son 38 pa\u00edses los que cuentan con estrategias de prevenci\u00f3n o pol\u00edticas p\u00fablicas que atienden a sobrevivientes de tentativa de suicidio, por lo que es importante que cambien su narrativa y romper el tab\u00fa, a\u00f1adi\u00f3.<\/p>\n<p>&nbsp;<\/p>\n<p>El Jefe del Servicio de Psiquiatr\u00eda del HCG Fray Antonio Alcalde, doctor Sergio Armando Covarrubias Castillo, explic\u00f3 que a nivel mundial el 1 por ciento de las muertes que se tuvieron de 2000 l 2019 fueron por suicidio, y hacia el a\u00f1o 2021 se increment\u00f3 17 por ciento en pa\u00edses del Continente Americano.<\/p>\n<p>&nbsp;<\/p>\n<p>\u201cEl fen\u00f3meno del suicidio es un problema de salud p\u00fablica con impacto global que no s\u00f3lo debe atender la psiquiatr\u00eda, o los sistemas m\u00e9dicos; proponemos cambiar la narrativa en M\u00e9xico para incrementar la prevenci\u00f3n y modificar el estigma, que es uno de los puntos \u00e1lgidos a mejorar en el mundo; hoy existen 20 pa\u00edses donde la conducta suicida es un delito\u201d, subray\u00f3 Covarrubias Castillo.<\/p>\n<p>&nbsp;<\/p>\n<p>El panorama en M\u00e9xico indica que los estados de Chihuahua, Yucat\u00e1n y Aguascalientes tienen una mayor prevalencia de suicidios, siendo 11.2 por cada mil personas el pico m\u00e1s alto; en el caso de Jalisco, durante 2023 se contempl\u00f3 una tasa de 70.59 por cada mil habitantes, con un aproximado de 15 intentos por cada suicidio.<\/p>\n<p>&nbsp;<\/p>\n<p>La maestra Alejandra Fern\u00e1ndez Villanueva, adscrita al Servicio de Paidopsiquiatr\u00eda del Fray Antonio Alcalde, explic\u00f3 que desde 2020 increment\u00f3 el intento de suicidios en ni\u00f1os, ni\u00f1as y adolescentes a causa de violencias f\u00edsicas.<\/p>\n<p>&nbsp;<\/p>\n<p>\u201cEn Jalisco, el a\u00f1o pasado hubo alrededor de 70 muertes en ni\u00f1os por suicidio, y por cada uno de ellos hay 20 peque\u00f1os de menos de 15 a\u00f1os que lo han intentado y se acercan en etapas muy tard\u00edas a los servicios de atenci\u00f3n\u201d, denunci\u00f3 Fern\u00e1ndez Villanueva.<\/p>\n<p>&nbsp;<\/p>\n<p>La idea de la psicoeducaci\u00f3n o el cambio de narrativa social sobre la terapia, la psiquiatr\u00eda y la validaci\u00f3n emocional es una estrategia que puede mejorar el acercamiento a la atenci\u00f3n temprana de personas con episodios, crisis emocionales, trastornos mentales o alguna eventualidad que pueda desatar a largo plazo una conducta suicida.<\/p>\n<p>&nbsp;<\/p>\n<p>Covarrubias Castillo y Becerra Rodr\u00edguez hicieron hincapi\u00e9 en que romper el estigma, entender patrones de conducta y acompa\u00f1ar los procesos son estrategias necesarias para ampliar la idealizaci\u00f3n de lo que es una persona suicida. Agregaron que los discursos deben de modificarse en todos los \u00e1mbitos, a fin de brindar un espacio de confianza y comprensi\u00f3n para quienes pueden tener estos pensamientos.<\/p>\n<p>&nbsp;<\/p>\n<p>En cuanto a los y las infantes y al acercamiento a las instituciones m\u00e9dicas, Fern\u00e1ndez Villanueva dijo que ha incrementado el acercamiento a las terapias, principalmente en ni\u00f1os, quienes piden a sus padres acudir al psic\u00f3logo porque no se sienten bien o no saben gestionar sus emociones. Por ello, la validaci\u00f3n y la autoaceptaci\u00f3n son elementos importantes para modificar el discurso aprendido.<\/p>\n<p>&nbsp;<\/p>\n<p>\u201cLa ayuda se debe pedir en el primer momento en el que se noten cambios importantes en el estado de \u00e1nimo o la funcionalidad individual\u201d, se\u00f1al\u00f3 Becerra Rodr\u00edguez.<\/p>\n<p>&nbsp;<\/p>\n<p>Las instituciones de salud p\u00fablica como los HCG, el SALME y la Cruz Verde brindan atenci\u00f3n a personas con intentos de suicidio, enfermedades mentales y terapia psicol\u00f3gica; en caso de requerir ayuda o conocer a alguien que la necesite se pueden comunicar a la l\u00ednea de la vida, 800-911-2000, donde se les brindar\u00e1 acompa\u00f1amiento e indicaciones para atenci\u00f3n m\u00e9dica.<\/p>\n","protected":false},"excerpt":{"rendered":"<p>&nbsp; Se calcula que en el mundo ocurren m\u00e1s de 700 mil muertes por suicidio, siendo la principal causa de muerte en j\u00f3venes de 15 a 29 a\u00f1os El Hospital Civil de Guadalajara (HCG) invita a replantear la percepci\u00f3n del suicidio en la sociedad mediante su campa\u00f1a 2024-2026, \u201cCambiar las narrativas sobre el suicidio\u201d, en &hellip; <\/p>\n<p><a class=\"more-link btn\" href=\"https:\/\/lamendigapolitica.com\/?p=79432\">Seguir leyendo<\/a><\/p>\n","protected":false},"author":1,"featured_media":0,"comment_status":"open","ping_status":"closed","sticky":false,"template":"","format":"standard","meta":{"footnotes":""},"categories":[97,28,21,29,27,22,106],"tags":[],"class_list":["post-79432","post","type-post","status-publish","format-standard","hentry","category-comunicacion","category-educacion","category-religion","category-salud","category-seguridad","category-sociales","category-universidad","item-wrap"],"_links":{"self":[{"href":"https:\/\/lamendigapolitica.com\/index.php?rest_route=\/wp\/v2\/posts\/79432","targetHints":{"allow":["GET"]}}],"collection":[{"href":"https:\/\/lamendigapolitica.com\/index.php?rest_route=\/wp\/v2\/posts"}],"about":[{"href":"https:\/\/lamendigapolitica.com\/index.php?rest_route=\/wp\/v2\/types\/post"}],"author":[{"embeddable":true,"href":"https:\/\/lamendigapolitica.com\/index.php?rest_route=\/wp\/v2\/users\/1"}],"replies":[{"embeddable":true,"href":"https:\/\/lamendigapolitica.com\/index.php?rest_route=%2Fwp%2Fv2%2Fcomments&post=79432"}],"version-history":[{"count":1,"href":"https:\/\/lamendigapolitica.com\/index.php?rest_route=\/wp\/v2\/posts\/79432\/revisions"}],"predecessor-version":[{"id":79434,"href":"https:\/\/lamendigapolitica.com\/index.php?rest_route=\/wp\/v2\/posts\/79432\/revisions\/79434"}],"wp:attachment":[{"href":"https:\/\/lamendigapolitica.com\/index.php?rest_route=%2Fwp%2Fv2%2Fmedia&parent=79432"}],"wp:term":[{"taxonomy":"category","embeddable":true,"href":"https:\/\/lamendigapolitica.com\/index.php?rest_route=%2Fwp%2Fv2%2Fcategories&post=79432"},{"taxonomy":"post_tag","embeddable":true,"href":"https:\/\/lamendigapolitica.com\/index.php?rest_route=%2Fwp%2Fv2%2Ftags&post=79432"}],"curies":[{"name":"wp","href":"https:\/\/api.w.org\/{rel}","templated":true}]}}