{"id":79428,"date":"2024-09-07T10:42:50","date_gmt":"2024-09-07T16:42:50","guid":{"rendered":"https:\/\/lamendigapolitica.com\/?p=79428"},"modified":"2024-09-11T11:53:57","modified_gmt":"2024-09-11T17:53:57","slug":"entregan-premios-ariel-a-lo-mejor-del-cine-hecho-en-mexico-en-el-teatro-degollado","status":"publish","type":"post","link":"https:\/\/lamendigapolitica.com\/?p=79428","title":{"rendered":"Entregan Premios Ariel a lo mejor del cine hecho en M\u00e9xico en el Teatro Degollado"},"content":{"rendered":"<p><img loading=\"lazy\" decoding=\"async\" class=\"aligncenter size-full wp-image-79429\" src=\"https:\/\/lamendigapolitica.com\/blog\/wp-content\/uploads\/2024\/09\/53979080213_40be396c68_c.jpg\" alt=\"\" width=\"799\" height=\"533\" srcset=\"https:\/\/lamendigapolitica.com\/wp-content\/uploads\/2024\/09\/53979080213_40be396c68_c.jpg 799w, https:\/\/lamendigapolitica.com\/wp-content\/uploads\/2024\/09\/53979080213_40be396c68_c-300x200.jpg 300w, https:\/\/lamendigapolitica.com\/wp-content\/uploads\/2024\/09\/53979080213_40be396c68_c-768x512.jpg 768w, https:\/\/lamendigapolitica.com\/wp-content\/uploads\/2024\/09\/53979080213_40be396c68_c-555x370.jpg 555w\" sizes=\"auto, (max-width: 799px) 100vw, 799px\" \/><\/p>\n<p>&nbsp;<\/p>\n<p>El talento del cine nacional brillo sobre el escenario del Teatro Degollado, durante la 66 entrega de los Premios Ariel, que por segundo a\u00f1o consecutivo se realiz\u00f3 en nuestro estado, gracias al trabajo en conjunto del Gobierno del Estado de Jalisco, a trav\u00e9s de la Secretar\u00eda de Cultura y la Secretar\u00eda de Turismo, en coordinaci\u00f3n con la Academia Mexicana de Artes y Ciencias Cinematogr\u00e1ficas (AMACC).<!--more--><\/p>\n<p>En una noche, en la que destac\u00f3 la presencia femenina en muchas de las nominaciones, se reconoci\u00f3 a Lila Avil\u00e9s, por la mejor direcci\u00f3n, de la cinta \u201cT\u00f3tem\u201d, que tambi\u00e9n gan\u00f3 el premio a la mejor pel\u00edcula. Tambi\u00e9n se entreg\u00f3 la estatuilla a No\u00e9 Hern\u00e1ndez, como mejor actor por la pel\u00edcula Kokoloko; y a Adriana Llabr\u00e9s, como mejor actriz, por la pel\u00edcula Todo el Silencio.<\/p>\n<p>Destaca tambi\u00e9n la entrega del Ariel a Fernando Cuautle, por la mejor coactuaci\u00f3n masculina; y a Ludwika Paleta y a Montserrat Mara\u00f1\u00f3n, por la mejor coactuaci\u00f3n femenina en las pel\u00edculas de Todo el silencio y T\u00f3tem, respectivamente.<\/p>\n<p>Uno de los momentos especiales de la noche se vivi\u00f3 con la entrega del Ariel al cine hecho en casa, con el premio para la jalisciense Rita Basulto, galardonada al mejor cortometraje de animaci\u00f3n por Humo.<\/p>\n<p>Las mujeres jaliscienses tambi\u00e9n se hicieron presentes en los n\u00fameros musicales que estuvieron a cargo de Mar\u00eda Centeno, cantautora del g\u00e9nero indie pop, quien interpret\u00f3 B\u00e9same Mucho, de Consuelo Vel\u00e1zquez; despu\u00e9s sigui\u00f3 CKovi, artista urbana que present\u00f3 Agoteo, tema de su propia autor\u00eda; y Mar\u00eda Le\u00f3n, bailarina, compositora y cantante, que present\u00f3 Lucha de Gigantes, de Nacha Pop.<\/p>\n<p>&nbsp;<\/p>\n<p>Este a\u00f1o, la AMACC entreg\u00f3 tres Arieles de Oro como reconocimiento a las trayectorias de Ang\u00e9lica Mar\u00eda, Brigitte Broch y a Busy Cort\u00e9s, quien falleci\u00f3 el pasado 21 de junio.<\/p>\n<p>&nbsp;<\/p>\n<p>El resto de los galardonados de la noche fueron:<\/p>\n<p>REVELACI\u00d3N ACTORAL<\/p>\n<p>Na\u00edma Sent\u00edes | T\u00f3tem<\/p>\n<p>\u00d3PERA PRIMA<\/p>\n<p>Todo el silencio | Diego del R\u00edo<\/p>\n<p>PEL\u00cdCULA IBEROAMERICANA<\/p>\n<p>La sociedad de la nieve (Espa\u00f1a) | J.A Bayona<\/p>\n<p>CORTOMETRAJE DOCUMENTAL<\/p>\n<p>Norte | Natalia Berm\u00fadez<\/p>\n<p>LARGOMETRAJE DOCUMENTAL<\/p>\n<p>El Eco | Tatiana Huezo<\/p>\n<p>GUION ADAPTADO<\/p>\n<p>Elisa Miller, Daniela G\u00f3mez | Temporada de huracanes<\/p>\n<p>GUION ORIGINAL<\/p>\n<p>Lila Avil\u00e9s | T\u00f3tem<\/p>\n<p>MAQUILLAJE<\/p>\n<p>Alejandra Velarde | Temporada de huracanes<\/p>\n<p>DISE\u00d1O DE ARTE<\/p>\n<p>Ivonne Fuentes | Heroico<\/p>\n<p>EDICI\u00d3N<\/p>\n<p>Miguel Schverdfinger, Paulina del Paso | Temporada de huracanes<\/p>\n<p>VESTUARIO<\/p>\n<p>Gabriela Fern\u00e1ndez | Heroico<\/p>\n<p>EFECTOS ESPECIALES<\/p>\n<p>Goyo Vega, Adam Zoller Dupl\u00e1n, Roc\u00edo Espinosa Vald\u00e9s | Desaparecer por<\/p>\n<p>completo<\/p>\n<p>EFECTOS VISUALES<\/p>\n<p>Gustavo Bell\u00f3n, Thomas Boda, Ren\u00e9 Allegretti Zambrano, Jes\u00fas Corrales<\/p>\n<p>Clark, Jorge Palma, Javier Vel\u00e1zquez Dorantes | Desaparecer por completo<\/p>\n<p>FOTOGRAF\u00cdA<\/p>\n<p>Ernesto Pardo | El Eco<\/p>\n<p>CORTOMETRAJE ANIMACI\u00d3N<\/p>\n<p>Humo | Rita Basulto<\/p>\n<p>CORTOMETRAJE FICCI\u00d3N<\/p>\n<p>Apnea | Natalia Berm\u00fadez<\/p>\n<p>SONIDO<\/p>\n<p>Miguel Hern\u00e1ndez, Mario Mart\u00ednez Cobos, Liliana Villase\u00f1or | Todo el<\/p>\n<p>silencio<\/p>\n<p>M\u00daSICA ORIGINAL<\/p>\n<p>Leonardo Heiblum, Jacobo Lieberman | El Eco<\/p>\n<p>COACTUACI\u00d3N MASCULINA<\/p>\n<p>Fernando Cuautle | Heroico<\/p>\n<p>COACTUACI\u00d3N FEMENINA<\/p>\n<p>Ludwika Paleta | Todo el silencio<\/p>\n<p>Montserrat Mara\u00f1\u00f3n | T\u00f3tem<\/p>\n<p>ACTOR<\/p>\n<p>No\u00e9 Hern\u00e1ndez | Kokoloko<\/p>\n<p>ACTRIZ<\/p>\n<p>Adriana Llabr\u00e9s | Todo el silencio<\/p>\n<p>DIRECCI\u00d3N<\/p>\n<p>Lila Avil\u00e9s | T\u00f3tem<\/p>\n<p>PEL\u00cdCULA<\/p>\n<p>T\u00f3tem | De: Limerencia Films, Laterna.<\/p>\n<p>PARA SABER:<\/p>\n<p>&nbsp;<\/p>\n<p>Jalisco es la \u00fanica entidad que cuenta con una pol\u00edtica p\u00fablica, Filma Jalisco, que cuenta con 4 pilares, Fondo Filma, Punto Filma, Academia Filma y Eventos Filma, a trav\u00e9s del cual, Jalisco ha logrado ser sede de la ceremonia de premios Ariel en 2023 y este a\u00f1o.<\/p>\n<p>La entidad brinda apoyos e incentivos econ\u00f3micos como Cash Rebate y Capital semilla. Adem\u00e1s ofrece una gran variedad de beneficios como costos competitivos de producci\u00f3n, gran riqueza hist\u00f3rica y cultural y es cuna de talento, lo que le ha permitido ser locaci\u00f3n de m\u00faltiples pel\u00edculas y documentales; posicionando a Jalisco a nivel internacional.<\/p>\n<p>&nbsp;<\/p>\n","protected":false},"excerpt":{"rendered":"<p>&nbsp; El talento del cine nacional brillo sobre el escenario del Teatro Degollado, durante la 66 entrega de los Premios Ariel, que por segundo a\u00f1o consecutivo se realiz\u00f3 en nuestro estado, gracias al trabajo en conjunto del Gobierno del Estado de Jalisco, a trav\u00e9s de la Secretar\u00eda de Cultura y la Secretar\u00eda de Turismo, en &hellip; <\/p>\n<p><a class=\"more-link btn\" href=\"https:\/\/lamendigapolitica.com\/?p=79428\">Seguir leyendo<\/a><\/p>\n","protected":false},"author":1,"featured_media":0,"comment_status":"open","ping_status":"closed","sticky":false,"template":"","format":"standard","meta":{"footnotes":""},"categories":[101,1,97,26,36,45,20,99,37,22,103],"tags":[],"class_list":["post-79428","post","type-post","status-publish","format-standard","hentry","category-cine","category-columnista","category-comunicacion","category-cultura","category-espectaculos","category-featured","category-gobierno","category-musica","category-nacional","category-sociales","category-teatro","item-wrap"],"_links":{"self":[{"href":"https:\/\/lamendigapolitica.com\/index.php?rest_route=\/wp\/v2\/posts\/79428","targetHints":{"allow":["GET"]}}],"collection":[{"href":"https:\/\/lamendigapolitica.com\/index.php?rest_route=\/wp\/v2\/posts"}],"about":[{"href":"https:\/\/lamendigapolitica.com\/index.php?rest_route=\/wp\/v2\/types\/post"}],"author":[{"embeddable":true,"href":"https:\/\/lamendigapolitica.com\/index.php?rest_route=\/wp\/v2\/users\/1"}],"replies":[{"embeddable":true,"href":"https:\/\/lamendigapolitica.com\/index.php?rest_route=%2Fwp%2Fv2%2Fcomments&post=79428"}],"version-history":[{"count":1,"href":"https:\/\/lamendigapolitica.com\/index.php?rest_route=\/wp\/v2\/posts\/79428\/revisions"}],"predecessor-version":[{"id":79430,"href":"https:\/\/lamendigapolitica.com\/index.php?rest_route=\/wp\/v2\/posts\/79428\/revisions\/79430"}],"wp:attachment":[{"href":"https:\/\/lamendigapolitica.com\/index.php?rest_route=%2Fwp%2Fv2%2Fmedia&parent=79428"}],"wp:term":[{"taxonomy":"category","embeddable":true,"href":"https:\/\/lamendigapolitica.com\/index.php?rest_route=%2Fwp%2Fv2%2Fcategories&post=79428"},{"taxonomy":"post_tag","embeddable":true,"href":"https:\/\/lamendigapolitica.com\/index.php?rest_route=%2Fwp%2Fv2%2Ftags&post=79428"}],"curies":[{"name":"wp","href":"https:\/\/api.w.org\/{rel}","templated":true}]}}