{"id":79422,"date":"2024-09-05T22:13:23","date_gmt":"2024-09-06T04:13:23","guid":{"rendered":"https:\/\/lamendigapolitica.com\/?p=79422"},"modified":"2024-09-06T22:23:05","modified_gmt":"2024-09-07T04:23:05","slug":"disfrutan-tapatias-y-tapatios-del-rock-de-suena-la-perla-en-la-concha-acustica","status":"publish","type":"post","link":"https:\/\/lamendigapolitica.com\/?p=79422","title":{"rendered":"Disfrutan tapat\u00edas y tapat\u00edos del rock de Suena la Perla en la Concha Ac\u00fastica"},"content":{"rendered":"<p><img loading=\"lazy\" decoding=\"async\" class=\"aligncenter size-full wp-image-79423\" src=\"https:\/\/lamendigapolitica.com\/blog\/wp-content\/uploads\/2024\/09\/53962477939_3cfe411a08_c.jpg\" alt=\"\" width=\"799\" height=\"533\" srcset=\"https:\/\/lamendigapolitica.com\/wp-content\/uploads\/2024\/09\/53962477939_3cfe411a08_c.jpg 799w, https:\/\/lamendigapolitica.com\/wp-content\/uploads\/2024\/09\/53962477939_3cfe411a08_c-300x200.jpg 300w, https:\/\/lamendigapolitica.com\/wp-content\/uploads\/2024\/09\/53962477939_3cfe411a08_c-768x512.jpg 768w, https:\/\/lamendigapolitica.com\/wp-content\/uploads\/2024\/09\/53962477939_3cfe411a08_c-555x370.jpg 555w\" sizes=\"auto, (max-width: 799px) 100vw, 799px\" \/><br \/>\nSe presentaron talentos como Noisy Dream, Pony Rey, Nacional de la Muerte, Metal Miura y Los que no fueron; el cierre con broche de oro estuvo a cargo de Rostros Ocultos en el marco de su 38 aniversario<\/p>\n<p>Suena la Perla se consolid\u00f3 como una plataforma para talentos emergentes, de la mano con la experiencia y trayectoria de agrupaciones \u00edconos en la escena musical<\/p>\n<p>En esta Administraci\u00f3n se realizaron una serie de conciertos con la participaci\u00f3n de m\u00e1s de 25 mil 500 personas, en sedes como la Concha Ac\u00fastica, Paseo Chapultepec, Paseo Fray Antonio Aalcalde, Rambla Catalu\u00f1a, Parque San Jacinto, entre otras<!--more--><\/p>\n<p>Para impulsar a nuevos talentos locales y nacionales y fortalecer la escena cultural de la ciudad, ayer se realiz\u00f3 el concierto Suena la Perla en la emblem\u00e1tica Concha Ac\u00fastica del Parque Agua Azul.<\/p>\n<p>En la presente Administraci\u00f3n, este proyecto se sum\u00f3 a la estrategia de reactivaci\u00f3n del Centro Hist\u00f3rico de Guadalajara y de la Concha Ac\u00fastica como un espacio clave en la historia musical de la Perla Tapat\u00eda.<\/p>\n<p>En un ambiente familiar 3 mil asistentes disfrutaron de las presentaciones de Noisy Dream, Pony Rey, Nacional de la Muerte, Metal Miura y Los que no fueron.<\/p>\n<p>En el marco de su 38 aniversario, el cierre con broche de oro estuvo a cargo de la banda tapat\u00eda Rostros Ocultos.<\/p>\n<p>Beno Albarr\u00e1n Corona, Director de Difusi\u00f3n Art\u00edstica en Barrios, detall\u00f3 que durante tres a\u00f1os consecutivos se han tenido buenos eventos con el proyecto Suena la Perla, para disfrute de todas y todos.<\/p>\n<p>\u201cEs lo que hemos hecho, llevar m\u00fasica a todos los rincones de Guadalajara (&#8230;) Hoy tenemos cinco bandas que est\u00e1n tocando antes que Rostros Ocultos, estas bandas son magn\u00edficas, son bandas de rock, de rock-pop de varias partes de la Rep\u00fablica, una de \u00e9stas incluso de Guadalajara\u201d, explic\u00f3 el director.<\/p>\n<p>Con el proyecto Suena la Perla, en esta Administraci\u00f3n se realizaron varios conciertos con la participaci\u00f3n de m\u00e1s de 25 mil 500 personas.<\/p>\n<p>Las sedes fueron espacios como la Concha Ac\u00fastica, Paseo Chapultepec, Paseo Fray Antonio Aalcalde, Rambla Catalu\u00f1a, Parque San Jacinto, Analco, Foro Larva, El Santuario y la Expenal de Oblatos.<\/p>\n<p>El acceso para Suena la Perla fue totalmente gratuito; los boletos fueron distribuidos en diferentes sedes en las \u00faltimas tres semanas.<\/p>\n<p>Para garantizar la seguridad y tranquilidad de las y los asistentes, se despleg\u00f3 un dispositivo de alrededor de 300 elementos de Polic\u00eda Municipal, Protecci\u00f3n Civil y Bomberos, Servicios M\u00e9dicos Municipales y seguridad privada; a esto se suma la coordinaci\u00f3n con la Agencia Metropolitana de Bosques Urbanos (AMBU).<\/p>\n","protected":false},"excerpt":{"rendered":"<p>Se presentaron talentos como Noisy Dream, Pony Rey, Nacional de la Muerte, Metal Miura y Los que no fueron; el cierre con broche de oro estuvo a cargo de Rostros Ocultos en el marco de su 38 aniversario Suena la Perla se consolid\u00f3 como una plataforma para talentos emergentes, de la mano con la experiencia &hellip; <\/p>\n<p><a class=\"more-link btn\" href=\"https:\/\/lamendigapolitica.com\/?p=79422\">Seguir leyendo<\/a><\/p>\n","protected":false},"author":1,"featured_media":0,"comment_status":"open","ping_status":"closed","sticky":false,"template":"","format":"standard","meta":{"footnotes":""},"categories":[101,1,97,26,22,103,41,24],"tags":[],"class_list":["post-79422","post","type-post","status-publish","format-standard","hentry","category-cine","category-columnista","category-comunicacion","category-cultura","category-sociales","category-teatro","category-tecnologia","category-turismo","item-wrap"],"_links":{"self":[{"href":"https:\/\/lamendigapolitica.com\/index.php?rest_route=\/wp\/v2\/posts\/79422","targetHints":{"allow":["GET"]}}],"collection":[{"href":"https:\/\/lamendigapolitica.com\/index.php?rest_route=\/wp\/v2\/posts"}],"about":[{"href":"https:\/\/lamendigapolitica.com\/index.php?rest_route=\/wp\/v2\/types\/post"}],"author":[{"embeddable":true,"href":"https:\/\/lamendigapolitica.com\/index.php?rest_route=\/wp\/v2\/users\/1"}],"replies":[{"embeddable":true,"href":"https:\/\/lamendigapolitica.com\/index.php?rest_route=%2Fwp%2Fv2%2Fcomments&post=79422"}],"version-history":[{"count":1,"href":"https:\/\/lamendigapolitica.com\/index.php?rest_route=\/wp\/v2\/posts\/79422\/revisions"}],"predecessor-version":[{"id":79424,"href":"https:\/\/lamendigapolitica.com\/index.php?rest_route=\/wp\/v2\/posts\/79422\/revisions\/79424"}],"wp:attachment":[{"href":"https:\/\/lamendigapolitica.com\/index.php?rest_route=%2Fwp%2Fv2%2Fmedia&parent=79422"}],"wp:term":[{"taxonomy":"category","embeddable":true,"href":"https:\/\/lamendigapolitica.com\/index.php?rest_route=%2Fwp%2Fv2%2Fcategories&post=79422"},{"taxonomy":"post_tag","embeddable":true,"href":"https:\/\/lamendigapolitica.com\/index.php?rest_route=%2Fwp%2Fv2%2Ftags&post=79422"}],"curies":[{"name":"wp","href":"https:\/\/api.w.org\/{rel}","templated":true}]}}