{"id":79412,"date":"2024-09-04T13:59:33","date_gmt":"2024-09-04T19:59:33","guid":{"rendered":"https:\/\/lamendigapolitica.com\/?p=79412"},"modified":"2024-09-04T13:59:33","modified_gmt":"2024-09-04T19:59:33","slug":"presentan-senderos-del-bosque-muestra-fotografica-de-fauna-del-bosque-la-primavera","status":"publish","type":"post","link":"https:\/\/lamendigapolitica.com\/?p=79412","title":{"rendered":"Presentan \u2018Senderos del bosque\u2019, muestra fotogr\u00e1fica de fauna del Bosque La Primavera"},"content":{"rendered":"<p><img loading=\"lazy\" decoding=\"async\" class=\"aligncenter size-full wp-image-79413\" src=\"https:\/\/lamendigapolitica.com\/blog\/wp-content\/uploads\/2024\/09\/53967091776_1388a2c3b7_c.jpg\" alt=\"\" width=\"800\" height=\"465\" srcset=\"https:\/\/lamendigapolitica.com\/wp-content\/uploads\/2024\/09\/53967091776_1388a2c3b7_c.jpg 800w, https:\/\/lamendigapolitica.com\/wp-content\/uploads\/2024\/09\/53967091776_1388a2c3b7_c-300x174.jpg 300w, https:\/\/lamendigapolitica.com\/wp-content\/uploads\/2024\/09\/53967091776_1388a2c3b7_c-768x446.jpg 768w, https:\/\/lamendigapolitica.com\/wp-content\/uploads\/2024\/09\/53967091776_1388a2c3b7_c-555x323.jpg 555w\" sizes=\"auto, (max-width: 800px) 100vw, 800px\" \/><\/p>\n<p>La muestra est\u00e1 compuesta de 36 piezas y podr\u00e1 visitarse del 7 al 29 de septiembre en el Museo del Periodismo y las Artes Gr\u00e1ficas (Mupag), de manera gratuita<\/p>\n<p>Los protagonistas son animales caracter\u00edsticos de este pulm\u00f3n de la Zona Metropolitana de Guadalajara, que fueron captados a trav\u00e9s de c\u00e1maras especiales que se activan con sensores de movimiento<\/p>\n<p>El Museo del Periodismo y las Artes Gr\u00e1ficas (Mupag) ser\u00e1 sede de la exposici\u00f3n fotogr\u00e1fica \u201cSenderos del bosque. Monitoreo de un corredor biol\u00f3gico del Bosque La Primavera\u201d, la cual estar\u00e1 protagonizada por especies caracter\u00edsticas de este pulm\u00f3n de la metr\u00f3poli tapat\u00eda como el venado cola blanca, el coyote, el zorro gris, el puma y el pecar\u00ed de collar.<!--more--><\/p>\n<p>La inauguraci\u00f3n de la muestra ser\u00e1 el s\u00e1bado 7 de septiembre, a las 13:00 horas. Est\u00e1 compuesta por 36 fotograf\u00edas a color y en blanco y negro, siendo que las especies fueron captadas a trav\u00e9s de c\u00e1maras especiales que se activan con sensores de movimiento.<\/p>\n<p>\u201cSenderos del bosque\u201d es una coproducci\u00f3n del Festival Bosque La Primavera, la Fundaci\u00f3n Ecol\u00f3gica Selva Negra A.C. y Mupag, que da inicio a la VIII edici\u00f3n del Festival Bosque La Primavera, dirigido por Karen de Luna y Mar\u00eda Fors.<\/p>\n<p>Este festival ciudadano fue creado desde el Centro de Cultura Ambiental e Investigaci\u00f3n Educativa (CCAIE), y est\u00e1 centrado en desarrollar y promover actividades que permitan honrar la riqueza del Bosque La Primavera, conocer los bienes que brinda, as\u00ed como comprender qu\u00e9 se puede hacer para protegerlo.<\/p>\n<p>\u201cComo las neuronas, los bosques necesitan estar interconectados para mantenerse vivos y sanos. Esa conectividad biol\u00f3gica es la que permite a la fauna silvestre tener libertad de movimiento sobre el territorio para alimentarse y reproducirse\u201d, escribi\u00f3 Jos\u00e9 Antonio M\u00e1rquez Michel, Co-curador de la muestra fotogr\u00e1fica y director de la Fundaci\u00f3n Selva Negra, financiada por el grupo de rock Man\u00e1.<\/p>\n<p>\u201cEn sus desplazamientos, los animales del bosque contribuyen con el bosque mismo dispersando semillas y otros materiales gen\u00e9ticos, en una perfecta simbiosis. Conocer para conservar la biodiversidad es condici\u00f3n y primer paso para la sobrevivencia de la humanidad\u201d, agreg\u00f3 Jos\u00e9 Antonio M\u00e1rquez.<\/p>\n<p>Previo a la inauguraci\u00f3n, el s\u00e1bado 7 de septiembre, a las 12:00 horas, se llevar\u00e1 a cabo en Mupag la conferencia \u201cCorredores ecol\u00f3gicos: conectando La Primavera\u201d, que impartir\u00e1 el Mtro. Gabriel V\u00e1zquez S\u00e1nchez, Director del OPD Bosque La Primavera.<\/p>\n<p>El Mupag se ubica en la Casa de los Perros, en Paseo Fray Antonio Alcalde #225, en el Centro Hist\u00f3rico de la ciudad. Su horario es de martes a domingo, de 10:00 a 18:00 horas, con entrada gratuita.<\/p>\n<p>Para m\u00e1s informaci\u00f3n sobre \u201cSenderos del Bosque\u201d, el Festival Bosque La Primavera y la Fundaci\u00f3n Selva Negra pueden consultarse los sitios web www.ccaieambiental.com y www.selvanegra.org.mx y las redes sociales de Mupag y Cultura Guadalajara.<\/p>\n<p>&nbsp;<\/p>\n","protected":false},"excerpt":{"rendered":"<p>La muestra est\u00e1 compuesta de 36 piezas y podr\u00e1 visitarse del 7 al 29 de septiembre en el Museo del Periodismo y las Artes Gr\u00e1ficas (Mupag), de manera gratuita Los protagonistas son animales caracter\u00edsticos de este pulm\u00f3n de la Zona Metropolitana de Guadalajara, que fueron captados a trav\u00e9s de c\u00e1maras especiales que se activan con &hellip; <\/p>\n<p><a class=\"more-link btn\" href=\"https:\/\/lamendigapolitica.com\/?p=79412\">Seguir leyendo<\/a><\/p>\n","protected":false},"author":1,"featured_media":0,"comment_status":"open","ping_status":"closed","sticky":false,"template":"","format":"standard","meta":{"footnotes":""},"categories":[101,42,26,43,28,37,27,22,41,106],"tags":[],"class_list":["post-79412","post","type-post","status-publish","format-standard","hentry","category-cine","category-clima","category-cultura","category-ecologia","category-educacion","category-nacional","category-seguridad","category-sociales","category-tecnologia","category-universidad","item-wrap"],"_links":{"self":[{"href":"https:\/\/lamendigapolitica.com\/index.php?rest_route=\/wp\/v2\/posts\/79412","targetHints":{"allow":["GET"]}}],"collection":[{"href":"https:\/\/lamendigapolitica.com\/index.php?rest_route=\/wp\/v2\/posts"}],"about":[{"href":"https:\/\/lamendigapolitica.com\/index.php?rest_route=\/wp\/v2\/types\/post"}],"author":[{"embeddable":true,"href":"https:\/\/lamendigapolitica.com\/index.php?rest_route=\/wp\/v2\/users\/1"}],"replies":[{"embeddable":true,"href":"https:\/\/lamendigapolitica.com\/index.php?rest_route=%2Fwp%2Fv2%2Fcomments&post=79412"}],"version-history":[{"count":1,"href":"https:\/\/lamendigapolitica.com\/index.php?rest_route=\/wp\/v2\/posts\/79412\/revisions"}],"predecessor-version":[{"id":79414,"href":"https:\/\/lamendigapolitica.com\/index.php?rest_route=\/wp\/v2\/posts\/79412\/revisions\/79414"}],"wp:attachment":[{"href":"https:\/\/lamendigapolitica.com\/index.php?rest_route=%2Fwp%2Fv2%2Fmedia&parent=79412"}],"wp:term":[{"taxonomy":"category","embeddable":true,"href":"https:\/\/lamendigapolitica.com\/index.php?rest_route=%2Fwp%2Fv2%2Fcategories&post=79412"},{"taxonomy":"post_tag","embeddable":true,"href":"https:\/\/lamendigapolitica.com\/index.php?rest_route=%2Fwp%2Fv2%2Ftags&post=79412"}],"curies":[{"name":"wp","href":"https:\/\/api.w.org\/{rel}","templated":true}]}}