{"id":79408,"date":"2024-09-03T13:40:25","date_gmt":"2024-09-03T19:40:25","guid":{"rendered":"https:\/\/lamendigapolitica.com\/?p=79408"},"modified":"2024-09-04T13:44:25","modified_gmt":"2024-09-04T19:44:25","slug":"presentan-playera-y-medalla-de-la-octava-carrera-leones-negros","status":"publish","type":"post","link":"https:\/\/lamendigapolitica.com\/?p=79408","title":{"rendered":"Presentan playera y medalla de la octava Carrera Leones Negros"},"content":{"rendered":"<p><img loading=\"lazy\" decoding=\"async\" class=\"aligncenter size-full wp-image-79409\" src=\"https:\/\/lamendigapolitica.com\/blog\/wp-content\/uploads\/2024\/09\/07.jpg\" alt=\"\" width=\"1138\" height=\"790\" srcset=\"https:\/\/lamendigapolitica.com\/wp-content\/uploads\/2024\/09\/07.jpg 1138w, https:\/\/lamendigapolitica.com\/wp-content\/uploads\/2024\/09\/07-300x208.jpg 300w, https:\/\/lamendigapolitica.com\/wp-content\/uploads\/2024\/09\/07-1024x711.jpg 1024w, https:\/\/lamendigapolitica.com\/wp-content\/uploads\/2024\/09\/07-768x533.jpg 768w, https:\/\/lamendigapolitica.com\/wp-content\/uploads\/2024\/09\/07-555x385.jpg 555w\" sizes=\"auto, (max-width: 1138px) 100vw, 1138px\" \/><\/p>\n<p>Se correr\u00e1 el pr\u00f3ximo 20 de octubre, a las 6:30 horas, en el marco del 30 aniversario de la Red Universitaria<\/p>\n<p>La medalla y la playera de la octava carrera Leones Negros Red Cola 2024 fue presentada hoy en rueda de prensa, y en la que se dio a conocer que hasta el momento se han vendido 60 por ciento de las 11 mil inscripciones disponibles.<!--more--><\/p>\n<p>Sobre la carrera, que forma parte de los festejos de los 30 a\u00f1os de la creaci\u00f3n de la Red Universitaria, el Rector General de la UdeG, doctor Ricardo Villanueva Lomel\u00ed, destac\u00f3 que esta competencia se ubica entre las favoritas de la ciudad.<\/p>\n<p>\u201cEsta carrera se ha consolidado como la favorita de las familias de la ciudad por esa connotaci\u00f3n que tiene el ser una carrera sumamente noble para que toda persona la pueda correr, y el ambiente que hay alrededor de \u00e9sta la convierte en una fiesta\u201d, declar\u00f3.<\/p>\n<p>&nbsp;<\/p>\n<p>Destac\u00f3 el crecimiento de la carrera que cada a\u00f1o suma m\u00e1s asistentes; empez\u00f3 en 2015 con 2 mil 500 participantes hasta llegar a diez mil en 2023, lo que representa un orgullo para los universitarios.<\/p>\n<p>&nbsp;<\/p>\n<p>El Coordinador General de Servicios a Universitarios (CGSU), maestro Juan Carlos Guerrero, expres\u00f3 que el deporte es un veh\u00edculo poderoso que va m\u00e1s all\u00e1 de la mera pr\u00e1ctica f\u00edsico deportiva y no solo re\u00fane a las personas, es un veh\u00edculo para dar buenos mensajes.<\/p>\n<p>&nbsp;<\/p>\n<p>\u201cRepresenta una invaluable oportunidad para continuar fomentando la identidad universitaria y los estilos de vida saludable dentro de nuestras aulas y fuera de \u00e9stas. En sus ediciones anteriores ha reunido a m\u00e1s de 46 mil 800 corredores y corredoras, y al concluir esta edici\u00f3n alcanzaremos un total de 57 mil 800; es una de las m\u00e1s concurridas por mujeres y con la mayor distribuci\u00f3n de edad en la ciudad, porque corremos todas y todos\u201d, coment\u00f3.<\/p>\n<p>&nbsp;<\/p>\n<p>El Director de la carrera, doctor Gabriel Flores Allende, coment\u00f3 que esta edici\u00f3n se correr\u00e1 el domingo 20 de octubre, a partir de las 6:30 horas y habr\u00e1 cuatro bloques de salida, por seguridad y distribuci\u00f3n de los corredores y corredoras.<\/p>\n<p>&nbsp;<\/p>\n<p>\u201cInvitar a toda la comunidad universitaria y p\u00fablico en general a adoptar un kil\u00f3metro de animaci\u00f3n, eso es motivante para quienes somos corredores; ac\u00e9rquense, mediante la p\u00e1gina pueden registrarse con grupos de animaci\u00f3n\u201d, precis\u00f3.<\/p>\n<p>&nbsp;<\/p>\n<p>La atleta universitaria Citlali Cristian Moscote, quien particip\u00f3 en los pasados Juegos Ol\u00edmpicos, record\u00f3 que en varias ediciones fue parte de esta competencia.<\/p>\n<p>&nbsp;<\/p>\n<p>\u201cConozco esta carrera perfectamente, es una de las favoritas de los jaliscienses y de esta Casa de Estudio. Es una carrera con mucha identidad, a todos nos gusta y nos trae recuerdos desde estudiantes hasta egresados y trabajadores; somos una comunidad tan grande que por eso es la favorita de todos\u201d, apunt\u00f3.<\/p>\n<p>&nbsp;<\/p>\n<p>El Jefe de Trade Marketing y Eventos Especiales de Grupo Aga, Marcelo Garciarce D\u00e1vila, dijo que es importante esta carrera porque es diferente a las dem\u00e1s y maneja un esp\u00edritu de comunidad. En Grupo Aga est\u00e1n orgullosos de ser parte por cuarto a\u00f1o de la carrera.<\/p>\n<p>&nbsp;<\/p>\n<p>Se podr\u00e1 participar en las categor\u00edas: Universitario (18 a 29 a\u00f1os), Egresado (30 a 39 a\u00f1os), Posgrado (40 a 49 a\u00f1os), M\u00e1ster (50 a 59 a\u00f1os), Doctoral (60 a 69 a\u00f1os), Em\u00e9rito (70 a\u00f1os y m\u00e1s), B1 (ciego total y d\u00e9bil visual) y B2 (silla de ruedas), adem\u00e1s de la categor\u00eda de representantes de la Red Universitaria.<\/p>\n<p>&nbsp;<\/p>\n<p>El costo de inscripci\u00f3n es de 400 pesos para todo p\u00fablico, 350 pesos para comunidad universitaria, 200 pesos para tercera edad y gratuita para las categor\u00edas B1 y B2; y por el momento pueden realizarse en el sitio https:\/\/carreraleonesnegros.udg.mx; mediante las redes sociales se dan a conocer los puntos de inscripci\u00f3n en f\u00edsico.<\/p>\n","protected":false},"excerpt":{"rendered":"<p>Se correr\u00e1 el pr\u00f3ximo 20 de octubre, a las 6:30 horas, en el marco del 30 aniversario de la Red Universitaria La medalla y la playera de la octava carrera Leones Negros Red Cola 2024 fue presentada hoy en rueda de prensa, y en la que se dio a conocer que hasta el momento se &hellip; <\/p>\n<p><a class=\"more-link btn\" href=\"https:\/\/lamendigapolitica.com\/?p=79408\">Seguir leyendo<\/a><\/p>\n","protected":false},"author":1,"featured_media":0,"comment_status":"open","ping_status":"closed","sticky":false,"template":"","format":"standard","meta":{"footnotes":""},"categories":[42,97,23,28,38,37,27,22,24,106],"tags":[],"class_list":["post-79408","post","type-post","status-publish","format-standard","hentry","category-clima","category-comunicacion","category-deportes","category-educacion","category-movilidad","category-nacional","category-seguridad","category-sociales","category-turismo","category-universidad","item-wrap"],"_links":{"self":[{"href":"https:\/\/lamendigapolitica.com\/index.php?rest_route=\/wp\/v2\/posts\/79408","targetHints":{"allow":["GET"]}}],"collection":[{"href":"https:\/\/lamendigapolitica.com\/index.php?rest_route=\/wp\/v2\/posts"}],"about":[{"href":"https:\/\/lamendigapolitica.com\/index.php?rest_route=\/wp\/v2\/types\/post"}],"author":[{"embeddable":true,"href":"https:\/\/lamendigapolitica.com\/index.php?rest_route=\/wp\/v2\/users\/1"}],"replies":[{"embeddable":true,"href":"https:\/\/lamendigapolitica.com\/index.php?rest_route=%2Fwp%2Fv2%2Fcomments&post=79408"}],"version-history":[{"count":2,"href":"https:\/\/lamendigapolitica.com\/index.php?rest_route=\/wp\/v2\/posts\/79408\/revisions"}],"predecessor-version":[{"id":79411,"href":"https:\/\/lamendigapolitica.com\/index.php?rest_route=\/wp\/v2\/posts\/79408\/revisions\/79411"}],"wp:attachment":[{"href":"https:\/\/lamendigapolitica.com\/index.php?rest_route=%2Fwp%2Fv2%2Fmedia&parent=79408"}],"wp:term":[{"taxonomy":"category","embeddable":true,"href":"https:\/\/lamendigapolitica.com\/index.php?rest_route=%2Fwp%2Fv2%2Fcategories&post=79408"},{"taxonomy":"post_tag","embeddable":true,"href":"https:\/\/lamendigapolitica.com\/index.php?rest_route=%2Fwp%2Fv2%2Ftags&post=79408"}],"curies":[{"name":"wp","href":"https:\/\/api.w.org\/{rel}","templated":true}]}}