{"id":79402,"date":"2024-09-04T13:02:25","date_gmt":"2024-09-04T19:02:25","guid":{"rendered":"https:\/\/lamendigapolitica.com\/?p=79402"},"modified":"2024-09-04T13:02:25","modified_gmt":"2024-09-04T19:02:25","slug":"joe-biden-una-nueva-era-evan-osnos","status":"publish","type":"post","link":"https:\/\/lamendigapolitica.com\/?p=79402","title":{"rendered":"Joe Biden &#8211; Una nueva era\/Evan Osnos"},"content":{"rendered":"<h2><img loading=\"lazy\" decoding=\"async\" class=\"alignleft size-medium wp-image-79403\" src=\"https:\/\/lamendigapolitica.com\/blog\/wp-content\/uploads\/2024\/09\/04-197x300.jpg\" alt=\"\" width=\"197\" height=\"300\" srcset=\"https:\/\/lamendigapolitica.com\/wp-content\/uploads\/2024\/09\/04-197x300.jpg 197w, https:\/\/lamendigapolitica.com\/wp-content\/uploads\/2024\/09\/04.jpg 250w\" sizes=\"auto, (max-width: 197px) 100vw, 197px\" \/><span style=\"color: #666699;\">EL LIBRO DE LA SEMANA <\/span><\/h2>\n<h2><span style=\"color: #666699;\">JOE BIDEN\/Evan Osnos<\/span><\/h2>\n<p>Interesante y sucinto retrato pol\u00edtico y humano del nuevo presidente de EE UU.<\/p>\n<p>El presidente de EE UU trasciende este pa\u00eds y es, guste o no, una figura central para el conjunto de pa\u00edses occidentales y hasta para el mundo entero, dada la condici\u00f3n de primera potencia mundial.<!--more--><\/p>\n<p>Aunque de la misma generaci\u00f3n, Joe Biden es la ant\u00edtesis casi exacta de Donald Trump, como pone de manifiesto esta interesante biograf\u00eda escrita por un periodista de la prestigiosa revista New Yorker: un servidor p\u00fablico de larga trayectoria, que ha fracasado m\u00e1s de una vez y en lugar de ocultarlo ha sacado ense\u00f1anzas de la experiencia, que reh\u00faye de las bravuconadas y trata de sacar el m\u00e1ximo partido de sus virtudes siendo muy consciente de sus imperfecciones, y que defiende el di\u00e1logo y la tolerancia como requisitos previos de la acci\u00f3n pol\u00edtica, siempre vinculada a las grandes causas progresistas.<\/p>\n<p>En cierta forma, es un antih\u00e9roe que ha superado muchas adversidades, caracter\u00edstica especialmente \u00fatil en tiempos tan convulsos y de falsos profetas.<\/p>\n","protected":false},"excerpt":{"rendered":"<p>EL LIBRO DE LA SEMANA JOE BIDEN\/Evan Osnos Interesante y sucinto retrato pol\u00edtico y humano del nuevo presidente de EE UU. El presidente de EE UU trasciende este pa\u00eds y es, guste o no, una figura central para el conjunto de pa\u00edses occidentales y hasta para el mundo entero, dada la condici\u00f3n de primera potencia &hellip; <\/p>\n<p><a class=\"more-link btn\" href=\"https:\/\/lamendigapolitica.com\/?p=79402\">Seguir leyendo<\/a><\/p>\n","protected":false},"author":1,"featured_media":0,"comment_status":"open","ping_status":"closed","sticky":false,"template":"","format":"standard","meta":{"footnotes":""},"categories":[101,1,97,26,45,20,3],"tags":[],"class_list":["post-79402","post","type-post","status-publish","format-standard","hentry","category-cine","category-columnista","category-comunicacion","category-cultura","category-featured","category-gobierno","category-politica","item-wrap"],"_links":{"self":[{"href":"https:\/\/lamendigapolitica.com\/index.php?rest_route=\/wp\/v2\/posts\/79402","targetHints":{"allow":["GET"]}}],"collection":[{"href":"https:\/\/lamendigapolitica.com\/index.php?rest_route=\/wp\/v2\/posts"}],"about":[{"href":"https:\/\/lamendigapolitica.com\/index.php?rest_route=\/wp\/v2\/types\/post"}],"author":[{"embeddable":true,"href":"https:\/\/lamendigapolitica.com\/index.php?rest_route=\/wp\/v2\/users\/1"}],"replies":[{"embeddable":true,"href":"https:\/\/lamendigapolitica.com\/index.php?rest_route=%2Fwp%2Fv2%2Fcomments&post=79402"}],"version-history":[{"count":1,"href":"https:\/\/lamendigapolitica.com\/index.php?rest_route=\/wp\/v2\/posts\/79402\/revisions"}],"predecessor-version":[{"id":79404,"href":"https:\/\/lamendigapolitica.com\/index.php?rest_route=\/wp\/v2\/posts\/79402\/revisions\/79404"}],"wp:attachment":[{"href":"https:\/\/lamendigapolitica.com\/index.php?rest_route=%2Fwp%2Fv2%2Fmedia&parent=79402"}],"wp:term":[{"taxonomy":"category","embeddable":true,"href":"https:\/\/lamendigapolitica.com\/index.php?rest_route=%2Fwp%2Fv2%2Fcategories&post=79402"},{"taxonomy":"post_tag","embeddable":true,"href":"https:\/\/lamendigapolitica.com\/index.php?rest_route=%2Fwp%2Fv2%2Ftags&post=79402"}],"curies":[{"name":"wp","href":"https:\/\/api.w.org\/{rel}","templated":true}]}}