{"id":79392,"date":"2024-09-03T12:21:51","date_gmt":"2024-09-03T18:21:51","guid":{"rendered":"https:\/\/lamendigapolitica.com\/?p=79392"},"modified":"2024-09-04T12:28:54","modified_gmt":"2024-09-04T18:28:54","slug":"gracias-andres-manuel-lopez-obrador","status":"publish","type":"post","link":"https:\/\/lamendigapolitica.com\/?p=79392","title":{"rendered":"\u00abGracias\u00bb\/ Andr\u00e9s Manuel L\u00f3pez Obrador"},"content":{"rendered":"<h2><span style=\"color: #808080;\"><img loading=\"lazy\" decoding=\"async\" class=\"alignleft size-medium wp-image-79393\" src=\"https:\/\/lamendigapolitica.com\/blog\/wp-content\/uploads\/2024\/09\/01-209x300.jpg\" alt=\"\" width=\"209\" height=\"300\" srcset=\"https:\/\/lamendigapolitica.com\/wp-content\/uploads\/2024\/09\/01-209x300.jpg 209w, https:\/\/lamendigapolitica.com\/wp-content\/uploads\/2024\/09\/01-713x1024.jpg 713w, https:\/\/lamendigapolitica.com\/wp-content\/uploads\/2024\/09\/01-768x1103.jpg 768w, https:\/\/lamendigapolitica.com\/wp-content\/uploads\/2024\/09\/01-555x797.jpg 555w, https:\/\/lamendigapolitica.com\/wp-content\/uploads\/2024\/09\/01.jpg 1044w\" sizes=\"auto, (max-width: 209px) 100vw, 209px\" \/>EL LIBRO DE LA SEMANA <\/span><\/h2>\n<h2><span style=\"color: #808080;\">GRACIAS\/ Andr\u00e9s Manuel L\u00f3pez Obrador<\/span><\/h2>\n<p>El recuento de lo que signific\u00f3 el sexenio de la transformaci\u00f3n hist\u00f3rica del pa\u00eds y de c\u00f3mo el compromiso con la ciudadan\u00eda marc\u00f3 el camino de una nueva pol\u00edtica<\/p>\n<p>\u00abMe voy, y aunque la vida sigue su curso, necesitaba reiterar acerca del pasado para comprender mejor el presente y el porvenir: no hay texto sin contexto y tampoco los procesos pol\u00edticos y sociales surgen de repente, de la nada, son frutos de un largo camino, de resistencias, fatigas, en los cuales participan muchos, que son, como ha sucedido en nuestro movimiento, los protagonistas principales de esta hist\u00f3rica transformaci\u00f3n.<!--more--><\/p>\n<p>Yo soy uno de ellos, de los autores de esta obra, pero no el \u00fanico; a m\u00ed me toc\u00f3 encabezar esta lucha, pero fui apoyado por hombres y mujeres que forjaron una voluntad colectiva dispuesta a cambiar de verdad la vida p\u00fablica de M\u00e9xico.<\/p>\n<p>A todas y todos de coraz\u00f3n. Gracias\u00bb.<\/p>\n<p>Andr\u00e9s Manuel L\u00f3pez Obrador<\/p>\n","protected":false},"excerpt":{"rendered":"<p>EL LIBRO DE LA SEMANA GRACIAS\/ Andr\u00e9s Manuel L\u00f3pez Obrador El recuento de lo que signific\u00f3 el sexenio de la transformaci\u00f3n hist\u00f3rica del pa\u00eds y de c\u00f3mo el compromiso con la ciudadan\u00eda marc\u00f3 el camino de una nueva pol\u00edtica \u00abMe voy, y aunque la vida sigue su curso, necesitaba reiterar acerca del pasado para comprender &hellip; <\/p>\n<p><a class=\"more-link btn\" href=\"https:\/\/lamendigapolitica.com\/?p=79392\">Seguir leyendo<\/a><\/p>\n","protected":false},"author":1,"featured_media":0,"comment_status":"open","ping_status":"closed","sticky":false,"template":"","format":"standard","meta":{"footnotes":""},"categories":[101,1,97,26,28,105,45,20,37,5,3,41],"tags":[],"class_list":["post-79392","post","type-post","status-publish","format-standard","hentry","category-cine","category-columnista","category-comunicacion","category-cultura","category-educacion","category-estados","category-featured","category-gobierno","category-nacional","category-partidos","category-politica","category-tecnologia","item-wrap"],"_links":{"self":[{"href":"https:\/\/lamendigapolitica.com\/index.php?rest_route=\/wp\/v2\/posts\/79392","targetHints":{"allow":["GET"]}}],"collection":[{"href":"https:\/\/lamendigapolitica.com\/index.php?rest_route=\/wp\/v2\/posts"}],"about":[{"href":"https:\/\/lamendigapolitica.com\/index.php?rest_route=\/wp\/v2\/types\/post"}],"author":[{"embeddable":true,"href":"https:\/\/lamendigapolitica.com\/index.php?rest_route=\/wp\/v2\/users\/1"}],"replies":[{"embeddable":true,"href":"https:\/\/lamendigapolitica.com\/index.php?rest_route=%2Fwp%2Fv2%2Fcomments&post=79392"}],"version-history":[{"count":2,"href":"https:\/\/lamendigapolitica.com\/index.php?rest_route=\/wp\/v2\/posts\/79392\/revisions"}],"predecessor-version":[{"id":79395,"href":"https:\/\/lamendigapolitica.com\/index.php?rest_route=\/wp\/v2\/posts\/79392\/revisions\/79395"}],"wp:attachment":[{"href":"https:\/\/lamendigapolitica.com\/index.php?rest_route=%2Fwp%2Fv2%2Fmedia&parent=79392"}],"wp:term":[{"taxonomy":"category","embeddable":true,"href":"https:\/\/lamendigapolitica.com\/index.php?rest_route=%2Fwp%2Fv2%2Fcategories&post=79392"},{"taxonomy":"post_tag","embeddable":true,"href":"https:\/\/lamendigapolitica.com\/index.php?rest_route=%2Fwp%2Fv2%2Ftags&post=79392"}],"curies":[{"name":"wp","href":"https:\/\/api.w.org\/{rel}","templated":true}]}}