{"id":79386,"date":"2024-09-02T11:09:04","date_gmt":"2024-09-02T17:09:04","guid":{"rendered":"https:\/\/lamendigapolitica.com\/?p=79386"},"modified":"2024-09-04T11:36:22","modified_gmt":"2024-09-04T17:36:22","slug":"tribunal-de-brasil-ratifica-decision-de-bloquear-x-en-el-pais","status":"publish","type":"post","link":"https:\/\/lamendigapolitica.com\/?p=79386","title":{"rendered":"Tribunal de Brasil ratifica decisi\u00f3n de bloquear X en el pa\u00eds"},"content":{"rendered":"<p><img loading=\"lazy\" decoding=\"async\" class=\"aligncenter size-full wp-image-79387\" src=\"https:\/\/lamendigapolitica.com\/blog\/wp-content\/uploads\/2024\/09\/331.jpg\" alt=\"\" width=\"735\" height=\"388\" srcset=\"https:\/\/lamendigapolitica.com\/wp-content\/uploads\/2024\/09\/331.jpg 735w, https:\/\/lamendigapolitica.com\/wp-content\/uploads\/2024\/09\/331-300x158.jpg 300w, https:\/\/lamendigapolitica.com\/wp-content\/uploads\/2024\/09\/331-555x293.jpg 555w\" sizes=\"auto, (max-width: 735px) 100vw, 735px\" \/><\/p>\n<p>AP.\u2014 Un panel del Supremo Tribunal Federal de Brasil ratific\u00f3 el lunes por unanimidad la decisi\u00f3n de uno de sus jueces de bloquear la red social X en todo el pa\u00eds, de acuerdo con el sitio web de la corte.<\/p>\n<p>El amplio apoyo entre los jueces socava el intento del propietario de X, Elon Musk, y de sus partidarios de presentar al juez Alexandre de Morales como un renegado y autoritario censor de la expresi\u00f3n pol\u00edtica.<!--more--><\/p>\n<p>El panel que vot\u00f3 en una sesi\u00f3n virtual estaba compuesto por cinco de los 11 jueces del pleno, incluido De Morales, que el viernes pasado orden\u00f3 el bloqueo de la plataforma por no haber nombrado a un representante legal local como exige la ley. X permanecer\u00e1 bloqueada hasta que cumpla sus \u00f3rdenes y pague las multas pendientes, que hasta la semana pasada superaban los 3 millones de d\u00f3lares, seg\u00fan su decisi\u00f3n.<\/p>\n<p>El bloqueo de X ya llev\u00f3 a De Morales la semana pasada a congelar los activos financieros brasile\u00f1os de Starlink como medida de presi\u00f3n para obligarla a cubrir las multas de X, con el argumento de que las dos empresas forman parte del mismo grupo econ\u00f3mico. La empresa afirma que tiene m\u00e1s de 250.000 clientes en Brasil.<\/p>\n<p>Las estaciones terrestres reciben y transmiten informaci\u00f3n entre sat\u00e9lites y la Tierra. Cuando un usuario ingresa a internet v\u00eda sat\u00e9lite, la solicitud de datos es enviada al sat\u00e9lite, que entonces la reenv\u00eda a la estaci\u00f3n terrestre conectada a la red global de internet.<\/p>\n<p>Eso significa que es probable un bloqueo de Starlink, aunque ser\u00e1 dif\u00edcil llevarlo a cabo dado que los sat\u00e9lites de la compa\u00f1\u00eda no se encuentran dentro del territorio nacional, dijo Luca Belli, coordinador del Centro de Tecnolog\u00eda y Sociedad en la Fundaci\u00f3n Getulio Vargas. Es popular en las \u00e1reas rurales y boscosas de Brasil.<\/p>\n<p>&nbsp;<\/p>\n","protected":false},"excerpt":{"rendered":"<p>AP.\u2014 Un panel del Supremo Tribunal Federal de Brasil ratific\u00f3 el lunes por unanimidad la decisi\u00f3n de uno de sus jueces de bloquear la red social X en todo el pa\u00eds, de acuerdo con el sitio web de la corte. El amplio apoyo entre los jueces socava el intento del propietario de X, Elon Musk, &hellip; <\/p>\n<p><a class=\"more-link btn\" href=\"https:\/\/lamendigapolitica.com\/?p=79386\">Seguir leyendo<\/a><\/p>\n","protected":false},"author":1,"featured_media":0,"comment_status":"open","ping_status":"closed","sticky":false,"template":"","format":"standard","meta":{"footnotes":""},"categories":[101,97,45,20,31,3,41],"tags":[],"class_list":["post-79386","post","type-post","status-publish","format-standard","hentry","category-cine","category-comunicacion","category-featured","category-gobierno","category-internacional","category-politica","category-tecnologia","item-wrap"],"_links":{"self":[{"href":"https:\/\/lamendigapolitica.com\/index.php?rest_route=\/wp\/v2\/posts\/79386","targetHints":{"allow":["GET"]}}],"collection":[{"href":"https:\/\/lamendigapolitica.com\/index.php?rest_route=\/wp\/v2\/posts"}],"about":[{"href":"https:\/\/lamendigapolitica.com\/index.php?rest_route=\/wp\/v2\/types\/post"}],"author":[{"embeddable":true,"href":"https:\/\/lamendigapolitica.com\/index.php?rest_route=\/wp\/v2\/users\/1"}],"replies":[{"embeddable":true,"href":"https:\/\/lamendigapolitica.com\/index.php?rest_route=%2Fwp%2Fv2%2Fcomments&post=79386"}],"version-history":[{"count":1,"href":"https:\/\/lamendigapolitica.com\/index.php?rest_route=\/wp\/v2\/posts\/79386\/revisions"}],"predecessor-version":[{"id":79388,"href":"https:\/\/lamendigapolitica.com\/index.php?rest_route=\/wp\/v2\/posts\/79386\/revisions\/79388"}],"wp:attachment":[{"href":"https:\/\/lamendigapolitica.com\/index.php?rest_route=%2Fwp%2Fv2%2Fmedia&parent=79386"}],"wp:term":[{"taxonomy":"category","embeddable":true,"href":"https:\/\/lamendigapolitica.com\/index.php?rest_route=%2Fwp%2Fv2%2Fcategories&post=79386"},{"taxonomy":"post_tag","embeddable":true,"href":"https:\/\/lamendigapolitica.com\/index.php?rest_route=%2Fwp%2Fv2%2Ftags&post=79386"}],"curies":[{"name":"wp","href":"https:\/\/api.w.org\/{rel}","templated":true}]}}