{"id":79379,"date":"2024-08-31T20:31:21","date_gmt":"2024-09-01T02:31:21","guid":{"rendered":"https:\/\/lamendigapolitica.com\/?p=79379"},"modified":"2024-08-31T20:31:21","modified_gmt":"2024-09-01T02:31:21","slug":"inauguran-coleccion-biologica-en-la-u-de-g","status":"publish","type":"post","link":"https:\/\/lamendigapolitica.com\/?p=79379","title":{"rendered":"Inauguran colecci\u00f3n biol\u00f3gica en la U de G"},"content":{"rendered":"<p><img loading=\"lazy\" decoding=\"async\" class=\"aligncenter size-full wp-image-79380\" src=\"https:\/\/lamendigapolitica.com\/blog\/wp-content\/uploads\/2024\/08\/TEST-AG-31-24.jpg\" alt=\"\" width=\"1175\" height=\"786\" srcset=\"https:\/\/lamendigapolitica.com\/wp-content\/uploads\/2024\/08\/TEST-AG-31-24.jpg 1175w, https:\/\/lamendigapolitica.com\/wp-content\/uploads\/2024\/08\/TEST-AG-31-24-300x201.jpg 300w, https:\/\/lamendigapolitica.com\/wp-content\/uploads\/2024\/08\/TEST-AG-31-24-1024x685.jpg 1024w, https:\/\/lamendigapolitica.com\/wp-content\/uploads\/2024\/08\/TEST-AG-31-24-768x514.jpg 768w, https:\/\/lamendigapolitica.com\/wp-content\/uploads\/2024\/08\/TEST-AG-31-24-555x371.jpg 555w\" sizes=\"auto, (max-width: 1175px) 100vw, 1175px\" \/><\/p>\n<p>&nbsp;<\/p>\n<p>La colecci\u00f3n del CUCSur, instalada en la explanada, ha sido visitada por alrededor de 160 mil personas desde su creaci\u00f3n<\/p>\n<p>Tar\u00e1ntulas, hongos, insectos, mam\u00edferos, helechos y v\u00edboras son algunos ejemplares que presenta la Colecci\u00f3n Biol\u00f3gica Itinerante del Centro Universitario de la Costa Sur (CUCSur), que junto con la exposici\u00f3n fotogr\u00e1fica Belleza alada, 30 a\u00f1os, 30 vuelos, del Centro Universitario del Sur (CUSur), fueron inauguradas hoy en el Edificio de Rector\u00eda General de la Universidad de Guadalajara (UdeG), cuya finalidad es promover la educaci\u00f3n ambiental, la preservaci\u00f3n de la vida silvestre y la biodiversidad.<!--more--><\/p>\n<p>&nbsp;<\/p>\n<p>La colecci\u00f3n biol\u00f3gica<\/p>\n<p>Alondra y Patria cursan el cuarto a\u00f1o de primaria, y es la primera vez que visitan una colecci\u00f3n de este tipo; la parte que m\u00e1s disfrutaron fue la de los mam\u00edferos, \u201caprend\u00ed que se deben cuidar todos los animales porque son muy importantes\u201d, comparti\u00f3 Alondra. Esta historia se repite entre las decenas de ni\u00f1os que visitaron en su primero de dos d\u00edas la exposici\u00f3n, que forma parte del 30 aniversario de la creaci\u00f3n de la Red Universitaria.<\/p>\n<p>La Rectora del CUCSur, maestra Ana Mar\u00eda de la O Castellanos Pinz\u00f3n, dijo que la colecci\u00f3n presenta un trabajo de alrededor de 40 a\u00f1os por parte de investigadores. El centro universitario es ejemplo de lo que significa trabajar en pro del cuidado del medio ambiente.<\/p>\n<p>\u201cEs una colecci\u00f3n de m\u00e1s de mil ejemplares. Aqu\u00ed se trae solamente una muestra de especies de distinta naturaleza. La fauna silvestre no solamente est\u00e1 en esos h\u00e1bitats de monta\u00f1a, tambi\u00e9n en la ciudad, donde hemos invadido sus espacios y debemos respetarlos y cuidarlos\u201d, indic\u00f3.<\/p>\n<p>&nbsp;<\/p>\n<p>Exposici\u00f3n Belleza alada 30 a\u00f1os en el Lobby del edificio de Rector\u00eda General<\/p>\n<p>Jes\u00fas Alberto Espinoza Arias, profesor investigador y fot\u00f3grafo documental de la exposici\u00f3n fotogr\u00e1fica Belleza alada 30 a\u00f1os, 30 vuelos, expres\u00f3 que las im\u00e1genes muestran a aves e insectos en humedales para generar esa relaci\u00f3n de la importancia de \u00e9stos, que cada d\u00eda est\u00e1n m\u00e1s presionados y tienen una gran importancia en la vida de la tierra porque albergan a una gran cantidad de especies.<\/p>\n<p>&nbsp;<\/p>\n<p>La colecci\u00f3n biol\u00f3gica permanecer\u00e1 abierta hoy con horario de 10:00 a 17:30 horas, mientras que la exposici\u00f3n fotogr\u00e1fica podr\u00e1 apreciarse hasta el 4 de octubre.<\/p>\n<p>&nbsp;<\/p>\n","protected":false},"excerpt":{"rendered":"<p>&nbsp; La colecci\u00f3n del CUCSur, instalada en la explanada, ha sido visitada por alrededor de 160 mil personas desde su creaci\u00f3n Tar\u00e1ntulas, hongos, insectos, mam\u00edferos, helechos y v\u00edboras son algunos ejemplares que presenta la Colecci\u00f3n Biol\u00f3gica Itinerante del Centro Universitario de la Costa Sur (CUCSur), que junto con la exposici\u00f3n fotogr\u00e1fica Belleza alada, 30 a\u00f1os, &hellip; <\/p>\n<p><a class=\"more-link btn\" href=\"https:\/\/lamendigapolitica.com\/?p=79379\">Seguir leyendo<\/a><\/p>\n","protected":false},"author":1,"featured_media":0,"comment_status":"open","ping_status":"closed","sticky":false,"template":"","format":"standard","meta":{"footnotes":""},"categories":[101,42,97,43,28,36,45,22,41,106],"tags":[],"class_list":["post-79379","post","type-post","status-publish","format-standard","hentry","category-cine","category-clima","category-comunicacion","category-ecologia","category-educacion","category-espectaculos","category-featured","category-sociales","category-tecnologia","category-universidad","item-wrap"],"_links":{"self":[{"href":"https:\/\/lamendigapolitica.com\/index.php?rest_route=\/wp\/v2\/posts\/79379","targetHints":{"allow":["GET"]}}],"collection":[{"href":"https:\/\/lamendigapolitica.com\/index.php?rest_route=\/wp\/v2\/posts"}],"about":[{"href":"https:\/\/lamendigapolitica.com\/index.php?rest_route=\/wp\/v2\/types\/post"}],"author":[{"embeddable":true,"href":"https:\/\/lamendigapolitica.com\/index.php?rest_route=\/wp\/v2\/users\/1"}],"replies":[{"embeddable":true,"href":"https:\/\/lamendigapolitica.com\/index.php?rest_route=%2Fwp%2Fv2%2Fcomments&post=79379"}],"version-history":[{"count":2,"href":"https:\/\/lamendigapolitica.com\/index.php?rest_route=\/wp\/v2\/posts\/79379\/revisions"}],"predecessor-version":[{"id":79385,"href":"https:\/\/lamendigapolitica.com\/index.php?rest_route=\/wp\/v2\/posts\/79379\/revisions\/79385"}],"wp:attachment":[{"href":"https:\/\/lamendigapolitica.com\/index.php?rest_route=%2Fwp%2Fv2%2Fmedia&parent=79379"}],"wp:term":[{"taxonomy":"category","embeddable":true,"href":"https:\/\/lamendigapolitica.com\/index.php?rest_route=%2Fwp%2Fv2%2Fcategories&post=79379"},{"taxonomy":"post_tag","embeddable":true,"href":"https:\/\/lamendigapolitica.com\/index.php?rest_route=%2Fwp%2Fv2%2Ftags&post=79379"}],"curies":[{"name":"wp","href":"https:\/\/api.w.org\/{rel}","templated":true}]}}