{"id":79369,"date":"2024-08-28T20:44:16","date_gmt":"2024-08-29T02:44:16","guid":{"rendered":"https:\/\/lamendigapolitica.com\/?p=79369"},"modified":"2024-08-30T22:24:44","modified_gmt":"2024-08-31T04:24:44","slug":"ella-una-princesa-noruega-el-un-chaman-estadounidense-y-se-casan-el-sabado","status":"publish","type":"post","link":"https:\/\/lamendigapolitica.com\/?p=79369","title":{"rendered":"Ella, una princesa noruega, \u00e9l un cham\u00e1n estadounidense y se casan el s\u00e1bado"},"content":{"rendered":"<p><img decoding=\"async\" class=\"aligncenter size-full wp-image-79370\" src=\"https:\/\/lamendigapolitica.com\/blog\/wp-content\/uploads\/2024\/08\/55-2.jpg\" alt=\"\" \/><\/p>\n<p>AP.\u2014 La hija mayor del rey noruego, la princesa M\u00e4rtha Louise (Marta Luisa), se casar\u00e1 el s\u00e1bado con el autoproclamado cham\u00e1n estadounidense Durek Verret en un pintoresco rinc\u00f3n del sur de Noruega.<\/p>\n<p>La boda se produce en medio de cr\u00edticas generalizadas a las acciones de la pareja y la disminuci\u00f3n del apoyo a la realeza escandinava, que se ha visto plagada de reportes negativos por un miembro de la familia que enfrenta cargos preliminares de violencia dom\u00e9stica.<!--more--><\/p>\n<p>M\u00e4rtha Louise, de 52 a\u00f1os, y Verret, quien afirma ser un cham\u00e1n de sexta generaci\u00f3n de California, han atra\u00eddo titulares con sus creencias alternativas. Ella es la cuarta en la l\u00ednea de sucesi\u00f3n al trono noruego, pero dijo en 2022 que ya no representar\u00e1 oficialmente a la casa real noruega para trabajar m\u00e1s estrechamente con su prometido estadounidense.<\/p>\n","protected":false},"excerpt":{"rendered":"<p>AP.\u2014 La hija mayor del rey noruego, la princesa M\u00e4rtha Louise (Marta Luisa), se casar\u00e1 el s\u00e1bado con el autoproclamado cham\u00e1n estadounidense Durek Verret en un pintoresco rinc\u00f3n del sur de Noruega. La boda se produce en medio de cr\u00edticas generalizadas a las acciones de la pareja y la disminuci\u00f3n del apoyo a la realeza &hellip; <\/p>\n<p><a class=\"more-link btn\" href=\"https:\/\/lamendigapolitica.com\/?p=79369\">Seguir leyendo<\/a><\/p>\n","protected":false},"author":1,"featured_media":0,"comment_status":"open","ping_status":"closed","sticky":false,"template":"","format":"standard","meta":{"footnotes":""},"categories":[26,36,45,20,31,21,22],"tags":[],"class_list":["post-79369","post","type-post","status-publish","format-standard","hentry","category-cultura","category-espectaculos","category-featured","category-gobierno","category-internacional","category-religion","category-sociales","item-wrap"],"_links":{"self":[{"href":"https:\/\/lamendigapolitica.com\/index.php?rest_route=\/wp\/v2\/posts\/79369","targetHints":{"allow":["GET"]}}],"collection":[{"href":"https:\/\/lamendigapolitica.com\/index.php?rest_route=\/wp\/v2\/posts"}],"about":[{"href":"https:\/\/lamendigapolitica.com\/index.php?rest_route=\/wp\/v2\/types\/post"}],"author":[{"embeddable":true,"href":"https:\/\/lamendigapolitica.com\/index.php?rest_route=\/wp\/v2\/users\/1"}],"replies":[{"embeddable":true,"href":"https:\/\/lamendigapolitica.com\/index.php?rest_route=%2Fwp%2Fv2%2Fcomments&post=79369"}],"version-history":[{"count":1,"href":"https:\/\/lamendigapolitica.com\/index.php?rest_route=\/wp\/v2\/posts\/79369\/revisions"}],"predecessor-version":[{"id":79371,"href":"https:\/\/lamendigapolitica.com\/index.php?rest_route=\/wp\/v2\/posts\/79369\/revisions\/79371"}],"wp:attachment":[{"href":"https:\/\/lamendigapolitica.com\/index.php?rest_route=%2Fwp%2Fv2%2Fmedia&parent=79369"}],"wp:term":[{"taxonomy":"category","embeddable":true,"href":"https:\/\/lamendigapolitica.com\/index.php?rest_route=%2Fwp%2Fv2%2Fcategories&post=79369"},{"taxonomy":"post_tag","embeddable":true,"href":"https:\/\/lamendigapolitica.com\/index.php?rest_route=%2Fwp%2Fv2%2Ftags&post=79369"}],"curies":[{"name":"wp","href":"https:\/\/api.w.org\/{rel}","templated":true}]}}