{"id":79365,"date":"2024-08-27T23:26:40","date_gmt":"2024-08-28T05:26:40","guid":{"rendered":"https:\/\/lamendigapolitica.com\/?p=79365"},"modified":"2024-08-27T23:26:40","modified_gmt":"2024-08-28T05:26:40","slug":"jalisco-presente-en-los-nominados-a-los-66-premios-ariel","status":"publish","type":"post","link":"https:\/\/lamendigapolitica.com\/?p=79365","title":{"rendered":"Jalisco, presente en los nominados a los 66\u00b0 Premios Ariel"},"content":{"rendered":"<p><img loading=\"lazy\" decoding=\"async\" class=\"aligncenter size-full wp-image-79366\" src=\"https:\/\/lamendigapolitica.com\/blog\/wp-content\/uploads\/2024\/08\/12.jpg\" alt=\"\" width=\"746\" height=\"503\" srcset=\"https:\/\/lamendigapolitica.com\/wp-content\/uploads\/2024\/08\/12.jpg 746w, https:\/\/lamendigapolitica.com\/wp-content\/uploads\/2024\/08\/12-300x202.jpg 300w, https:\/\/lamendigapolitica.com\/wp-content\/uploads\/2024\/08\/12-555x374.jpg 555w\" sizes=\"auto, (max-width: 746px) 100vw, 746px\" \/><\/p>\n<p>&nbsp;<\/p>\n<p>\u25cf El estado de Jalisco se ha posicionado como uno los destinos f\u00edlmicos m\u00e1s importantes de Latinoam\u00e9rica gracias a las pol\u00edticas p\u00fablicas y el desarrollo de talento local<\/p>\n<p>Los ojos del cine nacional est\u00e1n puestos en Jalisco, no s\u00f3lo porque por segundo a\u00f1o consecutivo, el recinto cultural m\u00e1s emblem\u00e1tico del estado, el Teatro Degollado, ser\u00e1 la sede de la edici\u00f3n n\u00famero 66 de los Premios Ariel, el pr\u00f3ximo 7 de septiembre, sino tambi\u00e9n porque entre las y los nominados a recibir el m\u00e1ximo galard\u00f3n del pa\u00eds en materia cinematogr\u00e1fica, se encuentran tambi\u00e9n el talento \u201checho en casa\u201d.<!--more--><\/p>\n<p>Las y los jaliscienses que se encuentran entre la lista de 186 nominaciones en 24 categor\u00edas, dan cuenta del trabajo y el acierto en las pol\u00edticas p\u00fablicas, que han dise\u00f1ado y fortalecido los pilares de la industria cinematogr\u00e1fica del estado, tanto los incentivos econ\u00f3micos, como en el impulso y formaci\u00f3n del talento al que las producciones pueden encontrar, conocer y desarrollar.<\/p>\n<p>&nbsp;<\/p>\n<p>Entre las jaliscienses que contienden por llevarse la estatuilla este 2024, est\u00e1n Lorena Padilla, que si bien se ha desempe\u00f1ado principalmente como guionista, este a\u00f1o fue nominada a Mejor \u00d3pera Prima por \u201cMart\u00ednez\u201d, una pel\u00edcula que tard\u00f3 10 a\u00f1os en escribir y que profundiza en temas como la soledad, el cambio y el miedo de abandonar la rutina y que, haciendo uso de los recursos del humor negro, narra la historia de un hombre que no quiere aceptar su jubilaci\u00f3n y que adem\u00e1s se ve obligado a capacitar a su joven sucesor.<\/p>\n<p>&nbsp;<\/p>\n<p>La pel\u00edcula, filmada durante la pandemia completamente en la ciudad de Guadalajara, muestra diversos escenarios que han sido importantes para la historia personal de la directora. Adem\u00e1s, cuenta con una segunda nominaci\u00f3n a Mejor Coactuaci\u00f3n Masculina por el trabajo de Humberto Busto, al respecto, Lorena Padilla coment\u00f3 que \u201ces surrealista, demasiado bueno para ser cierto\u201d.<\/p>\n<p>&nbsp;<\/p>\n<p>Rita Basulto, pintora y cineasta tapat\u00eda que ha impregnado su filmograf\u00eda con historias complejas y sombr\u00edas, tambi\u00e9n ha logrado estar en la lista de nominaciones en la categor\u00eda a Mejor Cortometraje de Animaci\u00f3n, gracias a \u201cHumo\u201d, un trabajo en stop motion con el que busca comprender la muerte, el horror y las heridas del pasado, desde la voz y la experiencia de un ni\u00f1o llamado Daniel.<\/p>\n<p>&nbsp;<\/p>\n<p>En 2023, \u201cHumo\u201d gan\u00f3 el premio al Mejor Cortometraje en el Hollyshorts Film Festival, lo que le permiti\u00f3 entrar, junto a otros 14 cortometrajes de todo el mundo, a la shortlist de la Academia de Artes y Ciencias de Hollywood y podr\u00eda ser considerada para los Premios Oscar.<\/p>\n<p>&nbsp;<\/p>\n<p>Otra de las grandes revelaciones nacidas en Jalisco es Santiago Sandoval, quien el a\u00f1o pasado hizo su debut en grandes producciones con el papel protag\u00f3nico en \u201cHeroico\u201d, pel\u00edcula que acumula un total de 11 nominaciones, incluida Mejor Pel\u00edcula, que muestra el lado oscuro de la formaci\u00f3n militar en M\u00e9xico y la violencia estructural que viven los estudiantes, realidad que se puede ver desde la experiencia de Luis, interpretado por Santiago y que le vali\u00f3 estar en la disputa por la estatuilla en la categor\u00eda de Revelaci\u00f3n Actoral.<\/p>\n<p>&nbsp;<\/p>\n<p>Sobre la celebraci\u00f3n de los premios Ariel en su ciudad natal, coment\u00f3 que \u2018\u2019es muy importante que los Ariel se est\u00e9n moviendo a diferentes estados, que sea en Jalisco, que se est\u00e1 posicionando como una cuna del cine y generando mucho trabajo\u2019\u2019.<\/p>\n<p>&nbsp;<\/p>\n<p>En la categor\u00eda de Mejor Gui\u00f3n Adaptado, destaca el nombre Antonio Ortu\u00f1o por la pel\u00edcula \u201cRecursos Humanos\u201d, que adapt\u00f3 junto al director Fernando del Razo y Jes\u00fas Maga\u00f1a V\u00e1zquez. La pel\u00edcula, hom\u00f3nima de la novela de su autor\u00eda, muestra las relaciones de poder, las alianzas obsesivas y la voracidad capitalista en un microambiente de oficina. \u201cRecursos Humanos\u201d acumula un total de cuatro nominaciones, lo que recuerda que Jalisco no es s\u00f3lo cuna de grandes producciones cinematogr\u00e1ficas, sino tambi\u00e9n de un movimiento literario importante.<\/p>\n<p>Para finalizar, la guionista y directora Fanie Soto tambi\u00e9n formar\u00e1 parte de los 66\u00b0 Premios Ariel con \u201cPatrona\u201d, trabajo con el que obtuvo la nominaci\u00f3n a Mejor Cortometraje de Ficci\u00f3n. El film aborda la obsesi\u00f3n de una mujer que, tras perder su trabajo, ve en una mancha con forma de la virgen la oportunidad perfecta para cambiar su suerte. \u201cEs un honor pisar el Degollado con una nominaci\u00f3n tan importante como esta\u201d, coment\u00f3 Fanie Soto.<\/p>\n<p>&nbsp;<\/p>\n<p>\u201cEl cine se viste de M\u00e9xico\u201d es el lema con el que se celebrar\u00e1, por segunda ocasi\u00f3n la premiaci\u00f3n a lo mejor del cine mexicano en el estado de Jalisco, que ha logrado posicionarse como la segunda entidad con m\u00e1s participaci\u00f3n cinematogr\u00e1fica y como semillero de grandes talentos, demostrado por las nominaciones de los y las jaliscienses en esta edici\u00f3n.<\/p>\n","protected":false},"excerpt":{"rendered":"<p>&nbsp; \u25cf El estado de Jalisco se ha posicionado como uno los destinos f\u00edlmicos m\u00e1s importantes de Latinoam\u00e9rica gracias a las pol\u00edticas p\u00fablicas y el desarrollo de talento local Los ojos del cine nacional est\u00e1n puestos en Jalisco, no s\u00f3lo porque por segundo a\u00f1o consecutivo, el recinto cultural m\u00e1s emblem\u00e1tico del estado, el Teatro Degollado, &hellip; <\/p>\n<p><a class=\"more-link btn\" href=\"https:\/\/lamendigapolitica.com\/?p=79365\">Seguir leyendo<\/a><\/p>\n","protected":false},"author":1,"featured_media":0,"comment_status":"open","ping_status":"closed","sticky":false,"template":"","format":"standard","meta":{"footnotes":""},"categories":[101,97,26,20,37,22,103,41],"tags":[],"class_list":["post-79365","post","type-post","status-publish","format-standard","hentry","category-cine","category-comunicacion","category-cultura","category-gobierno","category-nacional","category-sociales","category-teatro","category-tecnologia","item-wrap"],"_links":{"self":[{"href":"https:\/\/lamendigapolitica.com\/index.php?rest_route=\/wp\/v2\/posts\/79365","targetHints":{"allow":["GET"]}}],"collection":[{"href":"https:\/\/lamendigapolitica.com\/index.php?rest_route=\/wp\/v2\/posts"}],"about":[{"href":"https:\/\/lamendigapolitica.com\/index.php?rest_route=\/wp\/v2\/types\/post"}],"author":[{"embeddable":true,"href":"https:\/\/lamendigapolitica.com\/index.php?rest_route=\/wp\/v2\/users\/1"}],"replies":[{"embeddable":true,"href":"https:\/\/lamendigapolitica.com\/index.php?rest_route=%2Fwp%2Fv2%2Fcomments&post=79365"}],"version-history":[{"count":2,"href":"https:\/\/lamendigapolitica.com\/index.php?rest_route=\/wp\/v2\/posts\/79365\/revisions"}],"predecessor-version":[{"id":79368,"href":"https:\/\/lamendigapolitica.com\/index.php?rest_route=\/wp\/v2\/posts\/79365\/revisions\/79368"}],"wp:attachment":[{"href":"https:\/\/lamendigapolitica.com\/index.php?rest_route=%2Fwp%2Fv2%2Fmedia&parent=79365"}],"wp:term":[{"taxonomy":"category","embeddable":true,"href":"https:\/\/lamendigapolitica.com\/index.php?rest_route=%2Fwp%2Fv2%2Fcategories&post=79365"},{"taxonomy":"post_tag","embeddable":true,"href":"https:\/\/lamendigapolitica.com\/index.php?rest_route=%2Fwp%2Fv2%2Ftags&post=79365"}],"curies":[{"name":"wp","href":"https:\/\/api.w.org\/{rel}","templated":true}]}}