{"id":79355,"date":"2024-08-25T14:32:31","date_gmt":"2024-08-25T20:32:31","guid":{"rendered":"https:\/\/lamendigapolitica.com\/?p=79355"},"modified":"2024-08-27T14:43:41","modified_gmt":"2024-08-27T20:43:41","slug":"mas-de-dos-mil-personas-participaron-en-la-carrera-correle-al-mercado","status":"publish","type":"post","link":"https:\/\/lamendigapolitica.com\/?p=79355","title":{"rendered":"M\u00e1s de dos mil personas participaron en la carrera C\u00f3rrele al Mercado"},"content":{"rendered":"<p><img loading=\"lazy\" decoding=\"async\" class=\"aligncenter size-large wp-image-79356\" src=\"https:\/\/lamendigapolitica.com\/blog\/wp-content\/uploads\/2024\/08\/comudezapopan-carreras-correlealmercado23-6-1024x683.jpg\" alt=\"\" width=\"555\" height=\"370\" srcset=\"https:\/\/lamendigapolitica.com\/wp-content\/uploads\/2024\/08\/comudezapopan-carreras-correlealmercado23-6-1024x683.jpg 1024w, https:\/\/lamendigapolitica.com\/wp-content\/uploads\/2024\/08\/comudezapopan-carreras-correlealmercado23-6-300x200.jpg 300w, https:\/\/lamendigapolitica.com\/wp-content\/uploads\/2024\/08\/comudezapopan-carreras-correlealmercado23-6-768x512.jpg 768w, https:\/\/lamendigapolitica.com\/wp-content\/uploads\/2024\/08\/comudezapopan-carreras-correlealmercado23-6-1536x1024.jpg 1536w, https:\/\/lamendigapolitica.com\/wp-content\/uploads\/2024\/08\/comudezapopan-carreras-correlealmercado23-6-555x370.jpg 555w, https:\/\/lamendigapolitica.com\/wp-content\/uploads\/2024\/08\/comudezapopan-carreras-correlealmercado23-6.jpg 2048w\" sizes=\"auto, (max-width: 555px) 100vw, 555px\" \/><\/p>\n<p>Esta es la tercera edici\u00f3n de dicha carrera que se realiz\u00f3 en las inmediaciones de La Mercados Atemajac y L\u00e1zaro C\u00e1rdenas<\/p>\n<p>Las calles de Zapopan se llenaron de color y energ\u00eda con la celebraci\u00f3n de la tercera edici\u00f3n de la carrera atl\u00e9tica C\u00f3rrele al Mercado, que cont\u00f3 con la participaci\u00f3n de m\u00e1s dos mil corredores en una prueba de cinco kil\u00f3metros que uni\u00f3 a los tradicionales mercados de Atemajac y L\u00e1zaro C\u00e1rdenas, este \u00faltimo celebrando su 50 aniversario.<!--more--><\/p>\n<p>La marea azul ocasionada por las y los participantes que usaron la camiseta oficial, ti\u00f1\u00f3 parte de la avenida Patria donde estuvo la salida, justo frente al Mercado Atemajac, hasta la calle 5 de Mayo, donde tomaron una retadora subida para luego doblar por el Andador 20 de Noviembre, donde fue colocada la meta frente al Mercado L\u00e1zaro C\u00e1rdenas.<\/p>\n<p>El primero en llegar fue el zapopano Abraham Zapi\u00e9n Silva, quien cruz\u00f3 la meta con tiempo de 17 minutos y 22 segundos, luego de superar en el \u00faltimo kil\u00f3metro al tambi\u00e9n zapopano Pedro Garc\u00eda Garc\u00eda, quien tuvo que aceptar el segundo lugar.<\/p>\n<p>\u201cLa verdad fue bastante pesada una ruta de principio a fin de pura subida y terminamos con la subida m\u00e1s pesada al final, pero muy bonita, se vivi\u00f3 muy buen ambiente y muy bonita ruta y apoyo de parte de la organizaci\u00f3n\u201d, indic\u00f3 el campe\u00f3n.<\/p>\n<p>En la categor\u00eda femenil, Daniela Lamadrid sac\u00f3 a relucir su experiencia para conquistar el primer lugar marcando un tiempo de 20:31 minutos, dejando en el segundo puesto a Jennifer Balvanera y a Montserrat Robles en tercero.<\/p>\n<p>\u201cAl principio todo estuvo r\u00e1pido y al final acabando con la subida, pero todo muy bien gracias a Dios. Al iniciar si se me peg\u00f3 el segundo lugar, pero como a los 500 metros la empec\u00e9 a dejar y ya despu\u00e9s volamos\u201d, estableci\u00f3 la ganadora.<\/p>\n<p>Adem\u00e1s de los entusiastas corredores, esta edici\u00f3n cont\u00f3 con la participaci\u00f3n especial de varios funcionarios del Ayuntamiento de Zapopan, quienes corrieron junto a los ciudadanos. Entre otros estuvieron: Graciela de Obald\u00eda, Secretario del Ayuntamiento de Zapopan; Alejandro V\u00e1zquez, coordinador general de Servicios Municipales; Isaura Amador, coordinadora general de Cercan\u00eda Ciudadana; Marcela Preciado, directora de Ciudad de las Ni\u00f1as y los Ni\u00f1os; Ver\u00f3nica V\u00e1zquez, directora de Justicia C\u00edvica; Fernando S\u00e1nchez, director de Mercados, y Martha Patricia Huerta, coordinadora de An\u00e1lisis Estrat\u00e9gico y Comunicaci\u00f3n, as\u00ed como la directora del Consejo Municipal del Deporte Zapopan (Comude), Alejandra Galindo Hern\u00e1ndez, quien dijo que cumpli\u00f3 otra de sus metas.<\/p>\n<p>\u201cEra uno de los retos que me hab\u00eda propuesto desde que agarr\u00e9 la gesti\u00f3n de Comude Zapopan, era culminar una carrera de 5 kil\u00f3metros y super feliz porque lo pude hacer con mis hijos Daniela y Francisco. Muy agradecida con los compa\u00f1eros corredores experimentados como el \u201cCompita\u201d que me estuvieron coacheando todo el tiempo\u201d, dijo Galindo Hern\u00e1ndez.<\/p>\n<p>Esta carrera se ha convertido en un evento emblem\u00e1tico para la comunidad runner porque aparte de promover la activaci\u00f3n f\u00edsica, tambi\u00e9n promueve la visita a los mercados de Zapopan donde siempre se encuentran productos frescos a mejores precios.<\/p>\n<p>Ganadores de C\u00f3rrele al Mercado<\/p>\n<p>Femenil<\/p>\n<p>\u200bDaniela Lamadrid \u200b\u200b\u200b\u200b\u200b20:31<\/p>\n<p>\u200bJennifer Balvanera\u200b \u200b\u200b21:17<\/p>\n<p>\u200bMontserrat Morales \u200b\u200b22:50<\/p>\n<p>&nbsp;<\/p>\n<p>Varonil<\/p>\n<p>\u200bAbraham Zapi\u00e9n\u200b\u200b \u200b\u200b17:22<\/p>\n<p>Pedro Garc\u00eda \u200b\u200b17:52<\/p>\n<p>\u200bAar\u00f3n S\u00e1nchez \u200b\u200b19:10<\/p>\n<p>&nbsp;<\/p>\n<p>&nbsp;<\/p>\n<p>&nbsp;<\/p>\n","protected":false},"excerpt":{"rendered":"<p>Esta es la tercera edici\u00f3n de dicha carrera que se realiz\u00f3 en las inmediaciones de La Mercados Atemajac y L\u00e1zaro C\u00e1rdenas Las calles de Zapopan se llenaron de color y energ\u00eda con la celebraci\u00f3n de la tercera edici\u00f3n de la carrera atl\u00e9tica C\u00f3rrele al Mercado, que cont\u00f3 con la participaci\u00f3n de m\u00e1s dos mil corredores &hellip; <\/p>\n<p><a class=\"more-link btn\" href=\"https:\/\/lamendigapolitica.com\/?p=79355\">Seguir leyendo<\/a><\/p>\n","protected":false},"author":1,"featured_media":0,"comment_status":"open","ping_status":"closed","sticky":false,"template":"","format":"standard","meta":{"footnotes":""},"categories":[42,97,23,45,20,102,29,27,22],"tags":[],"class_list":["post-79355","post","type-post","status-publish","format-standard","hentry","category-clima","category-comunicacion","category-deportes","category-featured","category-gobierno","category-municipio","category-salud","category-seguridad","category-sociales","item-wrap"],"_links":{"self":[{"href":"https:\/\/lamendigapolitica.com\/index.php?rest_route=\/wp\/v2\/posts\/79355","targetHints":{"allow":["GET"]}}],"collection":[{"href":"https:\/\/lamendigapolitica.com\/index.php?rest_route=\/wp\/v2\/posts"}],"about":[{"href":"https:\/\/lamendigapolitica.com\/index.php?rest_route=\/wp\/v2\/types\/post"}],"author":[{"embeddable":true,"href":"https:\/\/lamendigapolitica.com\/index.php?rest_route=\/wp\/v2\/users\/1"}],"replies":[{"embeddable":true,"href":"https:\/\/lamendigapolitica.com\/index.php?rest_route=%2Fwp%2Fv2%2Fcomments&post=79355"}],"version-history":[{"count":1,"href":"https:\/\/lamendigapolitica.com\/index.php?rest_route=\/wp\/v2\/posts\/79355\/revisions"}],"predecessor-version":[{"id":79357,"href":"https:\/\/lamendigapolitica.com\/index.php?rest_route=\/wp\/v2\/posts\/79355\/revisions\/79357"}],"wp:attachment":[{"href":"https:\/\/lamendigapolitica.com\/index.php?rest_route=%2Fwp%2Fv2%2Fmedia&parent=79355"}],"wp:term":[{"taxonomy":"category","embeddable":true,"href":"https:\/\/lamendigapolitica.com\/index.php?rest_route=%2Fwp%2Fv2%2Fcategories&post=79355"},{"taxonomy":"post_tag","embeddable":true,"href":"https:\/\/lamendigapolitica.com\/index.php?rest_route=%2Fwp%2Fv2%2Ftags&post=79355"}],"curies":[{"name":"wp","href":"https:\/\/api.w.org\/{rel}","templated":true}]}}