{"id":79351,"date":"2024-08-26T14:24:15","date_gmt":"2024-08-26T20:24:15","guid":{"rendered":"https:\/\/lamendigapolitica.com\/?p=79351"},"modified":"2024-08-27T15:02:29","modified_gmt":"2024-08-27T21:02:29","slug":"vuelve-la-coleccion-biologica-itinerante-a-la-explanada-de-rectoria-general","status":"publish","type":"post","link":"https:\/\/lamendigapolitica.com\/?p=79351","title":{"rendered":"Vuelve la Colecci\u00f3n Biol\u00f3gica Itinerante a la explanada de Rector\u00eda General"},"content":{"rendered":"<p><img loading=\"lazy\" decoding=\"async\" class=\"aligncenter size-full wp-image-79352\" src=\"https:\/\/lamendigapolitica.com\/blog\/wp-content\/uploads\/2024\/08\/25.jpg\" alt=\"\" width=\"1166\" height=\"779\" srcset=\"https:\/\/lamendigapolitica.com\/wp-content\/uploads\/2024\/08\/25.jpg 1166w, https:\/\/lamendigapolitica.com\/wp-content\/uploads\/2024\/08\/25-300x200.jpg 300w, https:\/\/lamendigapolitica.com\/wp-content\/uploads\/2024\/08\/25-1024x684.jpg 1024w, https:\/\/lamendigapolitica.com\/wp-content\/uploads\/2024\/08\/25-768x513.jpg 768w, https:\/\/lamendigapolitica.com\/wp-content\/uploads\/2024\/08\/25-555x371.jpg 555w\" sizes=\"auto, (max-width: 1166px) 100vw, 1166px\" \/><\/p>\n<p>Con m\u00e1s de mil espec\u00edmenes, esta muestra llegar\u00e1 a Guadalajara los d\u00edas 30 y 31 de agosto; el acceso es completamente gratuito<\/p>\n<p>La Colecci\u00f3n Biol\u00f3gica Itinerante del Centro Universitario de la Costa Sur (CUCSur), con sede en Autl\u00e1n de Navarro, Jalisco, volver\u00e1 a Guadalajara con dos nuevas fechas en la explanada del edificio de Rector\u00eda General, donde se podr\u00e1n apreciar cientos de insectos, hongos, plantas y mam\u00edferos de Jalisco.<!--more--><\/p>\n<p>Esta muestra biol\u00f3gica estar\u00e1 abierta a todo p\u00fablico de manera gratuita los d\u00edas 30 y 31 de agosto, de 10:00 a 17:30 horas; en ella se mostrar\u00e1n m\u00e1s de mil espec\u00edmenes que se han recolectado a lo largo de m\u00e1s de 16 a\u00f1os.<\/p>\n<p>El investigador del CUCSur y encargado de la colecci\u00f3n, maestro Luis Eugenio Rivera Cervantes, declar\u00f3 que la muestra ha visitado m\u00e1s de 50 municipios de Jalisco y ha sido apreciada por alrededor de 160 mil personas desde su creaci\u00f3n. Y es que se trata de la \u00fanica colecci\u00f3n de su tipo en Latinoam\u00e9rica, que tambi\u00e9n se ha instalado en Colima y Michoac\u00e1n.<\/p>\n<p>\u201cEs una muestra representativa de la riqueza biol\u00f3gica que tiene nuestro estado y el Occidente de M\u00e9xico, y tenemos ejemplares de otras partes del mundo\u201d, puntualiz\u00f3.<\/p>\n<p>Rivera Cervantes agreg\u00f3 que una de las caracter\u00edsticas \u00fanicas de esta exposici\u00f3n es que cualquier persona que desee puede tocar algunos de los animales de la colecci\u00f3n, y de esta manera derribar prejuicios sobre especies como serpientes o tar\u00e1ntulas.<\/p>\n<p>\u201cDesgraciadamente, en estos tiempos el ser humano se ha desvinculado de la naturaleza, y lo que pretendemos es que sepamos que somos parte de ella y, por lo tanto, todas nuestras acciones que van en contra de la naturaleza van en contra de nosotros mismos\u201d, refiri\u00f3.<\/p>\n<p>Esta es la segunda ocasi\u00f3n en que la colecci\u00f3n llega al edificio de Rector\u00eda General, luego de que en octubre pasado se haya presentado con animales como escorpiones, escarabajos, cucarachas de Madagascar, entre otros espec\u00edmenes.<\/p>\n<p>\u201cQueremos presentarles una gran clase de biolog\u00eda que habla del estado que guarda la sociedad y c\u00f3mo se relaciona con el medio ambiente, la naturaleza y la flora y fauna\u201d, dijo la Coordinadora de Fomento al Desarrollo Integral, maestra Marcela Hern\u00e1ndez Aguayo.<\/p>\n<p>Agreg\u00f3 que estas actividades se enmarcan en la celebraci\u00f3n de los 30 a\u00f1os de la Red Universitaria, y a trav\u00e9s de \u00e9stas se pretende dar a conocer el compromiso de la comunidad universitaria con la preservaci\u00f3n y cuidado del medio ambiente.<\/p>\n<p>Documentar el vuelo de las aves<\/p>\n<p>Como parte de las actividades por los 30 a\u00f1os de la Red Universitaria, el lobby de Rector\u00eda General ser\u00e1 la sede de la exposici\u00f3n fotogr\u00e1fica Belleza alada: 30 a\u00f1os, 30 vuelos, que ser\u00e1 inaugurada el 30 de agosto, junto con la Colecci\u00f3n Biol\u00f3gica Itinerante.<\/p>\n<p>Esta exposici\u00f3n consta de 15 fotograf\u00edas de aves y 15 fotograf\u00edas de insectos con las que se intenta dar una muestra de la importancia de las aves que habitan Jalisco y los humedales en los que se desenvuelven estos animales.<\/p>\n<p>El investigador del Centro Universitario del Sur (CUSur) y fot\u00f3grafo documental de la exposici\u00f3n, maestro Jes\u00fas Espinosa Arias, lament\u00f3 que las personas maten a insectos u otros animales al considerarlos extra\u00f1os, y exhort\u00f3 a la poblaci\u00f3n a cautivarse con la biodiversidad de cada regi\u00f3n.<\/p>\n<p>&nbsp;<\/p>\n<p>\u201cSi la gente los mata est\u00e1 atentando contra nuestra salud, porque mientras tengamos menos biodiversidad vamos a tener menos alimento, y eso nos va a pegar; tambi\u00e9n vamos a tener m\u00e1s contaminaci\u00f3n y eso afecta a la salud humana\u201d, afirm\u00f3.<\/p>\n<p>&nbsp;<\/p>\n<p>Esta muestra toma en cuenta la importancia de ecosistemas como los humedales en el equilibrio ambiental y las aportaciones de las aves e insectos a la naturaleza de la regi\u00f3n.<\/p>\n<p>&nbsp;<\/p>\n<p>La fotograf\u00eda es una de las herramientas ideales para documentar y registrar los procesos naturales sin tener que intervenir en ellos, asegur\u00f3 el doctor Carlos Palomera, investigador del CUCSur y otro de los autores de las im\u00e1genes de la exposici\u00f3n.<\/p>\n<p>&nbsp;<\/p>\n<p>\u201cHay una fauna invisible, y se trata de visibilizar lo que a nuestros ojos pasa desapercibido y con ello tratar de darle la importancia a seres que son relevantes y solemos menospreciar o tenerles miedo por los mitos que existen\u201d, declar\u00f3.<\/p>\n<p>&nbsp;<\/p>\n<p>La exposici\u00f3n Belleza alada: 30 a\u00f1os, 30 vuelos podr\u00e1 ser apreciada desde el 30 de agosto hasta el 30 de septiembre en el lobby de Rector\u00eda General, la entrada es gratuita.<\/p>\n","protected":false},"excerpt":{"rendered":"<p>Con m\u00e1s de mil espec\u00edmenes, esta muestra llegar\u00e1 a Guadalajara los d\u00edas 30 y 31 de agosto; el acceso es completamente gratuito La Colecci\u00f3n Biol\u00f3gica Itinerante del Centro Universitario de la Costa Sur (CUCSur), con sede en Autl\u00e1n de Navarro, Jalisco, volver\u00e1 a Guadalajara con dos nuevas fechas en la explanada del edificio de Rector\u00eda &hellip; <\/p>\n<p><a class=\"more-link btn\" href=\"https:\/\/lamendigapolitica.com\/?p=79351\">Seguir leyendo<\/a><\/p>\n","protected":false},"author":1,"featured_media":0,"comment_status":"open","ping_status":"closed","sticky":false,"template":"","format":"standard","meta":{"footnotes":""},"categories":[42,97,26,43,45,22,41,106],"tags":[],"class_list":["post-79351","post","type-post","status-publish","format-standard","hentry","category-clima","category-comunicacion","category-cultura","category-ecologia","category-featured","category-sociales","category-tecnologia","category-universidad","item-wrap"],"_links":{"self":[{"href":"https:\/\/lamendigapolitica.com\/index.php?rest_route=\/wp\/v2\/posts\/79351","targetHints":{"allow":["GET"]}}],"collection":[{"href":"https:\/\/lamendigapolitica.com\/index.php?rest_route=\/wp\/v2\/posts"}],"about":[{"href":"https:\/\/lamendigapolitica.com\/index.php?rest_route=\/wp\/v2\/types\/post"}],"author":[{"embeddable":true,"href":"https:\/\/lamendigapolitica.com\/index.php?rest_route=\/wp\/v2\/users\/1"}],"replies":[{"embeddable":true,"href":"https:\/\/lamendigapolitica.com\/index.php?rest_route=%2Fwp%2Fv2%2Fcomments&post=79351"}],"version-history":[{"count":1,"href":"https:\/\/lamendigapolitica.com\/index.php?rest_route=\/wp\/v2\/posts\/79351\/revisions"}],"predecessor-version":[{"id":79353,"href":"https:\/\/lamendigapolitica.com\/index.php?rest_route=\/wp\/v2\/posts\/79351\/revisions\/79353"}],"wp:attachment":[{"href":"https:\/\/lamendigapolitica.com\/index.php?rest_route=%2Fwp%2Fv2%2Fmedia&parent=79351"}],"wp:term":[{"taxonomy":"category","embeddable":true,"href":"https:\/\/lamendigapolitica.com\/index.php?rest_route=%2Fwp%2Fv2%2Fcategories&post=79351"},{"taxonomy":"post_tag","embeddable":true,"href":"https:\/\/lamendigapolitica.com\/index.php?rest_route=%2Fwp%2Fv2%2Ftags&post=79351"}],"curies":[{"name":"wp","href":"https:\/\/api.w.org\/{rel}","templated":true}]}}