{"id":79348,"date":"2024-08-24T13:48:07","date_gmt":"2024-08-24T19:48:07","guid":{"rendered":"https:\/\/lamendigapolitica.com\/?p=79348"},"modified":"2024-08-27T14:24:05","modified_gmt":"2024-08-27T20:24:05","slug":"pablo-salazar-lopez-gana-el-concurso-nacional-de-cuento-juan-jose-arreola","status":"publish","type":"post","link":"https:\/\/lamendigapolitica.com\/?p=79348","title":{"rendered":"Pablo Salazar L\u00f3pez gana el Concurso Nacional de Cuento Juan Jos\u00e9 Arreola"},"content":{"rendered":"<p><img loading=\"lazy\" decoding=\"async\" class=\"aligncenter size-full wp-image-79349\" src=\"https:\/\/lamendigapolitica.com\/blog\/wp-content\/uploads\/2024\/08\/3412.jpg\" alt=\"\" width=\"498\" height=\"610\" srcset=\"https:\/\/lamendigapolitica.com\/wp-content\/uploads\/2024\/08\/3412.jpg 498w, https:\/\/lamendigapolitica.com\/wp-content\/uploads\/2024\/08\/3412-245x300.jpg 245w\" sizes=\"auto, (max-width: 498px) 100vw, 498px\" \/><\/p>\n<p>&nbsp;<\/p>\n<p>La ceremonia de premiaci\u00f3n ser\u00e1 el 19 de septiembre en la Casa de la Cultura de Ciudad Guzm\u00e1n; el 5 de diciembre se presentar\u00e1 el libro ganador en la FIL 2024<\/p>\n<p>Tras la huella del \u00f1and\u00fa, de Pablo Salazar L\u00f3pez, es la obra ganadora del XXIII Concurso Nacional de Cuento Juan Jos\u00e9 Arreola organizado por la Universidad de Guadalajara (UdeG), a trav\u00e9s del Centro Universitario del Sur (CUSur) y la Editorial Universitaria.<!--more--><\/p>\n<p>El Rector del CUSur, doctor Jos\u00e9 Guadalupe Salazar Estrada, destac\u00f3 la relevancia del concurso nacional para promover la creaci\u00f3n de cuento, certamen que honra la memoria de Juan Jos\u00e9 Arreola y que desde hace 23 a\u00f1os convoca al talento nacional.<\/p>\n<p>\u201cParticiparon 323 trabajos; 18 trabajos fueron de mexicanos que est\u00e1n en el extranjero. Del total de trabajos recibidos, 87 son de autores de la Ciudad de M\u00e9xico, 23 del Estado de M\u00e9xico; 51 de Jalisco; 13 de Baja California y el resto de diferentes partes del pa\u00eds\u201d, inform\u00f3.<\/p>\n<p>Tras revelar el nombre de la obra y al ganador, el Presidente del jurado, maestro Godofredo Olivares, expres\u00f3 la unanimidad del fallo para otorgar el premio a Pablo Salazar; el jurado lo completan la narradora y poeta quebequense Fran\u00e7oise Roy y el ganador de la edici\u00f3n de la pasada edici\u00f3n del premio.<\/p>\n<p>\u201cUna prosa limpia y depurada que, con ecos cercanos a Thomas Bernhard, Pierre Michon y Marcel Schowb, revitaliza el g\u00e9nero del cuento y lo emparenta en la mejor tradici\u00f3n de Clarice Lispector y del mismo Juan Jos\u00e9 Arreola, con g\u00e9neros tan sensibles como el ensayo y el poema\u201d, dijo<\/p>\n<p>Precis\u00f3 que en la evaluaci\u00f3n de la obra resaltan dos cosas: qu\u00e9 cuenta y c\u00f3mo lo cuenta, pilares que sustentan un gran cuento, defini\u00f3; no s\u00f3lo importa lo que pasa, sino c\u00f3mo lo aborda el autor, adem\u00e1s de que result\u00f3 una lectura atrapante, dijo.<\/p>\n<p>&nbsp;<\/p>\n<p>Pablo Salazar L\u00f3pez expres\u00f3 que el anuncio es un s\u00edmbolo especial porque ser\u00e1 su primera obra publicada en lo individual.<\/p>\n<p>&nbsp;<\/p>\n<p>\u201cYo pienso en mis cuentos, y sobre todo los que integran este libro, como cuentos viajeros que se nutren del vaiv\u00e9n entre la memoria y el presente; los viajes, sean geogr\u00e1ficos o entre diferentes personajes, se van construyendo en funci\u00f3n de las asociaciones, empiezan en un lugar y terminan en uno completamente inesperado\u201d, dijo sobre su obra.<\/p>\n<p>&nbsp;<\/p>\n<p>Formado como economista, decidi\u00f3 dedicarse a la escritura a partir de los 30 a\u00f1os alternando su escritura con diferentes oficios.<\/p>\n<p>&nbsp;<\/p>\n<p>\u201cRecibo el premio con mucha alegr\u00eda y mucha sorpresa. Conforme van pasando las horas tras recibir el anuncio, creo que todav\u00eda no lo asimilo, porque es uno de los premios m\u00e1s importantes del pa\u00eds y un gran reconocimiento para el trabajo de cualquier escritor\u201d, dijo.<\/p>\n<p>La Coordinadora Editorial de la Editorial Universitaria, licenciada Iliana \u00c1valos Gonz\u00e1lez, dijo que el premio se ha convertido en un referente para la narrativa mexicana.<\/p>\n<p>&nbsp;<\/p>\n<p>\u201cLas obras premiadas han dejado entre sus p\u00e1ginas trazos de la literatura mexicana actual. Nos llenan de orgullo estas obras y que su calidad se integra a la colecci\u00f3n de los 21 t\u00edtulos ganadores\u201d, dijo.<\/p>\n<p>&nbsp;<\/p>\n<p>El libro ganador tendr\u00e1 un tiraje de 500 ejemplares de la casa editorial, adem\u00e1s de que estar\u00e1 disponible en su versi\u00f3n electr\u00f3nica.<\/p>\n<p>&nbsp;<\/p>\n<p>El premio del Concurso Nacional de Cuento Juan Jos\u00e9 Arreola consta de 150 mil pesos. La ceremonia de premiaci\u00f3n ser\u00e1 el 19 de septiembre de 2024, en la Casa de la Cultura de Ciudad Guzm\u00e1n, mientras que la presentaci\u00f3n de la obra ganadora tendr\u00e1 lugar el 5 de diciembre en el marco de la Feria Internacional del Libro de Guadalajara (FIL).<\/p>\n","protected":false},"excerpt":{"rendered":"<p>&nbsp; La ceremonia de premiaci\u00f3n ser\u00e1 el 19 de septiembre en la Casa de la Cultura de Ciudad Guzm\u00e1n; el 5 de diciembre se presentar\u00e1 el libro ganador en la FIL 2024 Tras la huella del \u00f1and\u00fa, de Pablo Salazar L\u00f3pez, es la obra ganadora del XXIII Concurso Nacional de Cuento Juan Jos\u00e9 Arreola organizado &hellip; <\/p>\n<p><a class=\"more-link btn\" href=\"https:\/\/lamendigapolitica.com\/?p=79348\">Seguir leyendo<\/a><\/p>\n","protected":false},"author":1,"featured_media":0,"comment_status":"open","ping_status":"closed","sticky":false,"template":"","format":"standard","meta":{"footnotes":""},"categories":[101,1,97,26,28,37,103,106],"tags":[],"class_list":["post-79348","post","type-post","status-publish","format-standard","hentry","category-cine","category-columnista","category-comunicacion","category-cultura","category-educacion","category-nacional","category-teatro","category-universidad","item-wrap"],"_links":{"self":[{"href":"https:\/\/lamendigapolitica.com\/index.php?rest_route=\/wp\/v2\/posts\/79348","targetHints":{"allow":["GET"]}}],"collection":[{"href":"https:\/\/lamendigapolitica.com\/index.php?rest_route=\/wp\/v2\/posts"}],"about":[{"href":"https:\/\/lamendigapolitica.com\/index.php?rest_route=\/wp\/v2\/types\/post"}],"author":[{"embeddable":true,"href":"https:\/\/lamendigapolitica.com\/index.php?rest_route=\/wp\/v2\/users\/1"}],"replies":[{"embeddable":true,"href":"https:\/\/lamendigapolitica.com\/index.php?rest_route=%2Fwp%2Fv2%2Fcomments&post=79348"}],"version-history":[{"count":1,"href":"https:\/\/lamendigapolitica.com\/index.php?rest_route=\/wp\/v2\/posts\/79348\/revisions"}],"predecessor-version":[{"id":79350,"href":"https:\/\/lamendigapolitica.com\/index.php?rest_route=\/wp\/v2\/posts\/79348\/revisions\/79350"}],"wp:attachment":[{"href":"https:\/\/lamendigapolitica.com\/index.php?rest_route=%2Fwp%2Fv2%2Fmedia&parent=79348"}],"wp:term":[{"taxonomy":"category","embeddable":true,"href":"https:\/\/lamendigapolitica.com\/index.php?rest_route=%2Fwp%2Fv2%2Fcategories&post=79348"},{"taxonomy":"post_tag","embeddable":true,"href":"https:\/\/lamendigapolitica.com\/index.php?rest_route=%2Fwp%2Fv2%2Ftags&post=79348"}],"curies":[{"name":"wp","href":"https:\/\/api.w.org\/{rel}","templated":true}]}}