{"id":79345,"date":"2024-08-23T20:36:19","date_gmt":"2024-08-24T02:36:19","guid":{"rendered":"https:\/\/lamendigapolitica.com\/?p=79345"},"modified":"2024-08-23T20:36:19","modified_gmt":"2024-08-24T02:36:19","slug":"realizan-trabajo-comunitario-6-mil-400-infractores-en-la-perla-tapatia","status":"publish","type":"post","link":"https:\/\/lamendigapolitica.com\/?p=79345","title":{"rendered":"Realizan trabajo comunitario 6 mil 400 infractores en la Perla Tapat\u00eda"},"content":{"rendered":"<p><img loading=\"lazy\" decoding=\"async\" class=\"aligncenter size-full wp-image-79346\" src=\"https:\/\/lamendigapolitica.com\/blog\/wp-content\/uploads\/2024\/08\/22.jpg\" alt=\"\" width=\"1085\" height=\"614\" srcset=\"https:\/\/lamendigapolitica.com\/wp-content\/uploads\/2024\/08\/22.jpg 1085w, https:\/\/lamendigapolitica.com\/wp-content\/uploads\/2024\/08\/22-300x170.jpg 300w, https:\/\/lamendigapolitica.com\/wp-content\/uploads\/2024\/08\/22-1024x579.jpg 1024w, https:\/\/lamendigapolitica.com\/wp-content\/uploads\/2024\/08\/22-768x435.jpg 768w, https:\/\/lamendigapolitica.com\/wp-content\/uploads\/2024\/08\/22-555x314.jpg 555w\" sizes=\"auto, (max-width: 1085px) 100vw, 1085px\" \/><\/p>\n<p>El trabajo comunitario es una medida reeducativa para crear un sentido de responsabilidad colectiva entre las personas que cometen faltas administrativas en la ciudad<\/p>\n<p>A trav\u00e9s de estas jornadas, los infractores conmutaron una multa u horas de arresto; la medida forma parte del Modelo Homologado de Justicia C\u00edvica del Municipio<\/p>\n<p>Para crear un sentido de responsabilidad colectiva entre las personas que cometen una falta administrativa en la ciudad, la Direcci\u00f3n de Justicia C\u00edvica del Gobierno de Guadalajara realiza jornadas de trabajo comunitario, como una medida reeducativa que empez\u00f3 a implementarse en esta Administraci\u00f3n.<!--more--><\/p>\n<p>A trav\u00e9s de las jornadas de trabajo comunitario, realizadas en el presente trienio, 6 mil 400 infractores conmutaron el pago de una multa u horas de arresto por una falta administrativa cometida con acciones de mejoramiento de la imagen urbana de la ciudad.<\/p>\n<p>Entre estas infracciones se encuentran tirar basura o ingerir bebidas embriagantes en la v\u00eda p\u00fablica, causar esc\u00e1ndalos o expresar insultos, entre otras. En el caso de tirar basura en la v\u00eda p\u00fablica, la multa va de 20 a 2 mil UMAS o bien a un arresto de 24 a 36 horas.<\/p>\n<p>Paola Franco Mendoza, Directora de Justicia C\u00edvica, explic\u00f3 que un infractor pueden acceder a esta medida reeducativa cuando el juez c\u00edvico toma en consideraci\u00f3n su estado de salud, mediante un certificado expedido por un m\u00e9dico, y se efect\u00faa una prueba psicol\u00f3gica y entrevista por trabajadoras sociales para conocer la situaci\u00f3n econ\u00f3mica.<\/p>\n<p>Adem\u00e1s, debe no ser reincidente en la comisi\u00f3n de dicha falta.<\/p>\n<p>Entre los trabajos que se realizan se encuentran limpieza de espacios p\u00fablicos y calles, balizamiento, pinta de mobiliario u actividades de mejoramiento de la imagen urbana de la ciudad.<\/p>\n<p>\u201cEn lo que va meramente el 2024 son 2 mil 622 infractores participantes y cada vez se llevan a cabo m\u00e1s trabajos en favor de la comunidad\u201d, se\u00f1al\u00f3 Franco Mendoza.<\/p>\n<p>Las jornadas de trabajo comunitario forman parte del Modelo Homologado de Justicia C\u00edvica del Municipio, y son coordinadas por la Direcci\u00f3n de Justicia C\u00edvica Municipal en colaboraci\u00f3n con dependencias como Servicios P\u00fablicos Municipales, Superintendencia del Centro Hist\u00f3rico y la Comisar\u00eda de Seguridad Ciudadana.<\/p>\n<p>Las jornadas de trabajo comunitario se realizan los d\u00edas s\u00e1bados con grupos de hasta 70 infractores.<\/p>\n<p>De la mano con la limpieza en espacios p\u00fablicos, las acciones de estas jornadas han llegado a cementerios municipales y \u00e1reas naturales como la Barranca de Huentit\u00e1n.<\/p>\n<p>La directora destac\u00f3 el papel de las y los vecinos quienes, al ver a los infractores en las labores de aseo de los espacios p\u00fablicos, se solidarizan o les ofrecen bebida o alimento.<\/p>\n<p>\u201cNos ha tocado tambi\u00e9n que los vecinos, al ver que los infractores est\u00e1n llevando a cabo estas jornadas de limpieza, salen y les ofrecen algo de beber, un refresco, un jugo, agua; entonces, para nosotros es muy gratificante porque est\u00e1n viendo que todas estas personas que cometen una falta administrativa s\u00ed est\u00e1n regresando algo a la sociedad\u201d, se\u00f1al\u00f3.<\/p>\n<p>Las jornadas de trabajo comunitario en Guadalajara se han convertido en una pol\u00edtica p\u00fablica exitosa que busca transformar espacios p\u00fablicos, promover la conciencia c\u00edvica y brindar a las personas infractoras una oportunidad de enmendar la falta administrativa cometida, mediante acciones positivas para la comunidad.<\/p>\n<p>El resultado es una ciudad que luce m\u00e1s limpia y ordenada, con espacios dignos y agradables para las tapat\u00edas y tapat\u00edos.<\/p>\n","protected":false},"excerpt":{"rendered":"<p>El trabajo comunitario es una medida reeducativa para crear un sentido de responsabilidad colectiva entre las personas que cometen faltas administrativas en la ciudad A trav\u00e9s de estas jornadas, los infractores conmutaron una multa u horas de arresto; la medida forma parte del Modelo Homologado de Justicia C\u00edvica del Municipio Para crear un sentido de &hellip; <\/p>\n<p><a class=\"more-link btn\" href=\"https:\/\/lamendigapolitica.com\/?p=79345\">Seguir leyendo<\/a><\/p>\n","protected":false},"author":1,"featured_media":0,"comment_status":"open","ping_status":"closed","sticky":false,"template":"","format":"standard","meta":{"footnotes":""},"categories":[45,20,102,3,29,27,22],"tags":[],"class_list":["post-79345","post","type-post","status-publish","format-standard","hentry","category-featured","category-gobierno","category-municipio","category-politica","category-salud","category-seguridad","category-sociales","item-wrap"],"_links":{"self":[{"href":"https:\/\/lamendigapolitica.com\/index.php?rest_route=\/wp\/v2\/posts\/79345","targetHints":{"allow":["GET"]}}],"collection":[{"href":"https:\/\/lamendigapolitica.com\/index.php?rest_route=\/wp\/v2\/posts"}],"about":[{"href":"https:\/\/lamendigapolitica.com\/index.php?rest_route=\/wp\/v2\/types\/post"}],"author":[{"embeddable":true,"href":"https:\/\/lamendigapolitica.com\/index.php?rest_route=\/wp\/v2\/users\/1"}],"replies":[{"embeddable":true,"href":"https:\/\/lamendigapolitica.com\/index.php?rest_route=%2Fwp%2Fv2%2Fcomments&post=79345"}],"version-history":[{"count":1,"href":"https:\/\/lamendigapolitica.com\/index.php?rest_route=\/wp\/v2\/posts\/79345\/revisions"}],"predecessor-version":[{"id":79347,"href":"https:\/\/lamendigapolitica.com\/index.php?rest_route=\/wp\/v2\/posts\/79345\/revisions\/79347"}],"wp:attachment":[{"href":"https:\/\/lamendigapolitica.com\/index.php?rest_route=%2Fwp%2Fv2%2Fmedia&parent=79345"}],"wp:term":[{"taxonomy":"category","embeddable":true,"href":"https:\/\/lamendigapolitica.com\/index.php?rest_route=%2Fwp%2Fv2%2Fcategories&post=79345"},{"taxonomy":"post_tag","embeddable":true,"href":"https:\/\/lamendigapolitica.com\/index.php?rest_route=%2Fwp%2Fv2%2Ftags&post=79345"}],"curies":[{"name":"wp","href":"https:\/\/api.w.org\/{rel}","templated":true}]}}