{"id":79338,"date":"2024-08-21T20:07:06","date_gmt":"2024-08-22T02:07:06","guid":{"rendered":"https:\/\/lamendigapolitica.com\/?p=79338"},"modified":"2024-08-23T20:13:12","modified_gmt":"2024-08-24T02:13:12","slug":"trump-aparece-detras-de-cristal-antibalas-en-su-primer-evento-al-aire-libre-desde-atentado","status":"publish","type":"post","link":"https:\/\/lamendigapolitica.com\/?p=79338","title":{"rendered":"Trump aparece detr\u00e1s de cristal antibalas en su primer evento al aire libre desde atentado"},"content":{"rendered":"<p><img decoding=\"async\" class=\"aligncenter size-full wp-image-79339\" src=\"https:\/\/lamendigapolitica.com\/blog\/wp-content\/uploads\/2024\/08\/44-1.jpg\" alt=\"\" \/><\/p>\n<p>AP.\u2014 En su primer acto de campa\u00f1a al aire libre desde el intento de asesinato en su contra del mes pasado, Donald Trump se present\u00f3 el mi\u00e9rcoles detr\u00e1s de un cristal antibalas para un evento en Carolina del Norte enfocado en la seguridad nacional. En cuestiones pol\u00edticas, llam\u00f3 a su predecesor, Barack Obama, \u201crepugnante\u201d por los comentarios que hizo la noche anterior durante la Convenci\u00f3n Nacional Dem\u00f3crata.<!--more--><\/p>\n<p>Trump culp\u00f3 al presidente Joe Biden y a la vicepresidenta Kamala Harris por el ca\u00f3tico retiro de las fuerzas armadas de Afganist\u00e1n y por las guerras en Ucrania y Medio Oriente, adem\u00e1s de referirse en varias ocasiones a la convenci\u00f3n dem\u00f3crata en Chicago, en donde un orador tras otro arremetieron contra Trump y lo calificaron como una amenaza para el pa\u00eds en caso de que regrese a la Casa Blanca.<\/p>\n<p>Trump, habl\u00f3 desde un estrado rodeado por paneles de cristal blindado que formaron un muro de protecci\u00f3n en todo el escenario, parte de un reforzamiento en las medidas de seguridad despu\u00e9s del ataque perpetrado por un hombre armado en Pensilvania el pasado 13 de julio.<\/p>\n","protected":false},"excerpt":{"rendered":"<p>AP.\u2014 En su primer acto de campa\u00f1a al aire libre desde el intento de asesinato en su contra del mes pasado, Donald Trump se present\u00f3 el mi\u00e9rcoles detr\u00e1s de un cristal antibalas para un evento en Carolina del Norte enfocado en la seguridad nacional. En cuestiones pol\u00edticas, llam\u00f3 a su predecesor, Barack Obama, \u201crepugnante\u201d por &hellip; <\/p>\n<p><a class=\"more-link btn\" href=\"https:\/\/lamendigapolitica.com\/?p=79338\">Seguir leyendo<\/a><\/p>\n","protected":false},"author":1,"featured_media":0,"comment_status":"open","ping_status":"closed","sticky":false,"template":"","format":"standard","meta":{"footnotes":""},"categories":[1,97,100,45,20,31,5,3,27,41],"tags":[],"class_list":["post-79338","post","type-post","status-publish","format-standard","hentry","category-columnista","category-comunicacion","category-electoral","category-featured","category-gobierno","category-internacional","category-partidos","category-politica","category-seguridad","category-tecnologia","item-wrap"],"_links":{"self":[{"href":"https:\/\/lamendigapolitica.com\/index.php?rest_route=\/wp\/v2\/posts\/79338","targetHints":{"allow":["GET"]}}],"collection":[{"href":"https:\/\/lamendigapolitica.com\/index.php?rest_route=\/wp\/v2\/posts"}],"about":[{"href":"https:\/\/lamendigapolitica.com\/index.php?rest_route=\/wp\/v2\/types\/post"}],"author":[{"embeddable":true,"href":"https:\/\/lamendigapolitica.com\/index.php?rest_route=\/wp\/v2\/users\/1"}],"replies":[{"embeddable":true,"href":"https:\/\/lamendigapolitica.com\/index.php?rest_route=%2Fwp%2Fv2%2Fcomments&post=79338"}],"version-history":[{"count":1,"href":"https:\/\/lamendigapolitica.com\/index.php?rest_route=\/wp\/v2\/posts\/79338\/revisions"}],"predecessor-version":[{"id":79340,"href":"https:\/\/lamendigapolitica.com\/index.php?rest_route=\/wp\/v2\/posts\/79338\/revisions\/79340"}],"wp:attachment":[{"href":"https:\/\/lamendigapolitica.com\/index.php?rest_route=%2Fwp%2Fv2%2Fmedia&parent=79338"}],"wp:term":[{"taxonomy":"category","embeddable":true,"href":"https:\/\/lamendigapolitica.com\/index.php?rest_route=%2Fwp%2Fv2%2Fcategories&post=79338"},{"taxonomy":"post_tag","embeddable":true,"href":"https:\/\/lamendigapolitica.com\/index.php?rest_route=%2Fwp%2Fv2%2Ftags&post=79338"}],"curies":[{"name":"wp","href":"https:\/\/api.w.org\/{rel}","templated":true}]}}