{"id":79330,"date":"2024-08-17T14:06:49","date_gmt":"2024-08-17T20:06:49","guid":{"rendered":"https:\/\/lamendigapolitica.com\/?p=79330"},"modified":"2024-08-20T14:11:51","modified_gmt":"2024-08-20T20:11:51","slug":"entregan-presa-el-zapotillo-enrique-alfaro-garantiza-abasto-de-agua-para-los-proximos-50-anos-para-la-ciudad","status":"publish","type":"post","link":"https:\/\/lamendigapolitica.com\/?p=79330","title":{"rendered":"Entregan Presa El Zapotillo; Enrique Alfaro garantiza abasto de agua para los pr\u00f3ximos 50 a\u00f1os para la ciudad"},"content":{"rendered":"<p><img loading=\"lazy\" decoding=\"async\" class=\"aligncenter size-full wp-image-79331\" src=\"https:\/\/lamendigapolitica.com\/blog\/wp-content\/uploads\/2024\/08\/53929995370_0cbc91be65_c.jpg\" alt=\"\" width=\"799\" height=\"533\" srcset=\"https:\/\/lamendigapolitica.com\/wp-content\/uploads\/2024\/08\/53929995370_0cbc91be65_c.jpg 799w, https:\/\/lamendigapolitica.com\/wp-content\/uploads\/2024\/08\/53929995370_0cbc91be65_c-300x200.jpg 300w, https:\/\/lamendigapolitica.com\/wp-content\/uploads\/2024\/08\/53929995370_0cbc91be65_c-768x512.jpg 768w, https:\/\/lamendigapolitica.com\/wp-content\/uploads\/2024\/08\/53929995370_0cbc91be65_c-555x370.jpg 555w\" sizes=\"auto, (max-width: 799px) 100vw, 799px\" \/><\/p>\n<p>&#8211; Concluye una historia de lucha y justicia social y ambiental para Temacapul\u00edn, Acasico y Palmarejo<\/p>\n<p>-Reconoce AMLO trabajo de Enrique Alfaro<\/p>\n<p>&#8211; Visitan Jalisco en gira de transici\u00f3n el Presidente de la Rep\u00fablica Andr\u00e9s Manuel L\u00f3pez Obrador y la Presidenta Electa Claudia Sheinbaum Pardo<\/p>\n<p>&#8211; Se entrega en su totalidad el proyecto que signific\u00f3 los 39 mil millones de pesos entre el Gobierno Federal y estatal<!--more--><\/p>\n<p>&#8211; Comenzar\u00e1 la restituci\u00f3n para regresar a los due\u00f1os de los 73 bienes inmuebles de las regiones en Ca\u00f1adas de Obreg\u00f3n<\/p>\n<p>&#8211; Las modificaciones que contemplaron la capacidad para almacenar casi 46 millones de metros c\u00fabicos est\u00e1n concluidas al 100 por ciento y las seis ventanas vertedoras de la cortina ya iniciaron su operaci\u00f3n<\/p>\n<p>Hoy se ha resuelto y queda en un hecho hist\u00f3rico el cumplimiento de la agenda del Gobierno de Enrique Alfaro con el pueblo de Jalisco, solucionar el abasto de agua para la ciudad para los pr\u00f3ximos 50 a\u00f1os aunado a un sistema de gesti\u00f3n integral de agua y una inversi\u00f3n entre el gobierno estatal y federal de m\u00e1s de 39 mil millones de pesos, donde se salvaguard\u00f3 la integridad y derechos de los pueblos Temacapul\u00edn, Acasico y Palmarejo. Se hizo justicia, hoy llega a su fin historias de malos gobiernos, corrupci\u00f3n y abandono a los pueblos comunitarios que alzaron la voz pidiendo justicia por m\u00e1s de 20 a\u00f1os.<\/p>\n<p>Con la visita del Presidente de M\u00e9xico, Andr\u00e9s Manuel L\u00f3pez Obrador y la presidenta electa Claudia Sheinbaum, el Gobernador de Jalisco, Enrique Alfaro, ratific\u00f3 que Jalisco cumplir\u00e1 con el abasto, potabilizaci\u00f3n, distribuci\u00f3n y el programa de re\u00faso de agua m\u00e1s grande en el pa\u00eds.<\/p>\n<p>\u201cEn aquel tiempo no se ve\u00eda camino posible, estamos hablando de un momento que inici\u00f3 en el sexenio de Fox, casi 20 a\u00f1os de fracasos y en la primera reuni\u00f3n que tuvimos en palacio, planteamos dos grandes objetivos, el presidente lo dijo con justicia: hab\u00eda que defender los derechos de los pueblos, pero yo tambi\u00e9n puse sobre la mesa que habr\u00eda que resolver y garantizar el abasto de agua para la ciudad de Guadalajara\u201d, indic\u00f3 Enrique Alfaro.<\/p>\n<p>Desde el primer d\u00eda de gobierno estatal se puso sobre la mesa al Gobierno Federal la soluci\u00f3n de lo que ser\u00eda el garantizar agua para la ciudad de Guadalajara, record\u00f3 Alfaro Ram\u00edrez. El di\u00e1logo permanente y la voluntad de ambos gobiernos pusieron por encima el resolver ambas demandas ante cualquier inter\u00e9s pol\u00edtico.<\/p>\n<p>\u201cHoy se pudo hacer conciliar las dos posturas, logramos un proyecto hist\u00f3rico. Hemos resuelto el abasto de agua para la ciudad los pr\u00f3ximos 50 a\u00f1os, y hemos logrado tambi\u00e9n, poner la piedra angular de una gran apuesta que tiene que ser ejemplo nacional de gesti\u00f3n integral del agua, porque el abasto del agua de la ciudad no depende nada m\u00e1s de la presa el Zapotillo. Lo que hicimos es un sistema de presas que va a provechar el agua del R\u00edo Verde, la Presa el Salto, la presa Calder\u00f3n son parte de esta gran transformaci\u00f3n en materia de agua\u201d, expres\u00f3.<\/p>\n<p>Tras llegar al cumplimiento de la agenda y como un compromiso adquirido por el mandatario estatal, Alfaro Ram\u00edrez, mostr\u00f3 al Presidente de M\u00e9xico, el decreto del Congreso de Jalisco donde aprueban la restituci\u00f3n y regresar los 73 bienes inmuebles a sus due\u00f1os, pobladores de las 3 regiones en Ca\u00f1adas de Obreg\u00f3n. Esto significa la desincorporan del dominio p\u00fablico para dar cumplimiento al \u201cPlan de justicia para los pueblos de Temacapul\u00edn, Acasico y Palmarejo\u201d, afectados por la construcci\u00f3n de la Presa El Zapotillo.<\/p>\n<p>Ratific\u00f3 a la presidente electa Claudia Sheinbaum, quien tomar\u00e1 el cargo este 1\u00b0 de octubre, que m\u00e1s all\u00e1 de las agendas pol\u00edticas Jalisco trabajar\u00e1 el tiempo que queda de la actual administraci\u00f3n para seguir consolidando los proyectos que se trabajaron con el Gobierno Federal.<\/p>\n<p>&nbsp;<\/p>\n<p>La elecci\u00f3n de la Presidenta representa un hecho hist\u00f3rico para el pa\u00eds, dijo, \u201cno vamos jam\u00e1s aqu\u00ed en Jalisco en este gobierno, anteponer agendas partidistas a la voluntad para construir el futuro de Jalisco y de M\u00e9xico juntos\u201d.<\/p>\n<p>En su recorrido previo por la cortina de la Presa El Zapotillo, el Gobernador acompa\u00f1\u00f3 a la supervisi\u00f3n final al Presidente de la Rep\u00fablica, Andr\u00e9s Manuel L\u00f3pez Obrador y al titular de la Comisi\u00f3n Nacional del Agua, Germ\u00e1n Mart\u00edne Santoyo. Ah\u00ed refiri\u00f3 que despu\u00e9s de los desaf\u00edos t\u00e9cnicos y presupuestales qued\u00f3 resuelto el conflicto pol\u00edtico que se hered\u00f3 de pasadas administraciones.<\/p>\n<p>\u201cEl proyecto por el que luchamos tanto, que signific\u00f3 superar tantas dificultades, resolver conflictos pol\u00edticos y sociales muy complejos, sobre todo desaf\u00edos t\u00e9cnicos y presupuestales que, con empe\u00f1\u00f3, durante estos seis a\u00f1os logramos salir adelante. Todo vali\u00f3 la pena, y el avance que hemos logrado para resolver este que era uno de los problemas estructurales de Jalisco es algo de lo que m\u00e1s me va a llenar de orgullo como siempre Gobernador, como ingeniero, pero sobre todo como jalisciense que est\u00e1 comprometido de dejarle a las nuevas generaciones un estado que siga caminando y que siga siendo ejemplo a nivel nacional\u201d, dijo Alfaro.<\/p>\n<p>En lo que podr\u00eda ser su \u00faltima visita a Jalisco, el Presidente L\u00f3pez Obrador, reconoci\u00f3 la labor de gesti\u00f3n de Enrique Alfaro, en un trabajo que demostr\u00f3 la voluntad que reditu\u00f3 en la soluci\u00f3n de que Guadalajara y su \u00c1rea Metropolitana de Guadalajara, cuente con 3 mil litros de agua por segundo.<\/p>\n<p>\u201cTengo que hacerle tambi\u00e9n un reconocimiento al Gobernador de Jalisco. Vamos a suponer, p\u00f3nganse a pensar que nosotros, el Presidente, el Gobierno Federal hubiese decidido buscar una soluci\u00f3n como la que logramos entre todas y entre todos pero si se hubiese opuesto el Gobernador de Jalisco no hubi\u00e9semos logrado este prop\u00f3sito\u201d, expres\u00f3 Andr\u00e9s Manuel L\u00f3pez Obrador.<\/p>\n<p>Por su parte, Germ\u00e1n Mart\u00ednez, director general de la CONAGUA, explic\u00f3 que se regresa a Jalisco para cumplir la palabra empe\u00f1ada y entregar el sistema hidr\u00e1ulico El Zapotillo, un conjunto de obras que va mucho m\u00e1s all\u00e1 de una presa y que en este temporal ya demostr\u00f3 que cumple su funci\u00f3n.<\/p>\n<p>El sistema se encuentra concluido y consta del Acueducto Zapotillo \u2013 El Salto, el Acueducto El Salto \u2013 La Red Calder\u00f3n y las adecuaciones de la cortina de la presa El Zapotillo que garantiza la no inundaci\u00f3n de los pueblos.<\/p>\n<p>\u201cLas modificaciones a la presa tienen capacidad para almacenar casi 46 millones de metros c\u00fabicos est\u00e1n concluidas al 100 por ciento y las seis ventanas vertedoras de la cortina ya iniciaron su operaci\u00f3n. Quiero reconocer que estas ventanas las dise\u00f1\u00f3 la CONAGUA en coordinaci\u00f3n con los t\u00e9cnicos de las comunidades con quienes llevamos a cabo un intenso di\u00e1logo para evaluar opciones que permitieran poner en operaci\u00f3n la presa en condiciones de seguridad\u201d, explic\u00f3.<\/p>\n<p>La encargada de la Presa El Zapotillo y del Plan de Justicia para los pueblos de Temacapul\u00edn, Acasico y Palmarejo, Claudia G\u00f3mez Godoy, indic\u00f3 el haber dado cumplimiento de los 15 puntos del plan de justicia, \u201cencontramos el c\u00f3mo s\u00ed de muchas cosas que parec\u00edan dif\u00edciles\u201d.<\/p>\n<p>Dirigi\u00f3 el seguir dando cumplimiento a los pendientes, sin embargo, hoy se dejan obras que significan un nuevo futuro en las comunidades.<\/p>\n<p>La representante de la comunidad de Temacapul\u00edn, Lourdes Jim\u00e9nez I\u00f1iguez, pronunci\u00f3 el agradecimiento al gobierno, comunidad, colectivos e involucrados que respaldaron las demandas de justicia por la lucha de los pueblos afectados por las presas. Llam\u00f3 a las siguientes autoridades a sumarse a los apoyos y el reconocimiento del plan de justicia.<\/p>\n<p>En las visitas de transici\u00f3n gubernamental que realiza el gobierno federal, la Presidenta Electa Claudia Sheinbaum Pardo, anunci\u00f3 a los asistentes que, dentro de las obras estrat\u00e9gicas en su administraci\u00f3n en Jalisco, ser\u00e1 la puesta en marcha del tren de pasajeros de Guadalajara a M\u00e9xico.<\/p>\n<p>&nbsp;<\/p>\n<p>Reconoci\u00f3 que en ocasiones no se conocen las grandes obras como la que se hizo en Jalisco, la de abastecer de agua a Guadalajara y el recuperar las comunidades y dejarlas mejor de como se ten\u00edan.<\/p>\n","protected":false},"excerpt":{"rendered":"<p>&#8211; Concluye una historia de lucha y justicia social y ambiental para Temacapul\u00edn, Acasico y Palmarejo -Reconoce AMLO trabajo de Enrique Alfaro &#8211; Visitan Jalisco en gira de transici\u00f3n el Presidente de la Rep\u00fablica Andr\u00e9s Manuel L\u00f3pez Obrador y la Presidenta Electa Claudia Sheinbaum Pardo &#8211; Se entrega en su totalidad el proyecto que signific\u00f3 &hellip; <\/p>\n<p><a class=\"more-link btn\" href=\"https:\/\/lamendigapolitica.com\/?p=79330\">Seguir leyendo<\/a><\/p>\n","protected":false},"author":1,"featured_media":0,"comment_status":"open","ping_status":"closed","sticky":false,"template":"","format":"standard","meta":{"footnotes":""},"categories":[42,43,30,105,20,37,3,27,22,41],"tags":[],"class_list":["post-79330","post","type-post","status-publish","format-standard","hentry","category-clima","category-ecologia","category-economia","category-estados","category-gobierno","category-nacional","category-politica","category-seguridad","category-sociales","category-tecnologia","item-wrap"],"_links":{"self":[{"href":"https:\/\/lamendigapolitica.com\/index.php?rest_route=\/wp\/v2\/posts\/79330","targetHints":{"allow":["GET"]}}],"collection":[{"href":"https:\/\/lamendigapolitica.com\/index.php?rest_route=\/wp\/v2\/posts"}],"about":[{"href":"https:\/\/lamendigapolitica.com\/index.php?rest_route=\/wp\/v2\/types\/post"}],"author":[{"embeddable":true,"href":"https:\/\/lamendigapolitica.com\/index.php?rest_route=\/wp\/v2\/users\/1"}],"replies":[{"embeddable":true,"href":"https:\/\/lamendigapolitica.com\/index.php?rest_route=%2Fwp%2Fv2%2Fcomments&post=79330"}],"version-history":[{"count":1,"href":"https:\/\/lamendigapolitica.com\/index.php?rest_route=\/wp\/v2\/posts\/79330\/revisions"}],"predecessor-version":[{"id":79332,"href":"https:\/\/lamendigapolitica.com\/index.php?rest_route=\/wp\/v2\/posts\/79330\/revisions\/79332"}],"wp:attachment":[{"href":"https:\/\/lamendigapolitica.com\/index.php?rest_route=%2Fwp%2Fv2%2Fmedia&parent=79330"}],"wp:term":[{"taxonomy":"category","embeddable":true,"href":"https:\/\/lamendigapolitica.com\/index.php?rest_route=%2Fwp%2Fv2%2Fcategories&post=79330"},{"taxonomy":"post_tag","embeddable":true,"href":"https:\/\/lamendigapolitica.com\/index.php?rest_route=%2Fwp%2Fv2%2Ftags&post=79330"}],"curies":[{"name":"wp","href":"https:\/\/api.w.org\/{rel}","templated":true}]}}