{"id":79314,"date":"2024-08-15T19:16:29","date_gmt":"2024-08-16T01:16:29","guid":{"rendered":"https:\/\/lamendigapolitica.com\/?p=79314"},"modified":"2024-08-17T19:28:59","modified_gmt":"2024-08-18T01:28:59","slug":"mexico-tiene-a-la-primera-mujer-presidenta","status":"publish","type":"post","link":"https:\/\/lamendigapolitica.com\/?p=79314","title":{"rendered":"M\u00e9xico tiene a la primera mujer presidenta"},"content":{"rendered":"<p><img loading=\"lazy\" decoding=\"async\" class=\"aligncenter size-full wp-image-79315\" src=\"https:\/\/lamendigapolitica.com\/blog\/wp-content\/uploads\/2024\/08\/sheinbaum-soto-130858-1024x576-1.jpeg\" alt=\"\" width=\"1024\" height=\"576\" srcset=\"https:\/\/lamendigapolitica.com\/wp-content\/uploads\/2024\/08\/sheinbaum-soto-130858-1024x576-1.jpeg 1024w, https:\/\/lamendigapolitica.com\/wp-content\/uploads\/2024\/08\/sheinbaum-soto-130858-1024x576-1-300x169.jpeg 300w, https:\/\/lamendigapolitica.com\/wp-content\/uploads\/2024\/08\/sheinbaum-soto-130858-1024x576-1-768x432.jpeg 768w, https:\/\/lamendigapolitica.com\/wp-content\/uploads\/2024\/08\/sheinbaum-soto-130858-1024x576-1-555x312.jpeg 555w\" sizes=\"auto, (max-width: 1024px) 100vw, 1024px\" \/><\/p>\n<p>AP. \u2014 A m\u00e1s de dos meses de su elecci\u00f3n, Claudia Sheinbaum recibi\u00f3 el jueves de manos de las autoridades del Tribunal Electoral del Poder Judicial de M\u00e9xico la constancia que la acredita como presidenta electa tras la validaci\u00f3n de la votaci\u00f3n del 2 de junio.<!--more--><\/p>\n<p>El tr\u00e1mite representa el \u00faltimo paso que deb\u00eda seguir Sheinbaum antes de la toma de posesi\u00f3n del 1 de octubre cuando asumir\u00e1 como la primera presidenta de M\u00e9xico para el per\u00edodo 2024-2030.<\/p>\n<p>Al recibir la constancia de mayor\u00eda de votos, Sheinbaum celebr\u00f3 que su elecci\u00f3n se diera en medio de una jornada \u201cpac\u00edfica, democr\u00e1tica y libre\u201d y record\u00f3 que el mandato que le dio la mayor\u00eda de los mexicanos fue continuar y avanzar el proyecto pol\u00edtico que inici\u00f3 el presidente Andr\u00e9s Manuel L\u00f3pez Obrador en 2018.<\/p>\n<p>\u201cNadie debe temer\u201d, dijo Sheinbaum al asegurar que gobernar\u00e1 con un \u201csentido amplio\u201d de la justicia y no permitir\u00e1 que regrese \u201cla corrupci\u00f3n ni los privilegios\u201d.<\/p>\n<p>La presidenta electa aprovech\u00f3 para delinear los ejes de su pol\u00edtica de seguridad y ratific\u00f3 que ser\u00e1 similar a la del gobierno saliente de atenci\u00f3n a las causas de la violencia. \u201cMe compromet\u00ed durante el proceso electoral a seguir construyendo la paz, atendiendo las causas y abatiendo la impunidad y el pueblo lo aprob\u00f3 con su voto. Lo haremos con estrategia. No regresar\u00e1 la guerra contra el narco\u201d, puntualiz\u00f3.<\/p>\n<p>Durante su sexenio, L\u00f3pez Obrador dio a las Fuerzas Armadas un papel m\u00e1s preponderante en las labores de la seguridad p\u00fablica, pese a las cr\u00edticas de las organizaciones humanitarias que exig\u00edan fortalecer las polic\u00edas, pero se evit\u00f3 una confrontaci\u00f3n m\u00e1s abierta con los poderosos c\u00e1rteles del narcotr\u00e1fico para distanciarse de la pol\u00edtica del expresidente Felipe Calder\u00f3n (2006-2012) que promovi\u00f3 un combate frontal a esas organizaciones criminales.<\/p>\n<p>\u201cM\u00e9xico ha roto el techo de cristal\u201d, expres\u00f3 la titular del Tribunal Electoral, M\u00f3nica Soto, al aplaudir la llegada de una mujer a la presidencia. En un discurso Soto lament\u00f3 las muertes que se registraron durante el proceso electoral y record\u00f3 que \u201cla violencia, la polarizaci\u00f3n y el odio laceran la democracia y las libertades\u201d.<\/p>\n<p>Previo al inicio del acto, a las afueras del Tribunal Electoral en el sur de la capital mexicana, se concentraron seguidores de Sheinbaum y de la oposici\u00f3n, lo que gener\u00f3 momentos tensi\u00f3n.<\/p>\n<p>Mientras un grupo de manifestantes oficialistas gritaba consignas a favor de la futura presidenta, desde la acera de enfrente un opositor les respond\u00eda, por medio de un parlante: \u201cmentira, no es cierto, nada est\u00e1 resuelto\u201d.<\/p>\n<p>Las autoridades electorales se demoraron en emitir la constancia de mayor\u00eda de votos y la declaraci\u00f3n de validez de los comicios debido a que la Sala Superior del tribunal debi\u00f3 discutir previamente varias acciones de impugnaci\u00f3n, que incluyeron m\u00e1s de dos centenares de juicios de inconformidad contra c\u00f3mputos distritales y un proceso en el que se solicit\u00f3 la nulidad de la elecci\u00f3n, seg\u00fan inform\u00f3 esa instancia en un comunicado.<\/p>\n<p>Todos los alegatos fueron desestimados y se confirm\u00f3 que Sheinbaum gan\u00f3 los comicios presidenciales al recibir 35,9 millones de votos que representaron 59,76% de los sufragios emitidos, dijo el Tribunal Electoral al declarar por unanimidad la validez del triunfo de la candidata del partido gobernante Morena.<\/p>\n<p>&nbsp;<\/p>\n","protected":false},"excerpt":{"rendered":"<p>AP. \u2014 A m\u00e1s de dos meses de su elecci\u00f3n, Claudia Sheinbaum recibi\u00f3 el jueves de manos de las autoridades del Tribunal Electoral del Poder Judicial de M\u00e9xico la constancia que la acredita como presidenta electa tras la validaci\u00f3n de la votaci\u00f3n del 2 de junio.<\/p><p><a class=\"more-link btn\" href=\"https:\/\/lamendigapolitica.com\/?p=79314\">Seguir leyendo<\/a><\/p>\n","protected":false},"author":1,"featured_media":0,"comment_status":"open","ping_status":"closed","sticky":false,"template":"","format":"standard","meta":{"footnotes":""},"categories":[97,100,105,45,20,31,37,5,3,27,22],"tags":[],"class_list":["post-79314","post","type-post","status-publish","format-standard","hentry","category-comunicacion","category-electoral","category-estados","category-featured","category-gobierno","category-internacional","category-nacional","category-partidos","category-politica","category-seguridad","category-sociales","item-wrap"],"_links":{"self":[{"href":"https:\/\/lamendigapolitica.com\/index.php?rest_route=\/wp\/v2\/posts\/79314","targetHints":{"allow":["GET"]}}],"collection":[{"href":"https:\/\/lamendigapolitica.com\/index.php?rest_route=\/wp\/v2\/posts"}],"about":[{"href":"https:\/\/lamendigapolitica.com\/index.php?rest_route=\/wp\/v2\/types\/post"}],"author":[{"embeddable":true,"href":"https:\/\/lamendigapolitica.com\/index.php?rest_route=\/wp\/v2\/users\/1"}],"replies":[{"embeddable":true,"href":"https:\/\/lamendigapolitica.com\/index.php?rest_route=%2Fwp%2Fv2%2Fcomments&post=79314"}],"version-history":[{"count":1,"href":"https:\/\/lamendigapolitica.com\/index.php?rest_route=\/wp\/v2\/posts\/79314\/revisions"}],"predecessor-version":[{"id":79316,"href":"https:\/\/lamendigapolitica.com\/index.php?rest_route=\/wp\/v2\/posts\/79314\/revisions\/79316"}],"wp:attachment":[{"href":"https:\/\/lamendigapolitica.com\/index.php?rest_route=%2Fwp%2Fv2%2Fmedia&parent=79314"}],"wp:term":[{"taxonomy":"category","embeddable":true,"href":"https:\/\/lamendigapolitica.com\/index.php?rest_route=%2Fwp%2Fv2%2Fcategories&post=79314"},{"taxonomy":"post_tag","embeddable":true,"href":"https:\/\/lamendigapolitica.com\/index.php?rest_route=%2Fwp%2Fv2%2Ftags&post=79314"}],"curies":[{"name":"wp","href":"https:\/\/api.w.org\/{rel}","templated":true}]}}