{"id":77438,"date":"2023-10-18T20:56:12","date_gmt":"2023-10-19T02:56:12","guid":{"rendered":"https:\/\/lamendigapolitica.com\/?p=77438"},"modified":"2023-10-19T00:01:27","modified_gmt":"2023-10-19T06:01:27","slug":"mini-nave-de-star-wars-se-vende-por-mas-de-3-millones-en-subasta","status":"publish","type":"post","link":"https:\/\/lamendigapolitica.com\/?p=77438","title":{"rendered":"Mini nave de Star Wars se vende por m\u00e1s de 3 millones en subasta"},"content":{"rendered":"<p><img loading=\"lazy\" decoding=\"async\" class=\"aligncenter size-full wp-image-77439\" src=\"https:\/\/lamendigapolitica.com\/blog\/wp-content\/uploads\/2023\/10\/03.jpg\" alt=\"\" width=\"944\" height=\"583\" srcset=\"https:\/\/lamendigapolitica.com\/wp-content\/uploads\/2023\/10\/03.jpg 944w, https:\/\/lamendigapolitica.com\/wp-content\/uploads\/2023\/10\/03-300x185.jpg 300w, https:\/\/lamendigapolitica.com\/wp-content\/uploads\/2023\/10\/03-768x474.jpg 768w, https:\/\/lamendigapolitica.com\/wp-content\/uploads\/2023\/10\/03-555x343.jpg 555w\" sizes=\"auto, (max-width: 944px) 100vw, 944px\" \/><br \/>\nSe trata de un Red Leader X-wing Starfighter que se utiliz\u00f3 en la pel\u00edcula de 1977 &#8216;Star Wars: Episodio IV&#8217;<\/p>\n<p>Una nave X-wing Starfighter en miniatura utilizada en una pel\u00edcula de \u201cStar Wars\u201d se vendi\u00f3 el fin de semana por m\u00e1s de 3 millones de d\u00f3lares en una subasta de art\u00edculos recopilados y creados por el veterano fabricante de modelos de Hollywood Greg Jein.<!--more--><\/p>\n<p>La colecci\u00f3n creada por Jein, quien muri\u00f3 el a\u00f1o pasado a la edad de 76 a\u00f1os, recaud\u00f3 alrededor de 13.6 millones de d\u00f3lares durante un evento en Heritage Auctions en Dallas. La casa de subastas dijo que asistieron todos, desde fabricantes de modelos hasta coleccionistas y fan\u00e1ticos de la ciencia ficci\u00f3n, lo que hizo que el evento fuera el m\u00e1s concurrido en a\u00f1os.<\/p>\n<p>Joe Maddalena, vicepresidente ejecutivo de Heritage y viejo amigo de Jein, dijo en un comunicado el lunes que la subasta fue \u201cun testimonio profundo de mi amigo como maestro de efectos visuales y como uno de los grandes coleccionistas\u201d.<\/p>\n<p>Jein fue nominado al Oscar y al Emmy haciendo modelos en miniatura durante casi medio siglo, y pas\u00f3 toda su vida coleccionando trajes, accesorios, guiones, obras de arte, fotograf\u00edas y modelos de las obras que amaba.<\/p>\n<p>El Red Leader X-wing Starfighter que se utiliz\u00f3 en la pel\u00edcula de 1977 \u201cStar Wars: Episode IV \u2014 A New Hope\u201d (\u201cStar Wars: Episodio IV &#8211; Una nueva esperanza\u201d) se vendi\u00f3 por alrededor de 3.1 millones de d\u00f3lares despu\u00e9s de un duelo de ofertas entre dos coleccionistas, dijo la casa de subastas. Un disfraz de Stormtrooper de \u201cStar Wars\u201d tambi\u00e9n se vendi\u00f3 por 645 mil d\u00f3lares.<\/p>\n","protected":false},"excerpt":{"rendered":"<p>Se trata de un Red Leader X-wing Starfighter que se utiliz\u00f3 en la pel\u00edcula de 1977 &#8216;Star Wars: Episodio IV&#8217; Una nave X-wing Starfighter en miniatura utilizada en una pel\u00edcula de \u201cStar Wars\u201d se vendi\u00f3 el fin de semana por m\u00e1s de 3 millones de d\u00f3lares en una subasta de art\u00edculos recopilados y creados por &hellip; <\/p>\n<p><a class=\"more-link btn\" href=\"https:\/\/lamendigapolitica.com\/?p=77438\">Seguir leyendo<\/a><\/p>\n","protected":false},"author":1,"featured_media":0,"comment_status":"open","ping_status":"closed","sticky":false,"template":"","format":"standard","meta":{"footnotes":""},"categories":[101,97,26,36,45,31,22,41],"tags":[],"class_list":["post-77438","post","type-post","status-publish","format-standard","hentry","category-cine","category-comunicacion","category-cultura","category-espectaculos","category-featured","category-internacional","category-sociales","category-tecnologia","item-wrap"],"_links":{"self":[{"href":"https:\/\/lamendigapolitica.com\/index.php?rest_route=\/wp\/v2\/posts\/77438","targetHints":{"allow":["GET"]}}],"collection":[{"href":"https:\/\/lamendigapolitica.com\/index.php?rest_route=\/wp\/v2\/posts"}],"about":[{"href":"https:\/\/lamendigapolitica.com\/index.php?rest_route=\/wp\/v2\/types\/post"}],"author":[{"embeddable":true,"href":"https:\/\/lamendigapolitica.com\/index.php?rest_route=\/wp\/v2\/users\/1"}],"replies":[{"embeddable":true,"href":"https:\/\/lamendigapolitica.com\/index.php?rest_route=%2Fwp%2Fv2%2Fcomments&post=77438"}],"version-history":[{"count":1,"href":"https:\/\/lamendigapolitica.com\/index.php?rest_route=\/wp\/v2\/posts\/77438\/revisions"}],"predecessor-version":[{"id":77440,"href":"https:\/\/lamendigapolitica.com\/index.php?rest_route=\/wp\/v2\/posts\/77438\/revisions\/77440"}],"wp:attachment":[{"href":"https:\/\/lamendigapolitica.com\/index.php?rest_route=%2Fwp%2Fv2%2Fmedia&parent=77438"}],"wp:term":[{"taxonomy":"category","embeddable":true,"href":"https:\/\/lamendigapolitica.com\/index.php?rest_route=%2Fwp%2Fv2%2Fcategories&post=77438"},{"taxonomy":"post_tag","embeddable":true,"href":"https:\/\/lamendigapolitica.com\/index.php?rest_route=%2Fwp%2Fv2%2Ftags&post=77438"}],"curies":[{"name":"wp","href":"https:\/\/api.w.org\/{rel}","templated":true}]}}