{"id":77428,"date":"2023-10-17T23:11:06","date_gmt":"2023-10-18T05:11:06","guid":{"rendered":"https:\/\/lamendigapolitica.com\/?p=77428"},"modified":"2023-10-18T23:17:39","modified_gmt":"2023-10-19T05:17:39","slug":"guadalajara-film-festival-se-alista-para-tender-puentes-mediante-la-cinematografia","status":"publish","type":"post","link":"https:\/\/lamendigapolitica.com\/?p=77428","title":{"rendered":"GuadaLAjara Film Festival se alista para tender puentes mediante la cinematograf\u00eda"},"content":{"rendered":"<p><img loading=\"lazy\" decoding=\"async\" class=\"aligncenter size-large wp-image-77429\" src=\"https:\/\/lamendigapolitica.com\/blog\/wp-content\/uploads\/2023\/10\/02-1024x614.jpg\" alt=\"\" width=\"555\" height=\"333\" srcset=\"https:\/\/lamendigapolitica.com\/wp-content\/uploads\/2023\/10\/02-1024x614.jpg 1024w, https:\/\/lamendigapolitica.com\/wp-content\/uploads\/2023\/10\/02-300x180.jpg 300w, https:\/\/lamendigapolitica.com\/wp-content\/uploads\/2023\/10\/02-768x461.jpg 768w, https:\/\/lamendigapolitica.com\/wp-content\/uploads\/2023\/10\/02-555x333.jpg 555w, https:\/\/lamendigapolitica.com\/wp-content\/uploads\/2023\/10\/02.jpg 1349w\" sizes=\"auto, (max-width: 555px) 100vw, 555px\" \/><\/p>\n<p>Del 1 al 3 de noviembre el festival en la ciudad de Los \u00c1ngeles, propiciar\u00e1 el di\u00e1logo entre la comunidad latina en California y la cultura mexicana<\/p>\n<p>La treceava edici\u00f3n del GuadaLAjara Film Festival (GLAFF) tendr\u00e1 lugar del 1 al 3 de noviembre en la ciudad de Los \u00c1ngeles, California, Estados Unidos de Am\u00e9rica (EUA), con una selecci\u00f3n de lo mejor de la cinematograf\u00eda mexicana y latinoamericana y premios al cinemat\u00f3grafo mexicano Rodrigo Prieto y la activista por los derechos de las personas latinas Dolores Huerta, quien recibir\u00e1 el galard\u00f3n \u201c\u00c1rbol de la vida\u201d.<!--more--><\/p>\n<p>Durante la conferencia de prensa realizada en el Consulado General de M\u00e9xico en Los \u00c1ngeles, la Directora Ejecutiva del GLAFF, Ximena Urrutia, dio a conocer que esta edici\u00f3n buscar\u00e1 tender puentes con organizaciones sociales, con la industria cinematogr\u00e1fica y con todos los representantes de la comunidad latina en esta regi\u00f3n de EUA.<\/p>\n<p>Adem\u00e1s del premio a Dolores Huerta por su trabajo en favor de los derechos de la comunidad latina, el dinero recaudado de las entradas en las proyecciones ser\u00e1 donado a la fundaci\u00f3n que lleva su nombre.<\/p>\n<p>Tambi\u00e9n habr\u00e1 un homenaje a Rodrigo Prieto, conocido por pel\u00edculas como Barbie, Amores perros, Babel, El lobo de Wall Street, El irland\u00e9s y Brokeback mountain, estas dos \u00faltimas por las que fue nominado a los premios Oscar y quien se abri\u00f3 paso en Hollywood y se convirti\u00f3 en uno de los cinefot\u00f3grafos m\u00e1s prestigiosos del mundo. Prieto sostendr\u00e1 una conferencia magistral con el dise\u00f1ador de producci\u00f3n Eugenio Caballero, ganador del Oscar, junto con Pilar Huerta, por El laberinto del fauno, en el que conversar\u00e1n sobre el proceso para crear narrativas visuales.<\/p>\n<p>El presidente de The University of Guadalajara Foundation USA, maestro Luis Gustavo Padilla Montes, recalc\u00f3 que la Universidad de Guadalajara ha consolidado su presencia en la ciudad de Los \u00c1ngeles desde hace 15 a\u00f1os para expandir sus servicios educativos y culturales a la comunidad latina, particularmente a la di\u00e1spora mexicana radicada en esta regi\u00f3n de California. Parte de estas iniciativas ha sido impulsar el GLAFF como una ventana de oportunidades que generan gran impacto y cercan\u00eda con nuestras comunidades en el sur californiano.<\/p>\n<p>&nbsp;<\/p>\n<p>\u201cEl GLAFF ha logrado consolidarse a trav\u00e9s de estas tres ediciones como un puente que une al talento cinematogr\u00e1fico de ambos lados de la frontera, de tal suerte que por medio de im\u00e1genes, historias, tragedias y alegr\u00edas perfectamente bien capturadas logramos olvidarnos por un tiempo de los muros, de las distancias, de los problemas para unirnos bajo una misma luna en entornos a los que todas y todos pertenecemos sin importar de d\u00f3nde venimos\u201d, declar\u00f3 Padilla Montes.<\/p>\n<p>&nbsp;<\/p>\n<p>Record\u00f3 que este fue un esfuerzo impulsado por el Exrector de la UdeG y fundador del festival, licenciado Ra\u00fal Padilla L\u00f3pez, quien cre\u00eda que el cine es el instrumento m\u00e1s socializador y comunicador que existe junto con el libro.<\/p>\n<p>&nbsp;<\/p>\n<p>Alfredo Achar, gerente de programaci\u00f3n del festival, detall\u00f3 que la pel\u00edcula No voy a pedirle a nadie que me crea, del director mexicano Fernando Fr\u00edas de la Parra inaugurar\u00e1 el festival la noche del 1 de noviembre, en una ceremonia en la que tambi\u00e9n le ser\u00e1 entregado el premio a Dolores Huerta. Ese mismo d\u00eda ser\u00e1n proyectados el documental Kenya, adem\u00e1s de un estreno para la secci\u00f3n de industria de los filmes Para vivir, el implacable tiempo de Pablo Milan\u00e9s y El evangelio seg\u00fan Marcos\u201d, que forman parte del programa de Work in progress.<\/p>\n<p>&nbsp;<\/p>\n<p>El 2 de noviembre, el animador de origen mexicano Cruz Contreras, parte fundamental en la pel\u00edcula Spider-man: A trav\u00e9s del spider-verso, ofrecer\u00e1 una conferencia magistral para contar su experiencia en este proyecto; tambi\u00e9n ser\u00e1n proyectados los documentales Los Bilbao, del argentino Pedro Speroni y Lost soulz, de la estadounidense Katherine Propper. De manera especial habr\u00e1 una gala de D\u00eda de Muertos con la legendaria pel\u00edcula Macario, filmada en 1960.<\/p>\n<p>&nbsp;<\/p>\n<p>El 3 de noviembre, Maggie Contreras, directora del documental Maestra; Pedro Speroni, director de Los Bilbao y Leandro Motta, editor de Kenya, dialogar\u00e1n acerca del arte de filmar documentales. Tambi\u00e9n habr\u00e1 proyecciones de las cintas Mujeres del alba, de la mexicana Jimena Montemayor Loyo, inspirada en la novela del mismo nombre del escritor Carlos Montemayor; tambi\u00e9n La erecci\u00f3n de Toribio Bardelli, del director peruano Adri\u00e1n Saba, filme que represent\u00f3 a su pa\u00eds en los premios Oscar 2024; El sabor de la Navidad, del mexicano Alejandro Lozano y producida por Salma Hayek Pinault y Todos los incendios, de Mauricio Calder\u00f3n Rico.<\/p>\n<p>&nbsp;<\/p>\n<p>La clausura del festival estar\u00e1 a cargo de Maestra, de la cineasta Maggie Contreras, un documental que retrata el concurso internacional de direcci\u00f3n orquestal femenina La Maestra, y que fue estrenado en la pasada edici\u00f3n del Festival de Tribeca.<\/p>\n","protected":false},"excerpt":{"rendered":"<p>Del 1 al 3 de noviembre el festival en la ciudad de Los \u00c1ngeles, propiciar\u00e1 el di\u00e1logo entre la comunidad latina en California y la cultura mexicana La treceava edici\u00f3n del GuadaLAjara Film Festival (GLAFF) tendr\u00e1 lugar del 1 al 3 de noviembre en la ciudad de Los \u00c1ngeles, California, Estados Unidos de Am\u00e9rica (EUA), &hellip; <\/p>\n<p><a class=\"more-link btn\" href=\"https:\/\/lamendigapolitica.com\/?p=77428\">Seguir leyendo<\/a><\/p>\n","protected":false},"author":1,"featured_media":0,"comment_status":"open","ping_status":"closed","sticky":false,"template":"","format":"standard","meta":{"footnotes":""},"categories":[101,97,26,28,36,45,22,103,41,24],"tags":[],"class_list":["post-77428","post","type-post","status-publish","format-standard","hentry","category-cine","category-comunicacion","category-cultura","category-educacion","category-espectaculos","category-featured","category-sociales","category-teatro","category-tecnologia","category-turismo","item-wrap"],"_links":{"self":[{"href":"https:\/\/lamendigapolitica.com\/index.php?rest_route=\/wp\/v2\/posts\/77428","targetHints":{"allow":["GET"]}}],"collection":[{"href":"https:\/\/lamendigapolitica.com\/index.php?rest_route=\/wp\/v2\/posts"}],"about":[{"href":"https:\/\/lamendigapolitica.com\/index.php?rest_route=\/wp\/v2\/types\/post"}],"author":[{"embeddable":true,"href":"https:\/\/lamendigapolitica.com\/index.php?rest_route=\/wp\/v2\/users\/1"}],"replies":[{"embeddable":true,"href":"https:\/\/lamendigapolitica.com\/index.php?rest_route=%2Fwp%2Fv2%2Fcomments&post=77428"}],"version-history":[{"count":2,"href":"https:\/\/lamendigapolitica.com\/index.php?rest_route=\/wp\/v2\/posts\/77428\/revisions"}],"predecessor-version":[{"id":77431,"href":"https:\/\/lamendigapolitica.com\/index.php?rest_route=\/wp\/v2\/posts\/77428\/revisions\/77431"}],"wp:attachment":[{"href":"https:\/\/lamendigapolitica.com\/index.php?rest_route=%2Fwp%2Fv2%2Fmedia&parent=77428"}],"wp:term":[{"taxonomy":"category","embeddable":true,"href":"https:\/\/lamendigapolitica.com\/index.php?rest_route=%2Fwp%2Fv2%2Fcategories&post=77428"},{"taxonomy":"post_tag","embeddable":true,"href":"https:\/\/lamendigapolitica.com\/index.php?rest_route=%2Fwp%2Fv2%2Ftags&post=77428"}],"curies":[{"name":"wp","href":"https:\/\/api.w.org\/{rel}","templated":true}]}}