{"id":77409,"date":"2023-10-14T16:28:39","date_gmt":"2023-10-14T22:28:39","guid":{"rendered":"http:\/\/lamendigapolitica.com\/?p=77409"},"modified":"2023-10-16T22:38:19","modified_gmt":"2023-10-17T04:38:19","slug":"zapopan-reconoce-a-danzantes-en-su-dia","status":"publish","type":"post","link":"https:\/\/lamendigapolitica.com\/?p=77409","title":{"rendered":"Zapopan reconoce a danzantes en su d\u00eda"},"content":{"rendered":"<p><img loading=\"lazy\" decoding=\"async\" class=\"aligncenter size-full wp-image-77410\" src=\"https:\/\/lamendigapolitica.com\/blog\/wp-content\/uploads\/2023\/10\/53256050594_6b8814ba81_c.jpg\" alt=\"\" width=\"799\" height=\"533\" srcset=\"https:\/\/lamendigapolitica.com\/wp-content\/uploads\/2023\/10\/53256050594_6b8814ba81_c.jpg 799w, https:\/\/lamendigapolitica.com\/wp-content\/uploads\/2023\/10\/53256050594_6b8814ba81_c-300x200.jpg 300w, https:\/\/lamendigapolitica.com\/wp-content\/uploads\/2023\/10\/53256050594_6b8814ba81_c-768x512.jpg 768w, https:\/\/lamendigapolitica.com\/wp-content\/uploads\/2023\/10\/53256050594_6b8814ba81_c-555x370.jpg 555w\" sizes=\"auto, (max-width: 799px) 100vw, 799px\" \/><\/p>\n<p>Durante la edici\u00f3n 289 de la Romer\u00eda de la Virgen de Zapopan participaron m\u00e1s de 27 mil danzantes<\/p>\n<p>Las y los danzantes son el alma y esp\u00edritu de la Romer\u00eda, as\u00ed lo expres\u00f3 el Presidente Municipal Juan Jos\u00e9 Frangie Saade al entregar los reconocimientos a los cuarteles de danza participantes durante el regreso a la Bas\u00edlica de la Generala, en su d\u00eda.<!--more--><\/p>\n<p>\u201cLa Romer\u00eda es lo que es, gracias a ustedes a las y los danzantes que se re\u00fanen para festejar a la Virgen de Zapopan. Ustedes son el alma y el coraz\u00f3n de esta celebraci\u00f3n ya que sus danzas representan la gratitud a Dios y a la Virgen de todas y todos los zapopanos\u201d.<\/p>\n<p>El Alcalde enfatiz\u00f3 que estas tradiciones deben transmitirse a todas las ni\u00f1as y los ni\u00f1os, con la finalidad de nunca perder estas tradiciones.<\/p>\n<p>\u201cQueremos que esta tradici\u00f3n perdure por muchos a\u00f1os m\u00e1s como una tradici\u00f3n de Zapopan y qu\u00e9 mejor que inculcarla a las ni\u00f1as y los ni\u00f1os. Para Zapopan es un gran legado que hoy las ni\u00f1as y los ni\u00f1os participen en estas danzas,\u201d a\u00f1adi\u00f3 Frangie.<\/p>\n<p>El D\u00eda del Danzante es un festejo ligado innegablemente a \u201cLa Llevada\u201d o Romer\u00eda de Zapopan. Sin embargo, por los elementos que cuenta se reconoce de manera independiente como Patrimonio Vivo, reconociendo su existencia, la esencia, valores y raz\u00f3n basados en la inmaterialidad de quienes lo crean, lo viven, aprenden del pasado y lo ejercen en el presente.<\/p>\n<p>Durante la edici\u00f3n 289 de la Romer\u00eda 2023, participaron m\u00e1s de 26 mil 700 danzantes afiliados al Cuartel de Danzas Chimalhuacanas del Estado de Jalisco, Cuartel Real Uni\u00f3n de Danzas Aut\u00f3ctonas de Jalisco y del Cuartel de Danzas Aut\u00f3ctonas de Zapopan.<\/p>\n<p>Carol Josselyn, una ni\u00f1a danzante, destac\u00f3 y agradeci\u00f3 a sus padres por haberle inculcado esta tradici\u00f3n desde peque\u00f1a.<\/p>\n<p>\u201cGracias por habernos ense\u00f1ado esta tradici\u00f3n de cultura y de fe con su buen ejemplo ya que esto se convierte en nuestra tradici\u00f3n y herencia, as\u00ed como se las dejaron sus abuelos y sus padres\u201d.<\/p>\n<p>El 27 de septiembre de 2018, el Pleno del Ayuntamiento de Zapopan declar\u00f3 Patrimonio Cultural Inmaterial del Municipio el \u201cD\u00eda del Danzante y las Danzas Tradicionales que Acompa\u00f1an a la Llevada de la Virgen de Zapopan\u201d por su alto valor como patrimonio vivo, donde las comunidades portadoras de la tradici\u00f3n hacen posible el evento a trav\u00e9s de las diferentes expresiones y formas.<\/p>\n<p>Entre el 20 de mayo y el 12 de octubre, la Virgen de Zapopan visita m\u00e1s de 170 comunidades parroquiales del \u00c1rea Metropolitana de Guadalajara, adem\u00e1s de monasterios, hospitales, f\u00e1bricas, mercados, etc\u00e9tera, donde participan los grupos de danza durante los recorridos de la imagen.<\/p>\n<p>Varios grupos de danza comienzan a practicar desde meses previos a la Romer\u00eda. A primera vista, parecen sones que se repiten, pero en realidad son oraciones, promesas y agradecimientos en respuesta a una petici\u00f3n hecha a Dios cuya intermediaria, la Virgen de Zapopan, ha cumplido.<\/p>\n<p>Cada agrupaci\u00f3n de danzantes destaca su identidad y trabajo. Este d\u00eda comenz\u00f3 a celebrarse con una misa el d\u00eda 13 de octubre hace m\u00e1s de 50 a\u00f1os.<\/p>\n","protected":false},"excerpt":{"rendered":"<p>Durante la edici\u00f3n 289 de la Romer\u00eda de la Virgen de Zapopan participaron m\u00e1s de 27 mil danzantes Las y los danzantes son el alma y esp\u00edritu de la Romer\u00eda, as\u00ed lo expres\u00f3 el Presidente Municipal Juan Jos\u00e9 Frangie Saade al entregar los reconocimientos a los cuarteles de danza participantes durante el regreso a la &hellip; <\/p>\n<p><a class=\"more-link btn\" href=\"https:\/\/lamendigapolitica.com\/?p=77409\">Seguir leyendo<\/a><\/p>\n","protected":false},"author":1,"featured_media":0,"comment_status":"open","ping_status":"closed","sticky":false,"template":"","format":"standard","meta":{"footnotes":""},"categories":[101,42,97,26,28,36,45,20,38,102,99,21,29,27,22,24],"tags":[],"class_list":["post-77409","post","type-post","status-publish","format-standard","hentry","category-cine","category-clima","category-comunicacion","category-cultura","category-educacion","category-espectaculos","category-featured","category-gobierno","category-movilidad","category-municipio","category-musica","category-religion","category-salud","category-seguridad","category-sociales","category-turismo","item-wrap"],"_links":{"self":[{"href":"https:\/\/lamendigapolitica.com\/index.php?rest_route=\/wp\/v2\/posts\/77409","targetHints":{"allow":["GET"]}}],"collection":[{"href":"https:\/\/lamendigapolitica.com\/index.php?rest_route=\/wp\/v2\/posts"}],"about":[{"href":"https:\/\/lamendigapolitica.com\/index.php?rest_route=\/wp\/v2\/types\/post"}],"author":[{"embeddable":true,"href":"https:\/\/lamendigapolitica.com\/index.php?rest_route=\/wp\/v2\/users\/1"}],"replies":[{"embeddable":true,"href":"https:\/\/lamendigapolitica.com\/index.php?rest_route=%2Fwp%2Fv2%2Fcomments&post=77409"}],"version-history":[{"count":1,"href":"https:\/\/lamendigapolitica.com\/index.php?rest_route=\/wp\/v2\/posts\/77409\/revisions"}],"predecessor-version":[{"id":77411,"href":"https:\/\/lamendigapolitica.com\/index.php?rest_route=\/wp\/v2\/posts\/77409\/revisions\/77411"}],"wp:attachment":[{"href":"https:\/\/lamendigapolitica.com\/index.php?rest_route=%2Fwp%2Fv2%2Fmedia&parent=77409"}],"wp:term":[{"taxonomy":"category","embeddable":true,"href":"https:\/\/lamendigapolitica.com\/index.php?rest_route=%2Fwp%2Fv2%2Fcategories&post=77409"},{"taxonomy":"post_tag","embeddable":true,"href":"https:\/\/lamendigapolitica.com\/index.php?rest_route=%2Fwp%2Fv2%2Ftags&post=77409"}],"curies":[{"name":"wp","href":"https:\/\/api.w.org\/{rel}","templated":true}]}}