{"id":77402,"date":"2023-10-13T20:49:13","date_gmt":"2023-10-14T02:49:13","guid":{"rendered":"https:\/\/lamendigapolitica.com\/?p=77402"},"modified":"2023-10-13T20:49:13","modified_gmt":"2023-10-14T02:49:13","slug":"alista-guadalajara-la-tradicional-feria-del-carton-y-del-juguete","status":"publish","type":"post","link":"https:\/\/lamendigapolitica.com\/?p=77402","title":{"rendered":"Alista Guadalajara la tradicional Feria del Cart\u00f3n y del Juguete"},"content":{"rendered":"<p><img loading=\"lazy\" decoding=\"async\" class=\"aligncenter size-full wp-image-77403\" src=\"https:\/\/lamendigapolitica.com\/blog\/wp-content\/uploads\/2023\/10\/53255914954_249b7c0d7d_c.jpg\" alt=\"\" width=\"800\" height=\"449\" srcset=\"https:\/\/lamendigapolitica.com\/wp-content\/uploads\/2023\/10\/53255914954_249b7c0d7d_c.jpg 800w, https:\/\/lamendigapolitica.com\/wp-content\/uploads\/2023\/10\/53255914954_249b7c0d7d_c-300x168.jpg 300w, https:\/\/lamendigapolitica.com\/wp-content\/uploads\/2023\/10\/53255914954_249b7c0d7d_c-768x431.jpg 768w, https:\/\/lamendigapolitica.com\/wp-content\/uploads\/2023\/10\/53255914954_249b7c0d7d_c-555x311.jpg 555w\" sizes=\"auto, (max-width: 800px) 100vw, 800px\" \/><\/p>\n<p>Con sede en el Parque Morelos la Feria del Cart\u00f3n y del Juguete 2023 se realizar\u00e1 del 15 de octubre al 7 de noviembre<\/p>\n<p>Con un horario de 10:00 a 22:00 horas, de lunes a domingo, se ofrecer\u00e1n art\u00edculos como mu\u00f1ecos de cart\u00f3n, juguetes mexicanos, dulces regionales y artesanales, venta de alimentos, as\u00ed como productos para la decoraci\u00f3n de altares de muerto<\/p>\n<p>Con el objetivo conservar las tradiciones tapat\u00edas y dar impulso a la reactivaci\u00f3n del coraz\u00f3n de la ciudad, el Gobierno de Guadalajara alista la Feria del Cart\u00f3n y del Juguete, que este a\u00f1o se llevar\u00e1 a cabo del 15 de octubre al 7 de noviembre.<!--more--><\/p>\n<p>Rolando Cruz Navarro, Director de Tianguis y Comercio en Espacios Abiertos, inform\u00f3 que la feria tendr\u00e1 un horario de lunes a domingo de 10:00 a 20:00 horas y se instalar\u00e1 en el Parque Morelos, del lado de Calzada Independencia, Juan Manuel, Dr. Baeza Alzaga y San Diego.<\/p>\n<p>\u201cLa gente que acuda puede encontrar mu\u00f1ecos de cart\u00f3n, juguetes mexicanos y todo lo relacionado a decoraci\u00f3n del altar de muertos, como papel picado, calaveras de az\u00facar, pan de muerto, dulces mexicanos y artesanales, y alimento en general\u201d, afirm\u00f3 Cruz Navarro.<\/p>\n<p>Este a\u00f1o se otorgar\u00e1n alrededor de 300 permisos \u2014cifra similar al a\u00f1o pasado\u2014 para esta feria, la cual cuenta con m\u00e1s de 70 a\u00f1os de existencia y re\u00fane a comerciantes locales, de otros municipios de la entidad e incluso otros estados del pa\u00eds. Tambi\u00e9n se contar\u00e1 con un \u00e1rea de juegos mec\u00e1nicos para toda la familia.<\/p>\n<p>El Director de Tianguis y Comercio en Espacios Abiertos abund\u00f3 que esta feria se lleva a cabo en trabajo coordinado con otras dependencias municipales para garantizar el orden, seguridad y tranquilidad de los visitantes, como Seguridad P\u00fablica, Inspecci\u00f3n y Vigilancia, Movilidad y Transporte y Protecci\u00f3n Civil y Bomberos.<\/p>\n<p>Despu\u00e9s de la Feria del Cart\u00f3n y del Juguete, el Parque Morelos albergar\u00e1 el Tianguis del Heno durante noviembre, as\u00ed como el Tianguis Navide\u00f1o, en diciembre.<\/p>\n<p>Se invita a la ciudadan\u00eda en general a acudir a esta feria, para apoyar el comercio local y preservar las tradiciones tapat\u00edas.<\/p>\n","protected":false},"excerpt":{"rendered":"<p>Con sede en el Parque Morelos la Feria del Cart\u00f3n y del Juguete 2023 se realizar\u00e1 del 15 de octubre al 7 de noviembre Con un horario de 10:00 a 22:00 horas, de lunes a domingo, se ofrecer\u00e1n art\u00edculos como mu\u00f1ecos de cart\u00f3n, juguetes mexicanos, dulces regionales y artesanales, venta de alimentos, as\u00ed como productos &hellip; <\/p>\n<p><a class=\"more-link btn\" href=\"https:\/\/lamendigapolitica.com\/?p=77402\">Seguir leyendo<\/a><\/p>\n","protected":false},"author":1,"featured_media":0,"comment_status":"open","ping_status":"closed","sticky":false,"template":"","format":"standard","meta":{"footnotes":""},"categories":[26,30,36,45,20,102,22,24],"tags":[],"class_list":["post-77402","post","type-post","status-publish","format-standard","hentry","category-cultura","category-economia","category-espectaculos","category-featured","category-gobierno","category-municipio","category-sociales","category-turismo","item-wrap"],"_links":{"self":[{"href":"https:\/\/lamendigapolitica.com\/index.php?rest_route=\/wp\/v2\/posts\/77402","targetHints":{"allow":["GET"]}}],"collection":[{"href":"https:\/\/lamendigapolitica.com\/index.php?rest_route=\/wp\/v2\/posts"}],"about":[{"href":"https:\/\/lamendigapolitica.com\/index.php?rest_route=\/wp\/v2\/types\/post"}],"author":[{"embeddable":true,"href":"https:\/\/lamendigapolitica.com\/index.php?rest_route=\/wp\/v2\/users\/1"}],"replies":[{"embeddable":true,"href":"https:\/\/lamendigapolitica.com\/index.php?rest_route=%2Fwp%2Fv2%2Fcomments&post=77402"}],"version-history":[{"count":2,"href":"https:\/\/lamendigapolitica.com\/index.php?rest_route=\/wp\/v2\/posts\/77402\/revisions"}],"predecessor-version":[{"id":77405,"href":"https:\/\/lamendigapolitica.com\/index.php?rest_route=\/wp\/v2\/posts\/77402\/revisions\/77405"}],"wp:attachment":[{"href":"https:\/\/lamendigapolitica.com\/index.php?rest_route=%2Fwp%2Fv2%2Fmedia&parent=77402"}],"wp:term":[{"taxonomy":"category","embeddable":true,"href":"https:\/\/lamendigapolitica.com\/index.php?rest_route=%2Fwp%2Fv2%2Fcategories&post=77402"},{"taxonomy":"post_tag","embeddable":true,"href":"https:\/\/lamendigapolitica.com\/index.php?rest_route=%2Fwp%2Fv2%2Ftags&post=77402"}],"curies":[{"name":"wp","href":"https:\/\/api.w.org\/{rel}","templated":true}]}}