{"id":77395,"date":"2023-10-12T18:19:41","date_gmt":"2023-10-13T00:19:41","guid":{"rendered":"http:\/\/lamendigapolitica.com\/?p=77395"},"modified":"2023-10-13T01:29:43","modified_gmt":"2023-10-13T07:29:43","slug":"alejandro-fernandez-recibe-reconocimiento-en-el-capitolio-por-su-trayectoria","status":"publish","type":"post","link":"https:\/\/lamendigapolitica.com\/?p=77395","title":{"rendered":"Alejandro Fern\u00e1ndez recibe reconocimiento en el Capitolio por su trayectoria"},"content":{"rendered":"<p><img loading=\"lazy\" decoding=\"async\" class=\"aligncenter size-full wp-image-77396\" src=\"https:\/\/lamendigapolitica.com\/blog\/wp-content\/uploads\/2023\/10\/Au6ndt4k.jpeg\" alt=\"\" width=\"900\" height=\"589\" srcset=\"https:\/\/lamendigapolitica.com\/wp-content\/uploads\/2023\/10\/Au6ndt4k.jpeg 900w, https:\/\/lamendigapolitica.com\/wp-content\/uploads\/2023\/10\/Au6ndt4k-300x196.jpeg 300w, https:\/\/lamendigapolitica.com\/wp-content\/uploads\/2023\/10\/Au6ndt4k-768x503.jpeg 768w, https:\/\/lamendigapolitica.com\/wp-content\/uploads\/2023\/10\/Au6ndt4k-555x363.jpeg 555w\" sizes=\"auto, (max-width: 900px) 100vw, 900px\" \/><\/p>\n<p>El cantante Alejandro Fern\u00e1ndez es homenajeado en el Congreso estadounidense por su larga trayectoria como icono de la m\u00fasica mexicana y por su firme apoyo a la construcci\u00f3n en Washington de un museo sobre la historia latina en EE.UU.<!--more--><\/p>\n<p>\u00abEl Potrillo\u00bb, emocionado por reconocimiento en el Capitolio<br \/>\nAlejandro Fern\u00e1ndez, conocido cari\u00f1osamente como \u00abEl Potrillo\u00bb, expres\u00f3 su agradecimiento y emoci\u00f3n por el reconocimiento que recibi\u00f3 en este evento especial. \u00abEs un d\u00eda muy especial, estoy s\u00faper contento y muy agradecido con el Congreso de recibir este reconocimiento por la labor que estamos haciendo para poder lograr que se haga el museo\u00bb, afirm\u00f3 el cantante tras la ceremonia. En un gesto de respeto por la ocasi\u00f3n, Alejandro Fern\u00e1ndez visti\u00f3 un atuendo tradicional de charro mexicano.<\/p>\n","protected":false},"excerpt":{"rendered":"<p>El cantante Alejandro Fern\u00e1ndez es homenajeado en el Congreso estadounidense por su larga trayectoria como icono de la m\u00fasica mexicana y por su firme apoyo a la construcci\u00f3n en Washington de un museo sobre la historia latina en EE.UU.<\/p><p><a class=\"more-link btn\" href=\"https:\/\/lamendigapolitica.com\/?p=77395\">Seguir leyendo<\/a><\/p>\n","protected":false},"author":1,"featured_media":0,"comment_status":"open","ping_status":"closed","sticky":false,"template":"","format":"standard","meta":{"footnotes":""},"categories":[101,97,26,36,45,20,31,99,22,103,41,24],"tags":[],"class_list":["post-77395","post","type-post","status-publish","format-standard","hentry","category-cine","category-comunicacion","category-cultura","category-espectaculos","category-featured","category-gobierno","category-internacional","category-musica","category-sociales","category-teatro","category-tecnologia","category-turismo","item-wrap"],"_links":{"self":[{"href":"https:\/\/lamendigapolitica.com\/index.php?rest_route=\/wp\/v2\/posts\/77395","targetHints":{"allow":["GET"]}}],"collection":[{"href":"https:\/\/lamendigapolitica.com\/index.php?rest_route=\/wp\/v2\/posts"}],"about":[{"href":"https:\/\/lamendigapolitica.com\/index.php?rest_route=\/wp\/v2\/types\/post"}],"author":[{"embeddable":true,"href":"https:\/\/lamendigapolitica.com\/index.php?rest_route=\/wp\/v2\/users\/1"}],"replies":[{"embeddable":true,"href":"https:\/\/lamendigapolitica.com\/index.php?rest_route=%2Fwp%2Fv2%2Fcomments&post=77395"}],"version-history":[{"count":1,"href":"https:\/\/lamendigapolitica.com\/index.php?rest_route=\/wp\/v2\/posts\/77395\/revisions"}],"predecessor-version":[{"id":77397,"href":"https:\/\/lamendigapolitica.com\/index.php?rest_route=\/wp\/v2\/posts\/77395\/revisions\/77397"}],"wp:attachment":[{"href":"https:\/\/lamendigapolitica.com\/index.php?rest_route=%2Fwp%2Fv2%2Fmedia&parent=77395"}],"wp:term":[{"taxonomy":"category","embeddable":true,"href":"https:\/\/lamendigapolitica.com\/index.php?rest_route=%2Fwp%2Fv2%2Fcategories&post=77395"},{"taxonomy":"post_tag","embeddable":true,"href":"https:\/\/lamendigapolitica.com\/index.php?rest_route=%2Fwp%2Fv2%2Ftags&post=77395"}],"curies":[{"name":"wp","href":"https:\/\/api.w.org\/{rel}","templated":true}]}}