{"id":73108,"date":"2022-05-19T23:10:58","date_gmt":"2022-05-20T04:10:58","guid":{"rendered":"http:\/\/lamendigapolitica.com\/?p=73108"},"modified":"2022-05-19T23:10:58","modified_gmt":"2022-05-20T04:10:58","slug":"reactivaran-la-concha-acustica-y-promoveran-la-cerveza-artesanal","status":"publish","type":"post","link":"https:\/\/lamendigapolitica.com\/?p=73108","title":{"rendered":"Reactivar\u00e1n la Concha Ac\u00fastica y promover\u00e1n la cerveza artesanal"},"content":{"rendered":"<p><img loading=\"lazy\" decoding=\"async\" class=\"aligncenter size-full wp-image-73109\" src=\"https:\/\/lamendigapolitica.com\/blog\/wp-content\/uploads\/2022\/05\/20130527_CONCHA_ACUSTICA_P5A1226.jpg\" alt=\"\" width=\"1500\" height=\"1000\" \/><\/p>\n<p>El 9 de julio se llevar\u00e1 a cabo el Conchachela, un evento con muestra de cerveza artesanal, oferta gastron\u00f3mica y un concierto gratuito a cargo de la banda de rock El Tri<\/p>\n<p>Los boletos estar\u00e1n disponibles en las cervecer\u00edas participantes al consumir una cerveza, as\u00ed como en los DIF de Guadalajara y Zapopan al entregar un juguete no b\u00e9lico<\/p>\n<p>En el marco de la Ruta de la Cerveza Artesanal, los gobiernos de Zapopan y Guadalajara, en conjunto con la Asociaci\u00f3n de Cerveceros Artesanales de M\u00e9xico, anunciaron el Conchachela, como parte de la reactivaci\u00f3n del foro tapat\u00edo Concha Ac\u00fastica.<!--more--><\/p>\n<p>Se trata de un evento con muestra de cerveza artesanal, oferta gastron\u00f3mica y un concierto gratuito a cargo de la banda mexicana de rock El Tri, que se llevar\u00e1 a cabo el 9 de julio, de las 13:00 a las 23:59 horas.<\/p>\n<p>Los boletos para el Conchachela estar\u00e1n disponibles a partir del martes 24 de mayo en las instalaciones de las cervecer\u00edas participantes: Minerva, Loba, Cielito Lindo y Fortuna, as\u00ed como en los sistemas DIF de Guadalajara y Zapopan, donde se deber\u00e1 entregar a cambio un juguete no b\u00e9lico que ser\u00e1 otorgado a ni\u00f1as y ni\u00f1os en las pr\u00f3ximas fiestas decembrinas.<\/p>\n<p>El Conchachela, en el que se espera una asistencia aproximada de 10 mil personas, ser\u00e1 el arranque de una serie de eventos que se realizar\u00e1n en la concha ac\u00fastica para reactivar este espacio.<\/p>\n<p>En representaci\u00f3n de las cerveceras participantes, Juan Jos\u00e9 Morales, socio fundador de cervecer\u00eda Fortuna, agradeci\u00f3 el apoyo de los gobiernos municipales y se\u00f1al\u00f3 que estos eventos buscan promover el consumo de la cerveza artesanal y apoyar a las empresas locales.<\/p>\n<p>La ruta de la cerveza artesanal nace como un tributo al esfuerzo, creatividad e innovaci\u00f3n que ponen a diario los productores artesanales locales para enaltecer el orgullo jalisciense y poner en el mapa nacional e internacional a nuestro estado como uno de los mejores productores de cerveza artesanal.<\/p>\n<p>La ruta incluye casas cerveceras, restaurantes y dep\u00f3sitos donde se pueda degustar cerveza artesanal, adem\u00e1s de eventos recreativos y culturales.<\/p>\n","protected":false},"excerpt":{"rendered":"<p>El 9 de julio se llevar\u00e1 a cabo el Conchachela, un evento con muestra de cerveza artesanal, oferta gastron\u00f3mica y un concierto gratuito a cargo de la banda de rock El Tri Los boletos estar\u00e1n disponibles en las cervecer\u00edas participantes al consumir una cerveza, as\u00ed como en los DIF de Guadalajara y Zapopan al entregar &hellip; <\/p>\n<p><a class=\"more-link btn\" href=\"https:\/\/lamendigapolitica.com\/?p=73108\">Seguir leyendo<\/a><\/p>\n","protected":false},"author":1,"featured_media":0,"comment_status":"open","ping_status":"closed","sticky":false,"template":"","format":"standard","meta":{"footnotes":""},"categories":[42,26,36,20,22],"tags":[],"class_list":["post-73108","post","type-post","status-publish","format-standard","hentry","category-clima","category-cultura","category-espectaculos","category-gobierno","category-sociales","item-wrap"],"_links":{"self":[{"href":"https:\/\/lamendigapolitica.com\/index.php?rest_route=\/wp\/v2\/posts\/73108","targetHints":{"allow":["GET"]}}],"collection":[{"href":"https:\/\/lamendigapolitica.com\/index.php?rest_route=\/wp\/v2\/posts"}],"about":[{"href":"https:\/\/lamendigapolitica.com\/index.php?rest_route=\/wp\/v2\/types\/post"}],"author":[{"embeddable":true,"href":"https:\/\/lamendigapolitica.com\/index.php?rest_route=\/wp\/v2\/users\/1"}],"replies":[{"embeddable":true,"href":"https:\/\/lamendigapolitica.com\/index.php?rest_route=%2Fwp%2Fv2%2Fcomments&post=73108"}],"version-history":[{"count":1,"href":"https:\/\/lamendigapolitica.com\/index.php?rest_route=\/wp\/v2\/posts\/73108\/revisions"}],"predecessor-version":[{"id":73110,"href":"https:\/\/lamendigapolitica.com\/index.php?rest_route=\/wp\/v2\/posts\/73108\/revisions\/73110"}],"wp:attachment":[{"href":"https:\/\/lamendigapolitica.com\/index.php?rest_route=%2Fwp%2Fv2%2Fmedia&parent=73108"}],"wp:term":[{"taxonomy":"category","embeddable":true,"href":"https:\/\/lamendigapolitica.com\/index.php?rest_route=%2Fwp%2Fv2%2Fcategories&post=73108"},{"taxonomy":"post_tag","embeddable":true,"href":"https:\/\/lamendigapolitica.com\/index.php?rest_route=%2Fwp%2Fv2%2Ftags&post=73108"}],"curies":[{"name":"wp","href":"https:\/\/api.w.org\/{rel}","templated":true}]}}