{"id":73027,"date":"2022-05-11T21:40:35","date_gmt":"2022-05-12T02:40:35","guid":{"rendered":"http:\/\/lamendigapolitica.com\/?p=73027"},"modified":"2022-05-11T21:40:35","modified_gmt":"2022-05-12T02:40:35","slug":"universidad-univer-recibe-la-estafeta-del-premio-jalisco-de-periodismo-2022","status":"publish","type":"post","link":"https:\/\/lamendigapolitica.com\/?p=73027","title":{"rendered":"Universidad Univer recibe la estafeta del Premio Jalisco de Periodismo 2022"},"content":{"rendered":"<p><img loading=\"lazy\" decoding=\"async\" class=\"aligncenter size-full wp-image-73028\" src=\"https:\/\/lamendigapolitica.com\/blog\/wp-content\/uploads\/2022\/05\/premio.jpg\" alt=\"\" width=\"1093\" height=\"704\" \/><\/p>\n<p>Impulsar\u00e1n la participaci\u00f3n de profesionales de la informaci\u00f3n en este concurso que agrupa a universidades y medios de comunicaci\u00f3n locales<\/p>\n<p>Despu\u00e9s de que la Universidad de Guadalajara (UdeG) fue la encargada de presidir la organizaci\u00f3n el a\u00f1o pasado, este mi\u00e9rcoles se entreg\u00f3 la estafeta a la Universidad Univer para la realizaci\u00f3n del Premio Jalisco de Periodismo (PJP) 2022.<\/p>\n<p>Esto, en una ceremonia realizada en la Sala Jos\u00e9 Guadalupe Zuno del edificio de Rector\u00eda General de la UdeG, donde estuvieron representantes de medios de comunicaci\u00f3n y universidades jaliscienses que integran el Consejo Directivo del PJP.<!--more--><\/p>\n<p>El Vicerrector Ejecutivo, doctor H\u00e9ctor Ra\u00fal Sol\u00eds Gadea, en representaci\u00f3n del Rector General, doctor Ricardo Villanueva Lomel\u00ed, dese\u00f3 el mejor de los \u00e9xitos a la Universidad Univer en los trabajos del premio y habl\u00f3 de la importancia de defender el oficio del periodismo en aras de desarrollar una sociedad m\u00e1s democr\u00e1tica.<\/p>\n<p>\u201cHoy no podemos dejar de resaltar el contexto tan delicado y dif\u00edcil de quienes ejercen esta actividad profesional\u201d, dijo, y record\u00f3 que las violencias que se viven en el pa\u00eds \u201clesionan y lastiman el ejercicio profesional y la dignidad de las y los periodistas\u201d.<\/p>\n<p>\u201cPara nosotros resulta muy importante apoyar estas actividades. Seremos m\u00e1s democr\u00e1ticos y nuestra sociedad ser\u00e1 m\u00e1s libre, justa, equilibrada y consciente en la medida en que tengamos un ejercicio profesional, libre y cr\u00edtico del periodismo\u201d, recalc\u00f3 Sol\u00eds Gadea.<\/p>\n<p>Agradeci\u00f3 la labor del equipo de la Coordinaci\u00f3n General de Comunicaci\u00f3n Social de la UdeG, que ha impulsado el PJP, pero sobre todo a los periodistas que con su labor han creado productos cr\u00edticos y que han participado en esta contienda anual.<\/p>\n<p>\u201cLas y los periodistas hoy son imprescindibles para la configuraci\u00f3n y desarrollo de la conciencia cr\u00edtica\u201d, subray\u00f3 Sol\u00eds Gadea.<\/p>\n<p>El Rector de la Universidad Univer, maestro Jes\u00fas Mart\u00ednez Carbajal, se dijo honrado, en nombre de la comunidad que representa, de asumir la presidencia del PJP.<\/p>\n<p>\u201cEs un gran compromiso asumir la presidencia de este premio, que viene a aportar en un entorno complicado para el periodismo. Necesitamos incentivar que m\u00e1s personas sean cr\u00edticas, que piensen y discutan, y que se puedan aceptar los distintos puntos de vista para llegar a acuerdos\u201d, extern\u00f3.<\/p>\n<p>Reconoci\u00f3 las acciones emprendidas y la coordinaci\u00f3n a cargo de la UdeG, y dijo que \u201cel PJP viene a unificar a las instituciones\u201d.<\/p>\n<p>Mart\u00ednez Carbajal declar\u00f3 que se impulsar\u00e1n al m\u00e1ximo las categor\u00edas de: Noticia, Entrevista, Cr\u00f3nica, Fotoperiodismo, Reportaje, y que se reconocer\u00e1 la trayectoria de un o una periodista con el Premio El Despertador Americano, as\u00ed como a quienes se est\u00e1n formando en las aulas.<\/p>\n<p>\u201cY seguiremos impulsando a los estudiantes para que puedan ser periodistas, para que sean cr\u00edticos, que juzguen; reconocer la realidad y proponer nuevos caminos para solucionar las problem\u00e1ticas que vivimos\u201d, recalc\u00f3.<\/p>\n<p>El Consejo Directivo del PJP lo integran la UdeG, la Universidad Univer, la Universidad Aut\u00f3noma de Guadalajara (UAG), la Universidad Lamar, la Universidad Panamericana (UP), la Universidad del Valle de Atemajac, el Instituto Tecnol\u00f3gico de Estudios Superiores de Occidente (ITESO), Heraldo Radio, UDGTV Canal 44; los peri\u00f3dicos, El Informador, Grupo Milenio, MVS Radio, El Diario NTR Guadalajara, Paralelo 20; adem\u00e1s de Televisa Guadalajara y TV Azteca Jalisco.<\/p>\n","protected":false},"excerpt":{"rendered":"<p>Impulsar\u00e1n la participaci\u00f3n de profesionales de la informaci\u00f3n en este concurso que agrupa a universidades y medios de comunicaci\u00f3n locales Despu\u00e9s de que la Universidad de Guadalajara (UdeG) fue la encargada de presidir la organizaci\u00f3n el a\u00f1o pasado, este mi\u00e9rcoles se entreg\u00f3 la estafeta a la Universidad Univer para la realizaci\u00f3n del Premio Jalisco de &hellip; <\/p>\n<p><a class=\"more-link btn\" href=\"https:\/\/lamendigapolitica.com\/?p=73027\">Seguir leyendo<\/a><\/p>\n","protected":false},"author":1,"featured_media":0,"comment_status":"open","ping_status":"closed","sticky":false,"template":"","format":"standard","meta":{"footnotes":""},"categories":[97,26,28,36,20,22],"tags":[],"class_list":["post-73027","post","type-post","status-publish","format-standard","hentry","category-comunicacion","category-cultura","category-educacion","category-espectaculos","category-gobierno","category-sociales","item-wrap"],"_links":{"self":[{"href":"https:\/\/lamendigapolitica.com\/index.php?rest_route=\/wp\/v2\/posts\/73027","targetHints":{"allow":["GET"]}}],"collection":[{"href":"https:\/\/lamendigapolitica.com\/index.php?rest_route=\/wp\/v2\/posts"}],"about":[{"href":"https:\/\/lamendigapolitica.com\/index.php?rest_route=\/wp\/v2\/types\/post"}],"author":[{"embeddable":true,"href":"https:\/\/lamendigapolitica.com\/index.php?rest_route=\/wp\/v2\/users\/1"}],"replies":[{"embeddable":true,"href":"https:\/\/lamendigapolitica.com\/index.php?rest_route=%2Fwp%2Fv2%2Fcomments&post=73027"}],"version-history":[{"count":1,"href":"https:\/\/lamendigapolitica.com\/index.php?rest_route=\/wp\/v2\/posts\/73027\/revisions"}],"predecessor-version":[{"id":73029,"href":"https:\/\/lamendigapolitica.com\/index.php?rest_route=\/wp\/v2\/posts\/73027\/revisions\/73029"}],"wp:attachment":[{"href":"https:\/\/lamendigapolitica.com\/index.php?rest_route=%2Fwp%2Fv2%2Fmedia&parent=73027"}],"wp:term":[{"taxonomy":"category","embeddable":true,"href":"https:\/\/lamendigapolitica.com\/index.php?rest_route=%2Fwp%2Fv2%2Fcategories&post=73027"},{"taxonomy":"post_tag","embeddable":true,"href":"https:\/\/lamendigapolitica.com\/index.php?rest_route=%2Fwp%2Fv2%2Ftags&post=73027"}],"curies":[{"name":"wp","href":"https:\/\/api.w.org\/{rel}","templated":true}]}}