{"id":73018,"date":"2022-05-11T21:16:55","date_gmt":"2022-05-12T02:16:55","guid":{"rendered":"http:\/\/lamendigapolitica.com\/?p=73018"},"modified":"2022-05-11T21:16:55","modified_gmt":"2022-05-12T02:16:55","slug":"impulsaran-el-talento-filmico-de-jalisco-con-18-mdp-en-apoyos-a-largometrajes-de-animacion-ficcion-y-documental","status":"publish","type":"post","link":"https:\/\/lamendigapolitica.com\/?p=73018","title":{"rendered":"Impulsar\u00e1n el talento f\u00edlmico de Jalisco con 18 mdp en apoyos a largometrajes de animaci\u00f3n, ficci\u00f3n y documental"},"content":{"rendered":"<p><img loading=\"lazy\" decoding=\"async\" class=\"aligncenter size-full wp-image-73019\" src=\"https:\/\/lamendigapolitica.com\/blog\/wp-content\/uploads\/2022\/05\/vestigio.jpg\" alt=\"\" width=\"470\" height=\"340\" srcset=\"https:\/\/lamendigapolitica.com\/wp-content\/uploads\/2022\/05\/vestigio.jpg 470w, https:\/\/lamendigapolitica.com\/wp-content\/uploads\/2022\/05\/vestigio-300x217.jpg 300w\" sizes=\"auto, (max-width: 470px) 100vw, 470px\" \/><br \/>\n-En 2021 Jalisco alberg\u00f3 a m\u00e1s de 250 producciones que dejaron una derrama de m\u00e1s de 480 millones de pesos<br \/>\n-Jalisco participar\u00e1 en el Festival de Cannes con el fin de atraer m\u00e1s producciones internacionales y promocionar las marcas Filma Jalisco y Jalisco es M\u00e9xico<br \/>\n-Jorge Riggen es presentado como nuevo director de Filma Jalisco<\/p>\n<p>La Secretar\u00eda de Turismo (Secturjal), la Agencia Estatal de Entretenimiento de Jalisco y la Direcci\u00f3n Filma Jalisco anunciaron las nuevas acciones en pro del fortalecimiento de la industria de filmaciones del estado.<!--more--><\/p>\n<p>Para incentivar el talento del sector y promover a Jalisco como destino f\u00edlmico y tur\u00edstico, presentaron una bolsa de hasta 18 millones de pesos, a trav\u00e9s de tres convocatorias a largometrajes: Apoyo a la Producci\u00f3n de Largometrajes de Ficci\u00f3n, Documental y Animaci\u00f3n; Apoyo a la Reescritura de Guiones de Series y de Largometrajes de Ficci\u00f3n, y Apoyo a la Postproducci\u00f3n de Corto y de Largometraje.<\/p>\n<p>La primera convocatoria, que abrir\u00e1 a finales de mayo, ser\u00e1 la de Apoyo a la Producci\u00f3n de Largometrajes de Ficci\u00f3n, Documental y Animaci\u00f3n, dirigida a personas f\u00edsicas y morales locales, nacionales e internacionales, para que realicen sus producciones en Jalisco.<\/p>\n<p>Esteban Estrada, director de la Agencia Estatal de Entretenimiento, explic\u00f3 la importancia de esta industria, tan solo en 2021 se alberg\u00f3 a m\u00e1s de 250 producciones que dejaron una derrama de m\u00e1s de 480 millones de pesos en Jalisco, mientras que en los primeros cuatro meses del 2022, se han producido en el estado m\u00e1s de 70 producciones con una derrama econ\u00f3mica de m\u00e1s de 260 millones de pesos, es importante mencionar que el primer cuatrimestre del a\u00f1o siempre es el m\u00e1s bajo y el \u00faltimo cuatrimestre el m\u00e1s fuerte.<\/p>\n<p>Tambi\u00e9n se present\u00f3 formalmente al nuevo director de Filma Jalisco, Jorge Riggen, quien dijo buscar\u00e1 incentivar al empresariado jalisciense para que se beneficien de los est\u00edmulos fiscales y generen una mayor inversi\u00f3n en los proyectos cinematogr\u00e1ficos locales, adem\u00e1s de desarrollar la infraestructura necesaria para las producciones y tener m\u00e1s foros profesionales para el gremio.<\/p>\n<p>Por su parte, la titular de la Secretar\u00eda de Turismo, Claudia Vanessa P\u00e9rez Lamas, dio a conocer que Jalisco estar\u00e1 presente en el Festival de Cannes, Francia, el mercado cinematogr\u00e1fico m\u00e1s grande del mundo, para promover a Jalisco como el representante de M\u00e9xico y de la mexicanidad, as\u00ed como posicionar al estado como el principal destino f\u00edlmico-amigable en Am\u00e9rica Latina.<\/p>\n<p>\u201cTomamos la decisi\u00f3n de participar en el festival m\u00e1s importante para esta industria, que es el Festival de Cannes, y esta decisi\u00f3n la tomamos tambi\u00e9n, porque creo que para todos es conocido que desde la estrategia federal, se han ido modificando los mecanismos para promover al pa\u00eds. (&#8230;) Entonces nos toca y nos dejan a los estados posicionarnos all\u00e1 afuera, como estado, pero tambi\u00e9n llevar en alto el nombre del pa\u00eds, entonces para nosotros es muy importante ir a representar, no s\u00f3lo al estado, pero vamos a representar al pa\u00eds en tema de filmaciones\u201d.<\/p>\n<p>Con esta participaci\u00f3n se pretende atraer m\u00e1s producciones internacionales y promocionar las marcas Filma Jalisco y Jalisco es M\u00e9xico.<\/p>\n<p>Para m\u00e1s informaci\u00f3n y detalles de las fechas de inicio de las convocatorias en el sitio www.filmaenjalisco.com o en el correo electr\u00f3nico info@filmaenjalisco.com<\/p>\n<p>El dato<br \/>\nLa derrama econ\u00f3mica desde el 2019 y a la fecha, en materia de producci\u00f3n audiovisual asciende a m\u00e1s de 1,260 millones de pesos, que en gran medida se concentran en la contrataci\u00f3n de servicios hoteleros, alimenticios y de transporte.<\/p>\n","protected":false},"excerpt":{"rendered":"<p>-En 2021 Jalisco alberg\u00f3 a m\u00e1s de 250 producciones que dejaron una derrama de m\u00e1s de 480 millones de pesos -Jalisco participar\u00e1 en el Festival de Cannes con el fin de atraer m\u00e1s producciones internacionales y promocionar las marcas Filma Jalisco y Jalisco es M\u00e9xico -Jorge Riggen es presentado como nuevo director de Filma Jalisco &hellip; <\/p>\n<p><a class=\"more-link btn\" href=\"https:\/\/lamendigapolitica.com\/?p=73018\">Seguir leyendo<\/a><\/p>\n","protected":false},"author":1,"featured_media":0,"comment_status":"open","ping_status":"closed","sticky":false,"template":"","format":"standard","meta":{"footnotes":""},"categories":[97,26,36,20,31,41],"tags":[],"class_list":["post-73018","post","type-post","status-publish","format-standard","hentry","category-comunicacion","category-cultura","category-espectaculos","category-gobierno","category-internacional","category-tecnologia","item-wrap"],"_links":{"self":[{"href":"https:\/\/lamendigapolitica.com\/index.php?rest_route=\/wp\/v2\/posts\/73018","targetHints":{"allow":["GET"]}}],"collection":[{"href":"https:\/\/lamendigapolitica.com\/index.php?rest_route=\/wp\/v2\/posts"}],"about":[{"href":"https:\/\/lamendigapolitica.com\/index.php?rest_route=\/wp\/v2\/types\/post"}],"author":[{"embeddable":true,"href":"https:\/\/lamendigapolitica.com\/index.php?rest_route=\/wp\/v2\/users\/1"}],"replies":[{"embeddable":true,"href":"https:\/\/lamendigapolitica.com\/index.php?rest_route=%2Fwp%2Fv2%2Fcomments&post=73018"}],"version-history":[{"count":1,"href":"https:\/\/lamendigapolitica.com\/index.php?rest_route=\/wp\/v2\/posts\/73018\/revisions"}],"predecessor-version":[{"id":73020,"href":"https:\/\/lamendigapolitica.com\/index.php?rest_route=\/wp\/v2\/posts\/73018\/revisions\/73020"}],"wp:attachment":[{"href":"https:\/\/lamendigapolitica.com\/index.php?rest_route=%2Fwp%2Fv2%2Fmedia&parent=73018"}],"wp:term":[{"taxonomy":"category","embeddable":true,"href":"https:\/\/lamendigapolitica.com\/index.php?rest_route=%2Fwp%2Fv2%2Fcategories&post=73018"},{"taxonomy":"post_tag","embeddable":true,"href":"https:\/\/lamendigapolitica.com\/index.php?rest_route=%2Fwp%2Fv2%2Ftags&post=73018"}],"curies":[{"name":"wp","href":"https:\/\/api.w.org\/{rel}","templated":true}]}}