{"id":72986,"date":"2022-05-08T22:33:35","date_gmt":"2022-05-09T03:33:35","guid":{"rendered":"http:\/\/lamendigapolitica.com\/?p=72986"},"modified":"2022-05-08T22:33:35","modified_gmt":"2022-05-09T03:33:35","slug":"llega-al-maz-la-exposicion-mujer-de-negro","status":"publish","type":"post","link":"https:\/\/lamendigapolitica.com\/?p=72986","title":{"rendered":"Llega al MAZ la exposici\u00f3n Mujer de Negro"},"content":{"rendered":"<p><img loading=\"lazy\" decoding=\"async\" class=\"aligncenter size-full wp-image-72987\" src=\"https:\/\/lamendigapolitica.com\/blog\/wp-content\/uploads\/2022\/05\/52057455159_1f5760ef79_c.jpg\" alt=\"\" width=\"799\" height=\"533\" \/><\/p>\n<p>La muestra estar\u00e1 abierta al p\u00fablico hasta el 11 de septiembre de este a\u00f1o y podr\u00e1 visitarse en la planta alta del MAZ<\/p>\n<p>El Museo de Arte de Zapopan (MAZ) es sede de la exposici\u00f3n Mujer de Negro, tra\u00edda desde Nueva Galicia, Espa\u00f1a, por el estudio creativo D-due, conformado por Charo Froj\u00e1n y Alfredo Olmedo, quienes crearon distintas piezas de indumentaria inspirados en el medio rural de su localidad, Pontevedra.<\/p>\n<p>La exposici\u00f3n forma parte del Programa de Dise\u00f1o de Moda Contempor\u00e1nea, el cual busca proyectar la relaci\u00f3n cada vez m\u00e1s estrecha del arte contempor\u00e1neo con la moda<\/p>\n<p>Para el Museo de Arte de Zapopan, como museo de arte contempor\u00e1neo, es importante trabajar con diversas l\u00edneas enfocadas en la innovaci\u00f3n y en la generaci\u00f3n de pensamiento aut\u00f3nomo. El programa de exhibici\u00f3n de dise\u00f1o de modas aspira a expandir el espacio para posibilitar nuevas formas de inclusi\u00f3n y empat\u00eda hacia la diversidad.<\/p>\n<p>Acerca de la exposici\u00f3n<\/p>\n<p>Charo Froj\u00e1n y Alfredo Olmedo son el equipo de dise\u00f1o detr\u00e1s de D-due, un estudio creativo que no se limita a la indumentaria. Inspir\u00e1ndose en el medio rural de Galicia, las piezas son un di\u00e1logo entre la profesi\u00f3n de sastre y el entorno f\u00edsico.<\/p>\n<p>En cierta medida, siempre hay una mujer de negro que habita un espacio singular en nuestro imaginario.<\/p>\n<p>En el caso de Galicia, esas mujeres han sido durante generaciones un ente social en s\u00ed mismo. Sobrevivir al var\u00f3n produce el salto identitario que entra\u00f1a vestir del color de los cuervos. Recept\u00e1culos de sabidur\u00eda, guardianas y administradoras de la transmisi\u00f3n oral de todo lo que constituye al pueblo gallego.<\/p>\n<p>Ellas han aceptado el negro para, sacrificando el goce de la abundancia, instituirse como memento homo. Figuras intr\u00ednsecas al entorno rural, figuras cham\u00e1nicas, son una se\u00f1al inequ\u00edvoca de la identidad gallega que acercan a los remotos senderos de la raigambre, donde la alegr\u00eda de vivir camina a la par de la muerte.<\/p>\n<p>Las cualidades crom\u00e1ticas del carb\u00f3n y la ceniza, as\u00ed como su condici\u00f3n de agentes simb\u00f3licos, han sido definitivas a la hora de conceptualizar las alfombras presentadas en una de las salas de la exhibici\u00f3n.<\/p>\n<p>En muchos barrios de Galicia se mantiene a\u00fan viva la tradici\u00f3n vecinal de elaborar en comunidad alfombras de p\u00e9talos de flores sobre el pavimento de la calle para celebrar la festividad del Corpus Christi.<\/p>\n<p>Se trata de un trabajo de precisi\u00f3n en el que, a partir de unas l\u00edneas maestras, se generan gr\u00e1ficos ornamentales muy calculados que dan continuidad a lo ancestral a trav\u00e9s de la forma. El ritual se funde con la pr\u00e1ctica del bordado, un modelo de labor en el que la sensibilidad y el criterio est\u00e9tico de todos aquellos predecesores que han generado conocimiento, son transferidos al mundo por el artesano, capaz de heredarlos, perfeccionarlos y transmitirlos.<\/p>\n<p>La exposici\u00f3n estar\u00e1 abierta al p\u00fablico hasta el 11 de septiembre de este a\u00f1o y podr\u00e1 visitarse en la planta alta del MAZ, ubicado en el Andador 20 de Noviembre #166, en el Centro Hist\u00f3rico de Zapopan. El lugar recibe visitantes de martes a domingo, de 10 de la ma\u00f1ana a 6 de la tarde, y tambi\u00e9n el jueves, de 10 de la ma\u00f1ana a 10 de la noche.<\/p>\n","protected":false},"excerpt":{"rendered":"<p>La muestra estar\u00e1 abierta al p\u00fablico hasta el 11 de septiembre de este a\u00f1o y podr\u00e1 visitarse en la planta alta del MAZ El Museo de Arte de Zapopan (MAZ) es sede de la exposici\u00f3n Mujer de Negro, tra\u00edda desde Nueva Galicia, Espa\u00f1a, por el estudio creativo D-due, conformado por Charo Froj\u00e1n y Alfredo Olmedo, &hellip; <\/p>\n<p><a class=\"more-link btn\" href=\"https:\/\/lamendigapolitica.com\/?p=72986\">Seguir leyendo<\/a><\/p>\n","protected":false},"author":1,"featured_media":0,"comment_status":"open","ping_status":"closed","sticky":false,"template":"","format":"standard","meta":{"footnotes":""},"categories":[97,26,36,20,22,24],"tags":[],"class_list":["post-72986","post","type-post","status-publish","format-standard","hentry","category-comunicacion","category-cultura","category-espectaculos","category-gobierno","category-sociales","category-turismo","item-wrap"],"_links":{"self":[{"href":"https:\/\/lamendigapolitica.com\/index.php?rest_route=\/wp\/v2\/posts\/72986","targetHints":{"allow":["GET"]}}],"collection":[{"href":"https:\/\/lamendigapolitica.com\/index.php?rest_route=\/wp\/v2\/posts"}],"about":[{"href":"https:\/\/lamendigapolitica.com\/index.php?rest_route=\/wp\/v2\/types\/post"}],"author":[{"embeddable":true,"href":"https:\/\/lamendigapolitica.com\/index.php?rest_route=\/wp\/v2\/users\/1"}],"replies":[{"embeddable":true,"href":"https:\/\/lamendigapolitica.com\/index.php?rest_route=%2Fwp%2Fv2%2Fcomments&post=72986"}],"version-history":[{"count":1,"href":"https:\/\/lamendigapolitica.com\/index.php?rest_route=\/wp\/v2\/posts\/72986\/revisions"}],"predecessor-version":[{"id":72988,"href":"https:\/\/lamendigapolitica.com\/index.php?rest_route=\/wp\/v2\/posts\/72986\/revisions\/72988"}],"wp:attachment":[{"href":"https:\/\/lamendigapolitica.com\/index.php?rest_route=%2Fwp%2Fv2%2Fmedia&parent=72986"}],"wp:term":[{"taxonomy":"category","embeddable":true,"href":"https:\/\/lamendigapolitica.com\/index.php?rest_route=%2Fwp%2Fv2%2Fcategories&post=72986"},{"taxonomy":"post_tag","embeddable":true,"href":"https:\/\/lamendigapolitica.com\/index.php?rest_route=%2Fwp%2Fv2%2Ftags&post=72986"}],"curies":[{"name":"wp","href":"https:\/\/api.w.org\/{rel}","templated":true}]}}